{"id":455282,"date":"2025-10-11T15:05:16","date_gmt":"2025-10-11T15:05:16","guid":{"rendered":"https:\/\/www.europesays.com\/fr\/455282\/"},"modified":"2025-10-11T15:05:16","modified_gmt":"2025-10-11T15:05:16","slug":"elite-fondations-recrute-chez-lidl-trek-future-racing-actualite","status":"publish","type":"post","link":"https:\/\/www.europesays.com\/fr\/455282\/","title":{"rendered":"Elite Fondations recrute chez Lidl-Trek Future Racing &#8211; Actualit\u00e9"},"content":{"rendered":"<p style=\"text-align: justify;\">Elite Fondations, qui candidate au statut Continental pour la saison 2026, annonce l\u2019arriv\u00e9e de Nils Aebersold. Le Suisse de 22 ans a pass\u00e9 les deux derni\u00e8res saisons chez Lidl-Trek Future Racing.<\/p>\n<p>Cette ann\u00e9e, Nils Aebersold a termin\u00e9 6e du Championnat de Suisse Espoirs, 9e du Radsportfest M\u00e4rwil (1.2), 14e de l\u2019Orlen Nations Grand Prix (13, 16, 20 et 22e d&rsquo;\u00e9tapes), 16e du Championnat de Suisse \u00c9lites ou encore 19e de la Fl\u00e8che Ardennaise (1.2).<\/p>\n<p>Il est <strong><a href=\"https:\/\/www.directvelo.com\/equipe\/7374\/elite-fondations-cycling-team\" target=\"_blank\" rel=\"noopener\">la quatri\u00e8me recrue de la formation suisse<\/a><\/strong>.<strong>\u00a0<\/strong><\/p>\n<p>Retrouvez tous les transferts de l&rsquo;intersaison 2025-2026\u00a0<a href=\"https:\/\/www.directvelo.com\/mutations\/2026#pro-conti\" target=\"_blank\" rel=\"noopener\">en cliquant ici<\/a>.<strong><br \/><\/strong><\/p>\n","protected":false},"excerpt":{"rendered":"Elite Fondations, qui candidate au statut Continental pour la saison 2026, annonce l\u2019arriv\u00e9e de Nils Aebersold. Le Suisse&hellip;\n","protected":false},"author":2,"featured_media":455283,"comment_status":"","ping_status":"","sticky":false,"template":"","format":"standard","meta":{"footnotes":""},"categories":[1411],"tags":[834,828,836,829,837,827,83,826,824,823,1154,207,814,817,815,816,822,821,832,211,839,1011,27,820,818,819,835,831,830,833,838,60,212,208,825],"class_list":{"0":"post-455282","1":"post","2":"type-post","3":"status-publish","4":"format-standard","5":"has-post-thumbnail","7":"category-cyclisme","8":"tag-attaque","9":"tag-belgique","10":"tag-braquet","11":"tag-bretagne","12":"tag-chute","13":"tag-competition","14":"tag-coupe-de-france","15":"tag-coureur","16":"tag-course-cyclisme","17":"tag-course-cycliste","18":"tag-cycling","19":"tag-cyclisme","20":"tag-direct","21":"tag-direct-velo","22":"tag-directvelo","23":"tag-directvelo-com","24":"tag-epreuve","25":"tag-epreuve-cycliste","26":"tag-federation-francaise-de-cyclisme","27":"tag-ffc","28":"tag-flandres","29":"tag-fr","30":"tag-france","31":"tag-live","32":"tag-live-course","33":"tag-live-epreuve","34":"tag-peloton","35":"tag-radio-peloton","36":"tag-radio-tour","37":"tag-ravitaillement","38":"tag-relance","39":"tag-sports","40":"tag-uci","41":"tag-velo","42":"tag-velos"},"share_on_mastodon":{"url":"https:\/\/pubeurope.com\/@fr\/115356154217795927","error":""},"_links":{"self":[{"href":"https:\/\/www.europesays.com\/fr\/wp-json\/wp\/v2\/posts\/455282","targetHints":{"allow":["GET"]}}],"collection":[{"href":"https:\/\/www.europesays.com\/fr\/wp-json\/wp\/v2\/posts"}],"about":[{"href":"https:\/\/www.europesays.com\/fr\/wp-json\/wp\/v2\/types\/post"}],"author":[{"embeddable":true,"href":"https:\/\/www.europesays.com\/fr\/wp-json\/wp\/v2\/users\/2"}],"replies":[{"embeddable":true,"href":"https:\/\/www.europesays.com\/fr\/wp-json\/wp\/v2\/comments?post=455282"}],"version-history":[{"count":0,"href":"https:\/\/www.europesays.com\/fr\/wp-json\/wp\/v2\/posts\/455282\/revisions"}],"wp:featuredmedia":[{"embeddable":true,"href":"https:\/\/www.europesays.com\/fr\/wp-json\/wp\/v2\/media\/455283"}],"wp:attachment":[{"href":"https:\/\/www.europesays.com\/fr\/wp-json\/wp\/v2\/media?parent=455282"}],"wp:term":[{"taxonomy":"category","embeddable":true,"href":"https:\/\/www.europesays.com\/fr\/wp-json\/wp\/v2\/categories?post=455282"},{"taxonomy":"post_tag","embeddable":true,"href":"https:\/\/www.europesays.com\/fr\/wp-json\/wp\/v2\/tags?post=455282"}],"curies":[{"name":"wp","href":"https:\/\/api.w.org\/{rel}","templated":true}]}}