{"id":455284,"date":"2025-10-11T15:06:12","date_gmt":"2025-10-11T15:06:12","guid":{"rendered":"https:\/\/www.europesays.com\/fr\/455284\/"},"modified":"2025-10-11T15:06:12","modified_gmt":"2025-10-11T15:06:12","slug":"examens-rassurants-pour-kylian-mbappe","status":"publish","type":"post","link":"https:\/\/www.europesays.com\/fr\/455284\/","title":{"rendered":"examens rassurants pour Kylian Mbapp\u00e9"},"content":{"rendered":"<p>Zapping Foot National \u00c0 la 93, le film <\/p>\n<p>Plus de peur que de mal pour les supporters du Real Madrid, apr\u00e8s sortie sur blessure de Kylian Mbapp\u00e9 ce vendredi soir, lors de la victoire de l\u2019\u00c9quipe de France sur l\u2019Azerba\u00efdjan (3-0) comptant pour la troisi\u00e8me journ\u00e9e des \u00e9liminatoires pour la Coupe du monde 2026. Selon des informations de <a href=\"https:\/\/www.marca.com\/futbol\/real-madrid\/2025\/10\/11\/alivio-mbappe-hay-gravedad-semana-viene-estara-grupo.html\" rel=\"nofollow noopener\" target=\"_blank\">Marca<\/a>, que confirment nos confr\u00e8res de L\u2019\u00c9quipe, les examens m\u00e9dicaux r\u00e9alis\u00e9s par le club de la capitale espagnole sont rassurants. Forfait pour le d\u00e9placement en Islande, Kylian Mbapp\u00e9 est d\u00e9j\u00e0 retourn\u00e9 \u00e0 Madrid. Le deuxi\u00e8me meilleur buteur de l\u2019histoire des Bleus devrait s\u2019entra\u00eener normalement avec le reste dessus co\u00e9quipiers et pourra donc disputer le prochain match des Merengues, dimanche contre Getafe au Coliseum \u00e0 21\u00a0heures<\/p>\n<p>Partagez cette info avec vos amis et vos proches en cliquant ici<br \/>Pour r\u00e9sumer<\/p>\n<p>Plus de peur que de mal pour les supporters du Real Madrid, apr\u00e8s sortie sur blessure de Kylian Mbapp\u00e9 ce vendredi soir, lors de la victoire de l\u2019\u00c9quipe de France sur l\u2019Azerba\u00efdjan (3-0) comptant pour la troisi\u00e8me journ\u00e9e des \u00e9liminatoires pour la Coupe du monde 2026.<\/p>\n<p> <img decoding=\"async\" width=\"76\" height=\"76\" loading=\"lazy\" src=\"https:\/\/static.wui.fr\/images_v3\/avatar-footnational.png\" alt=\"Youcef Ghalaza-Boudra\"\/><\/p>\n","protected":false},"excerpt":{"rendered":"Zapping Foot National \u00c0 la 93, le film Plus de peur que de mal pour les supporters du&hellip;\n","protected":false},"author":2,"featured_media":455285,"comment_status":"","ping_status":"","sticky":false,"template":"","format":"standard","meta":{"footnotes":""},"categories":[1410],"tags":[63,1011,27,60],"class_list":{"0":"post-455284","1":"post","2":"type-post","3":"status-publish","4":"format-standard","5":"has-post-thumbnail","7":"category-football","8":"tag-football","9":"tag-fr","10":"tag-france","11":"tag-sports"},"share_on_mastodon":{"url":"https:\/\/pubeurope.com\/@fr\/115356158655987133","error":""},"_links":{"self":[{"href":"https:\/\/www.europesays.com\/fr\/wp-json\/wp\/v2\/posts\/455284","targetHints":{"allow":["GET"]}}],"collection":[{"href":"https:\/\/www.europesays.com\/fr\/wp-json\/wp\/v2\/posts"}],"about":[{"href":"https:\/\/www.europesays.com\/fr\/wp-json\/wp\/v2\/types\/post"}],"author":[{"embeddable":true,"href":"https:\/\/www.europesays.com\/fr\/wp-json\/wp\/v2\/users\/2"}],"replies":[{"embeddable":true,"href":"https:\/\/www.europesays.com\/fr\/wp-json\/wp\/v2\/comments?post=455284"}],"version-history":[{"count":0,"href":"https:\/\/www.europesays.com\/fr\/wp-json\/wp\/v2\/posts\/455284\/revisions"}],"wp:featuredmedia":[{"embeddable":true,"href":"https:\/\/www.europesays.com\/fr\/wp-json\/wp\/v2\/media\/455285"}],"wp:attachment":[{"href":"https:\/\/www.europesays.com\/fr\/wp-json\/wp\/v2\/media?parent=455284"}],"wp:term":[{"taxonomy":"category","embeddable":true,"href":"https:\/\/www.europesays.com\/fr\/wp-json\/wp\/v2\/categories?post=455284"},{"taxonomy":"post_tag","embeddable":true,"href":"https:\/\/www.europesays.com\/fr\/wp-json\/wp\/v2\/tags?post=455284"}],"curies":[{"name":"wp","href":"https:\/\/api.w.org\/{rel}","templated":true}]}}