{"id":45530,"date":"2025-04-23T03:04:13","date_gmt":"2025-04-23T03:04:13","guid":{"rendered":"https:\/\/www.europesays.com\/fr\/45530\/"},"modified":"2025-04-23T03:04:13","modified_gmt":"2025-04-23T03:04:13","slug":"ce-que-prevoit-meteo-france-pour-toulouse-et-loccitanie-mercredi","status":"publish","type":"post","link":"https:\/\/www.europesays.com\/fr\/45530\/","title":{"rendered":"Ce que pr\u00e9voit M\u00e9t\u00e9o France pour Toulouse et l&rsquo;Occitanie, mercredi"},"content":{"rendered":"<p>            Par<br \/>\n        <strong><br \/>\n            <a href=\"https:\/\/actu.fr\/auteur\/laurent-derne\" title=\"Consulter tous les articles de Laurent Derne\" rel=\"nofollow noopener\" target=\"_blank\">Laurent Derne<\/a><br \/>\n        <\/strong><\/p>\n<p>        Publi\u00e9 le<\/p>\n<p>            23 avr. 2025 \u00e0 5h02        <\/p>\n<p>On ne devrait pas beaucoup profiter du soleil sur<a href=\"https:\/\/actu.fr\/toulouse\/\" rel=\"nofollow noopener\" target=\"_blank\"> Toulouse<\/a>, ce mercredi 23 avril 2025. <strong>M\u00e9t\u00e9o France<\/strong> annonce une matin\u00e9e <strong>tr\u00e8s couverte<\/strong>, avec <strong>9\u00b0C a<\/strong>u mercure au lever du jour.<\/p>\n<p>      <img   decoding=\"async\" loading=\"lazy\" src=\"https:\/\/www.europesays.com\/fr\/wp-content\/uploads\/2025\/04\/meteo-toulouse-mercredi-1-960x640.jpg\" alt=\"Le vent soufflera en rafales \u00e0 50 km\/h sur Toulouse, ce mercredi, selon M\u00e9t\u00e9o France\" width=\"960\" height=\"640\"\/><br \/>\n    Le vent soufflera en rafales \u00e0 50 km\/h sur Toulouse, ce mercredi, selon M\u00e9t\u00e9o France (\u00a9Capture M\u00e9t\u00e9o France)<\/p>\n<p class=\" wall-content\">La temp\u00e9rature grimpera \u00e0 <strong>16\u00b0C l\u2019apr\u00e8s-midi<\/strong>, sous un ciel toujours couvert, avec de possibles averses en fin de journ\u00e9e. Le <strong>vent<\/strong> sera pr\u00e9sent <strong>(50 km\/h en rafales)<\/strong> sur la Ville rose.<\/p>\n<p>Et en Occitanie ?<\/p>\n<p class=\" wall-content\">Si la matin\u00e9e sera relativement cl\u00e9mente sur l\u2019<strong>Occitanie<\/strong>, \u00e0 l\u2019exception des d\u00e9partements du nord <strong>(Lot, Aveyron)<\/strong> soumis aux averses, la suite de la journ\u00e9e ne sera pas du m\u00eame tonneau.<\/p>\n<p>      <img   decoding=\"async\" loading=\"lazy\" src=\"https:\/\/www.europesays.com\/fr\/wp-content\/uploads\/2025\/04\/meteo-occitanie-mercredi-1-960x640.jpg\" alt=\"Un mercredi peu folichon sur l'Occitanie\" width=\"960\" height=\"640\"\/><br \/>\n    Un mercredi peu folichon sur l\u2019Occitanie (\u00a9Capture M\u00e9t\u00e9o France)<\/p>\n<p class=\" wall-content\">Au fil des heures, le ciel se couvrira sur la quasi totalit\u00e9 de la r\u00e9gion, avec des <strong>averses<\/strong> pr\u00e9vues sur une majorit\u00e9 des d\u00e9partements. La maximale attendue sera de<strong> 22\u00b0C<\/strong> \u00e0 <strong>N\u00eemes<\/strong> et <strong>Perpignan<\/strong>.<\/p>\n<p>Vid\u00e9os : en ce moment sur Actu<\/p>\n<p class=\" wall-content\">Suivez toute l\u2019actualit\u00e9 de vos villes et m\u00e9dias favoris en vous inscrivant \u00e0 <a href=\"https:\/\/moncompte.actu.fr\" title=\"D\u00e9couvez Mon Actu\" rel=\"nofollow noopener\" data-trk=\"{&quot;cta&quot;:{&quot;action&quot;:&quot;https:\\\/\\\/moncompte.actu.fr&quot;,&quot;category&quot;:&quot;mon compte&quot;,&quot;from&quot;:&quot;article footer&quot;,&quot;name&quot;:&quot;Mon actu&quot;,&quot;type&quot;:&quot;cta&quot;}}\" target=\"_blank\">Mon Actu<\/a>.<\/p>\n","protected":false},"excerpt":{"rendered":"Par Laurent Derne Publi\u00e9 le 23 avr. 2025 \u00e0 5h02 On ne devrait pas beaucoup profiter du soleil&hellip;\n","protected":false},"author":2,"featured_media":45531,"comment_status":"","ping_status":"","sticky":false,"template":"","format":"standard","meta":{"footnotes":""},"categories":[4],"tags":[11,1011,27,2487,2357,12,25],"class_list":{"0":"post-45530","1":"post","2":"type-post","3":"status-publish","4":"format-standard","5":"has-post-thumbnail","7":"category-france","8":"tag-actualites","9":"tag-fr","10":"tag-france","11":"tag-meteo","12":"tag-meteo-france","13":"tag-news","14":"tag-republique-francaise"},"share_on_mastodon":{"url":"https:\/\/pubeurope.com\/@fr\/114385063967676591","error":""},"_links":{"self":[{"href":"https:\/\/www.europesays.com\/fr\/wp-json\/wp\/v2\/posts\/45530","targetHints":{"allow":["GET"]}}],"collection":[{"href":"https:\/\/www.europesays.com\/fr\/wp-json\/wp\/v2\/posts"}],"about":[{"href":"https:\/\/www.europesays.com\/fr\/wp-json\/wp\/v2\/types\/post"}],"author":[{"embeddable":true,"href":"https:\/\/www.europesays.com\/fr\/wp-json\/wp\/v2\/users\/2"}],"replies":[{"embeddable":true,"href":"https:\/\/www.europesays.com\/fr\/wp-json\/wp\/v2\/comments?post=45530"}],"version-history":[{"count":0,"href":"https:\/\/www.europesays.com\/fr\/wp-json\/wp\/v2\/posts\/45530\/revisions"}],"wp:featuredmedia":[{"embeddable":true,"href":"https:\/\/www.europesays.com\/fr\/wp-json\/wp\/v2\/media\/45531"}],"wp:attachment":[{"href":"https:\/\/www.europesays.com\/fr\/wp-json\/wp\/v2\/media?parent=45530"}],"wp:term":[{"taxonomy":"category","embeddable":true,"href":"https:\/\/www.europesays.com\/fr\/wp-json\/wp\/v2\/categories?post=45530"},{"taxonomy":"post_tag","embeddable":true,"href":"https:\/\/www.europesays.com\/fr\/wp-json\/wp\/v2\/tags?post=45530"}],"curies":[{"name":"wp","href":"https:\/\/api.w.org\/{rel}","templated":true}]}}