{"id":455300,"date":"2025-10-11T15:14:11","date_gmt":"2025-10-11T15:14:11","guid":{"rendered":"https:\/\/www.europesays.com\/fr\/455300\/"},"modified":"2025-10-11T15:14:11","modified_gmt":"2025-10-11T15:14:11","slug":"en-direct-section-paloise-aviron-bayonnais-revivez-en-images-la-montee-de-lambiance-au-hameau-avant-le-choc-du-top-14-la-republique-des-pyrenees","status":"publish","type":"post","link":"https:\/\/www.europesays.com\/fr\/455300\/","title":{"rendered":"En direct \u2013 Section Paloise \/ Aviron Bayonnais : revivez en images la mont\u00e9e de l\u2019ambiance au Hameau avant le choc du Top 14 &#8211; La R\u00e9publique des Pyr\u00e9n\u00e9es"},"content":{"rendered":"<ol>\n<li><a href=\"https:\/\/news.google.com\/rss\/articles\/CBMi7gFBVV95cUxQVkpyNUZWZ2lqaFRIWFl1TXZJVVJ0SGZhMjdLMWtjNzY2aEtQdDVlUVVMa0NUUU5XRmZyd2x2NmdnRUJWTG1vaE1aNnJmTjhmVk9BekdPMmExU3R0Y1NyLV9xekJybFg4allzNGQ0RlU2MHdTNGhNWVJydmV5SVJhcEhUdEtPaks2X1VrNFNUMVJqcnhwd2Foa3dJODYwUExNN0FYSTk4di14dVp3QXF6Q0pXMEJMNmJidWZRamMtZUI0ZGdVV1ptdWV4YzNsLXRpOTNEMlg4S3NUdmNzbHBUVkhicVlieUR5WjFmV0Jn?oc=5\" target=\"_blank\" rel=\"nofollow noopener\">En direct \u2013 Section Paloise \/ Aviron Bayonnais : revivez en images la mont\u00e9e de l\u2019ambiance au Hameau avant le choc du Top 14<\/a>&nbsp;&nbsp;La R\u00e9publique des Pyr\u00e9n\u00e9es<\/li>\n<li><a href=\"https:\/\/news.google.com\/rss\/articles\/CBMiugFBVV95cUxQYTI0ckpIZW54UUtFY0U0bTYwdmw2Q1NTQ0xFUGVBWm5WX0xSUWVvekZTWWxVRzZ4ZGZNbndoUDZJcE85VE1BTGlIclBMaW9xUnlCaExVbWROQUo0cVIxQ0xEcFFtUFNLTXFSZ3JTYzFrR3FtWHl2ZmJxY1dFeGdZWW92TW5BbXFiMDBqbFIwYzlMeng2aUVCRHBlb1FQTElKQmFjbjVmQ3hvVVJvN2ZmYWV0eHFMQnUwaFE?oc=5\" target=\"_blank\" rel=\"nofollow noopener\">Top 14 &#8211; Pau leader provisoire suite \u00e0 sa large victoire contre Bayonne<\/a>&nbsp;&nbsp;Rugbyrama<\/li>\n<li><a href=\"https:\/\/news.google.com\/rss\/articles\/CBMirAFBVV95cUxNcUl0Zjh5VHl4UFZhNTJ6N0ZqR1RFdXQ3dG5QRjE2N1Zyb2ZGd1gweG5iRGhaZGFMSzM4dnFXUTdOeFh2czNUbWwwWjl5TGhiRjN5YnM2YV85eDkxNE1MX3ZrT3VkckdNUWdLTFJlYk5rUXAyMEx6OWttRTh1TU4zVkFzd1U0Vmx1ektLUUhDeHhpSEh2b2QtenFNX1h5TUU3QnhZeHJ3X05saW00?oc=5\" target=\"_blank\" rel=\"nofollow noopener\">EN DIRECT &#8211; Top 14 : suivez le multiplex de la 6e journ\u00e9e<\/a>&nbsp;&nbsp;Le Figaro<\/li>\n<li><a href=\"https:\/\/news.google.com\/rss\/articles\/CBMi-wFBVV95cUxQQkF2RG5lcTMyVXFBbU5TY21aUy1MMXN6Q3pCd1VMQ2FGbmMya0tIZ3ZZQ2dsajhQUTd2N2RXTzQwbUx1UzRxcGRKZ1BldmMxdTNiWmFMdzFpd292VnpzVy1VYlhiUzQ5XzdzWjNXdVJGSGZqZWZUX1BmYkdrQlhyUVA3Zmh6N3o2WUlMcTBYUUtFWkotNmtlb0s4VndZa3M3WXo3NlV3MkhYVUduZDVyUFFVbFJ1U1dWT1ZBdkNiQXNiX3BSZEV0Y3g1RV9iWE1JR2k5dl9jOXlQOVpQOWlpOVRsVlZkLUJEWUNlaDN2UzRhNWNaYkR5RVJrWQ?oc=5\" target=\"_blank\" rel=\"nofollow noopener\">Rugby &#8211; Section Paloise &#8211; Aviron Bayonnais : suivez le choc du 64 en direct ce samedi \u00e0 14h30<\/a>&nbsp;&nbsp;La R\u00e9publique des Pyr\u00e9n\u00e9es<\/li>\n<li><a href=\"https:\/\/news.google.com\/rss\/articles\/CBMiywFBVV95cUxQWmpXa1pSTzdKUjRoR2p1NTRab1hhRnBDWmpzN2RQODM5TGNqcjRmRHFfTDBYSkUzVzBteDNBaWw1V2k5MVFaaS01YVFGWWxaWnVEOTV6d1hYdkgzS29vcUJHTlNjLXlPQ3hCWlVtV3lYeHlwVmtqVTJHWTM3bWRpR0c0bUhiaTR1TUpPVnN4MmFTLXhiSjNQUmdhaVhTbzVOSDR4WElUUUsxRHhwdzVwT0xGUFJoejJYQU9XSUhrMkUwbzBzWUU1amthMA?oc=5\" target=\"_blank\" rel=\"nofollow noopener\">Pau s&rsquo;impose avec le bonus face \u00e0 Bayonne et prend provisoirement la t\u00eate du Top 14<\/a>&nbsp;&nbsp;L&rsquo;\u00c9quipe<\/li>\n<\/ol>\n","protected":false},"excerpt":{"rendered":"En direct \u2013 Section Paloise \/ Aviron Bayonnais : revivez en images la mont\u00e9e de l\u2019ambiance au Hameau&hellip;\n","protected":false},"author":2,"featured_media":455301,"comment_status":"","ping_status":"","sticky":false,"template":"","format":"standard","meta":{"footnotes":""},"categories":[9],"tags":[1011,27,60],"class_list":{"0":"post-455300","1":"post","2":"type-post","3":"status-publish","4":"format-standard","5":"has-post-thumbnail","7":"category-sports","8":"tag-fr","9":"tag-france","10":"tag-sports"},"share_on_mastodon":{"url":"https:\/\/pubeurope.com\/@fr\/115356189590180560","error":""},"_links":{"self":[{"href":"https:\/\/www.europesays.com\/fr\/wp-json\/wp\/v2\/posts\/455300","targetHints":{"allow":["GET"]}}],"collection":[{"href":"https:\/\/www.europesays.com\/fr\/wp-json\/wp\/v2\/posts"}],"about":[{"href":"https:\/\/www.europesays.com\/fr\/wp-json\/wp\/v2\/types\/post"}],"author":[{"embeddable":true,"href":"https:\/\/www.europesays.com\/fr\/wp-json\/wp\/v2\/users\/2"}],"replies":[{"embeddable":true,"href":"https:\/\/www.europesays.com\/fr\/wp-json\/wp\/v2\/comments?post=455300"}],"version-history":[{"count":0,"href":"https:\/\/www.europesays.com\/fr\/wp-json\/wp\/v2\/posts\/455300\/revisions"}],"wp:featuredmedia":[{"embeddable":true,"href":"https:\/\/www.europesays.com\/fr\/wp-json\/wp\/v2\/media\/455301"}],"wp:attachment":[{"href":"https:\/\/www.europesays.com\/fr\/wp-json\/wp\/v2\/media?parent=455300"}],"wp:term":[{"taxonomy":"category","embeddable":true,"href":"https:\/\/www.europesays.com\/fr\/wp-json\/wp\/v2\/categories?post=455300"},{"taxonomy":"post_tag","embeddable":true,"href":"https:\/\/www.europesays.com\/fr\/wp-json\/wp\/v2\/tags?post=455300"}],"curies":[{"name":"wp","href":"https:\/\/api.w.org\/{rel}","templated":true}]}}