{"id":455310,"date":"2025-10-11T15:19:10","date_gmt":"2025-10-11T15:19:10","guid":{"rendered":"https:\/\/www.europesays.com\/fr\/455310\/"},"modified":"2025-10-11T15:19:10","modified_gmt":"2025-10-11T15:19:10","slug":"un-spectacle-de-dieudonne-de-nouveau-interrompu-par-les-forces-de-lordre","status":"publish","type":"post","link":"https:\/\/www.europesays.com\/fr\/455310\/","title":{"rendered":"Un spectacle de Dieudonn\u00e9 de nouveau interrompu par les forces de l&rsquo;ordre"},"content":{"rendered":"<p class=\"fig-paragraph\">Un spectacle du pol\u00e9miste multi-condamn\u00e9 Dieudonn\u00e9 M&rsquo;bala M&rsquo;bala, interdit par un arr\u00eat\u00e9 pr\u00e9fectoral, a de nouveau \u00e9t\u00e9 interrompu vendredi soir \u00e0 H\u00e9rin (Nord) par la police, a-t-on appris de sources concordantes, confirmant une information de La Voix du Nord.<\/p>\n<p class=\"fig-paragraph\">Vendredi soir, Dieudonn\u00e9 M&rsquo;bala M&rsquo;bala s&rsquo;est produit en plein air sur le terrain de la brasserie Bonne Bi\u00e8re, \u00e0 H\u00e9rin.<\/p>\n<p>                                    <a class=\"fig-a11y-skip a11y-hidden\" href=\"#fig-a11y-skip-main-inarticle\"><br \/>\n        Passer la publicit\u00e9<br \/>\n    <\/a><\/p>\n<p class=\"fig-paragraph\">\u00abIl a jou\u00e9 son spectacle \u00e0 19h et les policiers sont intervenus vers 19h 45. Ils lui ont demand\u00e9 d&rsquo;interrompre la repr\u00e9sentation, ce qu&rsquo;il a fait\u00bb, a t\u00e9moign\u00e9 aupr\u00e8s de l&rsquo;AFP Andr\u00e9 Sauveni\u00e8re, directeur de la brasserie. \u00abNous avions convenu qu&rsquo;il ne s&rsquo;agirait pas d&rsquo;un spectacle pol\u00e9mique et c&rsquo;\u00e9tait effectivement le cas, il devait jouer d&rsquo;anciens sketchs. Je ne comprends pas la r\u00e9action des autorit\u00e9s\u00bb, a-t-il ajout\u00e9.<\/p>\n<p class=\"fig-paragraph\">La pr\u00e9fecture du Nord a confirm\u00e9 \u00e0 l&rsquo;AFP que la police \u00e9tait intervenue pour faire appliquer l&rsquo;arr\u00eat\u00e9 d&rsquo;interdiction pris le 9 octobre\u00a0: \u00abSuite \u00e0 un recours introduit par l&rsquo;organisateur, le tribunal administratif de Lille a valid\u00e9 l&rsquo;arr\u00eat\u00e9\u00bb, a-t-elle pr\u00e9cis\u00e9. Cet arr\u00eat\u00e9, consult\u00e9 par l&rsquo;AFP, rappelle que Dieudonn\u00e9 a \u00e9t\u00e9 plusieurs fois condamn\u00e9 pour ses propos.<\/p>\n<p class=\"fig-paragraph\">La pr\u00e9fecture souligne que l&rsquo;int\u00e9ress\u00e9 tient de mani\u00e8re \u00abr\u00e9currente\u00bb au cours de ses repr\u00e9sentations des \u00abpropos graves et outrageants, antis\u00e9mites, diffamatoires et conspirationnistes\u00bb, susceptibles de troubler l&rsquo;ordre public.<\/p>\n<p class=\"fig-paragraph\">Selon l&rsquo;arr\u00eat\u00e9, ces propos peuvent participer \u00ab\u00e0 la radicalisation d&rsquo;une partie de la population dans un contexte de recrudescence d&rsquo;actes antis\u00e9mites \u00e0 la suite de l&rsquo;attaque terroriste perp\u00e9tr\u00e9 par le Hamas le 7 octobre 2023\u00bb.<\/p>\n<p class=\"fig-paragraph\">\u00abNouvelle interpellation sur sc\u00e8ne hier\u00bb pr\u00e8s de Valenciennes, \u00abje me suis vu signifier une interdiction g\u00e9n\u00e9rale de toute forme d&rsquo;expression dans le d\u00e9partement du Nord\u00bb, a r\u00e9agi Dieudonn\u00e9 M&rsquo;bala M&rsquo;bala sur le r\u00e9seau social X.<\/p>\n<p>                                    <a class=\"fig-a11y-skip a11y-hidden\" href=\"#fig-a11y-skip-main-inarticle_mtf\"><br \/>\n        Passer la publicit\u00e9<br \/>\n    <\/a><\/p>\n<p class=\"fig-paragraph\">En juillet, son spectacle avait d\u00e9j\u00e0 \u00e9t\u00e9 interrompu \u00e0 Lestrem (Pas-de-Calais) par les gendarmes, qui lui avaient notifi\u00e9 sur place un arr\u00eat\u00e9 pr\u00e9fectoral interdisant la repr\u00e9sentation.<\/p>\n","protected":false},"excerpt":{"rendered":"Un spectacle du pol\u00e9miste multi-condamn\u00e9 Dieudonn\u00e9 M&rsquo;bala M&rsquo;bala, interdit par un arr\u00eat\u00e9 pr\u00e9fectoral, a de nouveau \u00e9t\u00e9 interrompu&hellip;\n","protected":false},"author":2,"featured_media":455311,"comment_status":"","ping_status":"","sticky":false,"template":"","format":"standard","meta":{"footnotes":""},"categories":[4],"tags":[1111,47,11,1109,1112,118,1108,107,1106,1107,1011,27,1110,1114,14,12,1113,316,25],"class_list":{"0":"post-455310","1":"post","2":"type-post","3":"status-publish","4":"format-standard","5":"has-post-thumbnail","7":"category-france","8":"tag-actu","9":"tag-actualite","10":"tag-actualites","11":"tag-breves","12":"tag-depeches","13":"tag-faits-divers","14":"tag-fil","15":"tag-fil-info","16":"tag-flash","17":"tag-flash-actu","18":"tag-fr","19":"tag-france","20":"tag-informations","21":"tag-infos","22":"tag-international","23":"tag-news","24":"tag-nouvelles","25":"tag-politique","26":"tag-republique-francaise"},"share_on_mastodon":{"url":"https:\/\/pubeurope.com\/@fr\/115356209333930768","error":""},"_links":{"self":[{"href":"https:\/\/www.europesays.com\/fr\/wp-json\/wp\/v2\/posts\/455310","targetHints":{"allow":["GET"]}}],"collection":[{"href":"https:\/\/www.europesays.com\/fr\/wp-json\/wp\/v2\/posts"}],"about":[{"href":"https:\/\/www.europesays.com\/fr\/wp-json\/wp\/v2\/types\/post"}],"author":[{"embeddable":true,"href":"https:\/\/www.europesays.com\/fr\/wp-json\/wp\/v2\/users\/2"}],"replies":[{"embeddable":true,"href":"https:\/\/www.europesays.com\/fr\/wp-json\/wp\/v2\/comments?post=455310"}],"version-history":[{"count":0,"href":"https:\/\/www.europesays.com\/fr\/wp-json\/wp\/v2\/posts\/455310\/revisions"}],"wp:featuredmedia":[{"embeddable":true,"href":"https:\/\/www.europesays.com\/fr\/wp-json\/wp\/v2\/media\/455311"}],"wp:attachment":[{"href":"https:\/\/www.europesays.com\/fr\/wp-json\/wp\/v2\/media?parent=455310"}],"wp:term":[{"taxonomy":"category","embeddable":true,"href":"https:\/\/www.europesays.com\/fr\/wp-json\/wp\/v2\/categories?post=455310"},{"taxonomy":"post_tag","embeddable":true,"href":"https:\/\/www.europesays.com\/fr\/wp-json\/wp\/v2\/tags?post=455310"}],"curies":[{"name":"wp","href":"https:\/\/api.w.org\/{rel}","templated":true}]}}