{"id":455316,"date":"2025-10-11T15:22:26","date_gmt":"2025-10-11T15:22:26","guid":{"rendered":"https:\/\/www.europesays.com\/fr\/455316\/"},"modified":"2025-10-11T15:22:26","modified_gmt":"2025-10-11T15:22:26","slug":"saint-etienne-elle-conduit-a-112-km-h-au-lieu-de-50-en-ville-sa-voiture-est-saisie","status":"publish","type":"post","link":"https:\/\/www.europesays.com\/fr\/455316\/","title":{"rendered":"Saint-\u00c9tienne. Elle conduit \u00e0 112\u00a0km\/h au lieu de 50 en ville : sa voiture est saisie"},"content":{"rendered":"<p>Vendredi apr\u00e8s-midi, lors d\u2019un contr\u00f4le de vitesse boulevard Georges-Pompidou, \u00e0 proximit\u00e9 du coll\u00e8ge Marc-Seguin (dans le quartier de Montreynaud), une automobiliste a \u00e9t\u00e9 contr\u00f4l\u00e9 \u00e0 112\u00a0km\/h alors que la vitesse est limit\u00e9e \u00e0 50.<\/p>\n<p>Arr\u00eat\u00e9e par les motards de la police nationale, la jeune femme de 35 ans s\u2019est vue retirer son permis de conduire sur le champ. Elle devra aussi s\u2019acquitter d\u2019une amende sal\u00e9e puisque la loi pr\u00e9voit 1500 euros pour les exc\u00e8s de vitesse de plus de 50 km\/h (3750 euros en cas de r\u00e9cidive).<\/p>\n<p>Plus grave, cette infraction a pour cons\u00e9quence la confiscation du v\u00e9hicule. La Mini Cooper de la conductrice a donc fini \u00e0 la fourri\u00e8re&#8230; Elle pourra la r\u00e9cup\u00e9rer apr\u00e8s \u00eatre pass\u00e9e devant le tribunal.<\/p>\n","protected":false},"excerpt":{"rendered":"Vendredi apr\u00e8s-midi, lors d\u2019un contr\u00f4le de vitesse boulevard Georges-Pompidou, \u00e0 proximit\u00e9 du coll\u00e8ge Marc-Seguin (dans le quartier de&hellip;\n","protected":false},"author":2,"featured_media":455317,"comment_status":"","ping_status":"","sticky":false,"template":"","format":"standard","meta":{"footnotes":""},"categories":[9653],"tags":[1111,11,2430,271,272,7539,1777,674,274,1011,27,3367,12,25,4001,7538],"class_list":{"0":"post-455316","1":"post","2":"type-post","3":"status-publish","4":"format-standard","5":"has-post-thumbnail","7":"category-saint-etienne","8":"tag-actu","9":"tag-actualites","10":"tag-auvergne-rhone-alpes","11":"tag-crime","12":"tag-delit-et-contravention","13":"tag-edition-loire-sud","14":"tag-eu","15":"tag-europe","16":"tag-faits-divers-justice","17":"tag-fr","18":"tag-france","19":"tag-loire","20":"tag-news","21":"tag-republique-francaise","22":"tag-saint-etienne","23":"tag-saint-etienne-ville"},"share_on_mastodon":{"url":"https:\/\/pubeurope.com\/@fr\/115356221068911291","error":""},"_links":{"self":[{"href":"https:\/\/www.europesays.com\/fr\/wp-json\/wp\/v2\/posts\/455316","targetHints":{"allow":["GET"]}}],"collection":[{"href":"https:\/\/www.europesays.com\/fr\/wp-json\/wp\/v2\/posts"}],"about":[{"href":"https:\/\/www.europesays.com\/fr\/wp-json\/wp\/v2\/types\/post"}],"author":[{"embeddable":true,"href":"https:\/\/www.europesays.com\/fr\/wp-json\/wp\/v2\/users\/2"}],"replies":[{"embeddable":true,"href":"https:\/\/www.europesays.com\/fr\/wp-json\/wp\/v2\/comments?post=455316"}],"version-history":[{"count":0,"href":"https:\/\/www.europesays.com\/fr\/wp-json\/wp\/v2\/posts\/455316\/revisions"}],"wp:featuredmedia":[{"embeddable":true,"href":"https:\/\/www.europesays.com\/fr\/wp-json\/wp\/v2\/media\/455317"}],"wp:attachment":[{"href":"https:\/\/www.europesays.com\/fr\/wp-json\/wp\/v2\/media?parent=455316"}],"wp:term":[{"taxonomy":"category","embeddable":true,"href":"https:\/\/www.europesays.com\/fr\/wp-json\/wp\/v2\/categories?post=455316"},{"taxonomy":"post_tag","embeddable":true,"href":"https:\/\/www.europesays.com\/fr\/wp-json\/wp\/v2\/tags?post=455316"}],"curies":[{"name":"wp","href":"https:\/\/api.w.org\/{rel}","templated":true}]}}