{"id":455327,"date":"2025-10-11T15:29:11","date_gmt":"2025-10-11T15:29:11","guid":{"rendered":"https:\/\/www.europesays.com\/fr\/455327\/"},"modified":"2025-10-11T15:29:11","modified_gmt":"2025-10-11T15:29:11","slug":"reamenagements-expo-inedite-espace-de-conservation-les-nouveautes-a-venir-dans-les-musees-de-rouen","status":"publish","type":"post","link":"https:\/\/www.europesays.com\/fr\/455327\/","title":{"rendered":"R\u00e9am\u00e9nagements, expo in\u00e9dite, espace de conservation&#8230; Les nouveaut\u00e9s \u00e0 venir dans les mus\u00e9es de Rouen"},"content":{"rendered":"<p>            Par<br \/>\n        <strong><br \/>\n            <a href=\"https:\/\/actu.fr\/auteur\/fmass\" title=\"Consulter tous les articles de Fabien Massin\" target=\"_blank\" rel=\"noopener\">Fabien Massin<\/a><br \/>\n        <\/strong><\/p>\n<p>        Publi\u00e9 le<\/p>\n<p>            11 oct. 2025 \u00e0 17h10        <\/p>\n<p>L\u2019agglo de <a href=\"https:\/\/actu.fr\/normandie\/rouen_76540\" target=\"_blank\" rel=\"noopener\">Rouen (Seine-Maritime)<\/a> poss\u00e8de un riche tissu de mus\u00e9es, dont 11* sont rassembl\u00e9s dans la<strong> R\u00e9union des mus\u00e9es m\u00e9tropolitains (RMM)<\/strong>. Petit tour d\u2019horizon des chantiers, projets en cours et nouveaut\u00e9s \u00e0 venir au cours des prochaines ann\u00e9es, guid\u00e9 par le directeur de la structure cr\u00e9\u00e9e en 2016, Robert Blaizeau.\u00a0<\/p>\n<p>\u2022 Futur mus\u00e9e Beauvoisine<\/p>\n<p class=\" wall-content\">Vaste projet qui verra la fusion du mus\u00e9e des Antiquit\u00e9s et du mus\u00e9um d\u2019histoire naturelle. \u00ab\u00a0Les travaux d\u00e9buteront d\u2019ici d\u00e9but 2027 et dureront deux-trois ans, indique le directeur des mus\u00e9es. Les collections seront r\u00e9unies pour ne former qu\u2019un seul mus\u00e9e. Dans le nouveau parcours, <strong>qui sera globalement chronologique<\/strong>, il s\u2019agira de raconter le territoire rouennais, en d\u00e9cloisonnant les disciplines.\u00a0\u00bb<\/p>\n<p class=\" wall-content\">Le parcours partira du haut du b\u00e2timent du XVIIe si\u00e8cle, offrant une vue sur la ville, puis redescendra, salle apr\u00e8s salle.<strong> \u00ab\u00a0Il y aura 40 % de surface en plus \u00e0 visiter\u00a0\u00bb<\/strong>, souligne Robert Blaizeau. Dans la cour de l\u2019actuel mus\u00e9e des Antiquit\u00e9s, une verri\u00e8re sera am\u00e9nag\u00e9e.\u00a0<\/p>\n<p>\u2022 Maisons Corneille<\/p>\n<p class=\" wall-content\">La maison natale de Pierre Corneille, rue de la Pie (derri\u00e8re la place du Vieux-March\u00e9), lieux m\u00e9connu de Rouen, est actuellement ferm\u00e9e pour travaux. Son parcours va \u00eatre r\u00e9am\u00e9nag\u00e9, et <strong>repens\u00e9 en vue de former un ensemble coh\u00e9rent et compl\u00e9mentaire <\/strong>avec l\u2019autre maison Corneille, celle dite des champs, \u00e0 Petit-Couronne.\u00a0<\/p>\n<p>\u2022 Mus\u00e9e Flaubert et d\u2019histoire de la m\u00e9decine<\/p>\n<p class=\" wall-content\">\u00c9tonnant mus\u00e9e qui associe la vie de Gustave Flaubert, dans ce sa maison natale, et des collections d\u2019instruments de m\u00e9decine anciens. Les collections m\u00e9dicales pr\u00e9sent\u00e9es actuellement au rez-de-chauss\u00e9e<strong> seront d\u00e9plac\u00e9e \u00e0 l\u2019\u00e9tage<\/strong>. Les expositions temporaires seront ainsi organis\u00e9es au rez-de-chauss\u00e9e, par souci pratique et d\u2019accessibilit\u00e9.\u00a0<\/p>\n<p>\u2022 Pavillon Flaubert<\/p>\n<p class=\" wall-content\">C\u2019est tout ce qui reste de la maison situ\u00e9e en bord de Seine, \u00e0 Croisset, <a href=\"https:\/\/actu.fr\/normandie\/rouen_76540\/rouen-flaubert-aurait-eu-200-ans-quels-sont-les-lieux-emblematiques-qui-lui-sont-rattaches_47121498.html\" target=\"_blank\" rel=\"noopener\">o\u00f9 Flaubert a v\u00e9cu de l\u2019\u00e2ge de 25 ans \u00e0 sa mort<\/a> et o\u00f9 il a \u00e9crit toute son \u0153uvre publi\u00e9e. Bient\u00f4t le pavillon accueillera une premi\u00e8re exposition temporaire,<strong> de photos prises par Emile Zola<\/strong>, qui avait rendu visite \u00e0 l\u2019\u00e9poque \u00e0 Gustave Flaubert. Par ailleurs, le jardin va \u00eatre \u00e9quip\u00e9 en vue de devenir un point d\u2019accueil v\u00e9lo, et des transats seront install\u00e9s, l\u2019id\u00e9e \u00e9tant de faire de ce jardin un lieu o\u00f9 l\u2019on se pose aux beaux jours.\u00a0<\/p>\n<p>\u2022 Centre de conservation\u00a0<\/p>\n<p class=\" wall-content\">La R\u00e9union des mus\u00e9es m\u00e9tropolitains a un projet d\u2019am\u00e9nagement d\u2019un <strong>centre de conservation et de restauration \u00e0 D\u00e9ville-l\u00e8s-Rouen<\/strong>, <a href=\"https:\/\/actu.fr\/normandie\/deville-les-rouen_76216\/pres-de-500-000-oeuvres-seront-conservees-dans-ce-futur-centre-a-8-millions-pres-de-rouen_62120925.html\" target=\"_blank\" rel=\"noopener\">qui accueillera des collections de diff\u00e9rents mus\u00e9es de l\u2019agglo<\/a> (corderie Vallois, beaux-arts, Beauvoisine\u2026). Des racks et \u00e9tag\u00e8res vont progressivement \u00eatre install\u00e9s en 2026 en vue d\u2019un stockage des \u0153uvres \u00e0 partir de 2027.<\/p>\n<p>Votre r\u00e9gion, votre actu !<\/p>\n<p>Recevez chaque jour les infos qui comptent pour vous.<\/p>\n<p>\t<a href=\"https:\/\/actu.fr\/newsletter\" class=\"ac-btn ac-btn--corner ac-btn--medium ac-btn--blue800\" target=\"_blank\" rel=\"noopener\">S&rsquo;incrire<\/a><\/p>\n<p class=\" wall-content\">*mus\u00e9e des beaux-arts, mus\u00e9e de la c\u00e9ramique, mus\u00e9e Le Secq des Tournelles, mus\u00e9e des Antiquit\u00e9s, mus\u00e9um d\u2019histoire naturelle, mus\u00e9e de la corderie Vallois, Fabrique des savoirs \u00e0 Elbeuf, mus\u00e9e Flaubert et d\u2019histoire de la m\u00e9decine, Pavillon Flaubert, maison natale de Pierre Corneille, maison des champs de Pierre Corneille.\u00a0<\/p>\n<p>Suivez l\u2019actualit\u00e9 de Rouen sur notre <a href=\"https:\/\/www.whatsapp.com\/channel\/0029VaKfnf99hXF2ddApFB1D\" target=\"_blank\" rel=\"noopener\">cha\u00eene WhatsApp<\/a> et sur notre <a href=\"https:\/\/www.tiktok.com\/@76actu.fr?lang=fr\" target=\"_blank\" rel=\"noopener\">compte TikTok<\/a><\/p>\n<p class=\" wall-content\">Personnalisez votre actualit\u00e9 en ajoutant vos villes et m\u00e9dias en favori avec <a href=\"https:\/\/moncompte.actu.fr\" title=\"D\u00e9couvez Mon Actu\" rel=\"nofollow noopener\" data-trk=\"{&quot;cta&quot;:{&quot;action&quot;:&quot;https:\\\/\\\/moncompte.actu.fr&quot;,&quot;category&quot;:&quot;mon compte&quot;,&quot;from&quot;:&quot;article footer&quot;,&quot;name&quot;:&quot;Mon actu&quot;,&quot;type&quot;:&quot;cta&quot;}}\" target=\"_blank\">Mon Actu<\/a>.<\/p>\n<p>                    <script async src=\"\/\/www.tiktok.com\/embed.js\"><\/script><\/p>\n","protected":false},"excerpt":{"rendered":"Par Fabien Massin Publi\u00e9 le 11 oct. 2025 \u00e0 17h10 L\u2019agglo de Rouen (Seine-Maritime) poss\u00e8de un riche tissu&hellip;\n","protected":false},"author":2,"featured_media":455328,"comment_status":"","ping_status":"","sticky":false,"template":"","format":"standard","meta":{"footnotes":""},"categories":[9587],"tags":[1111,11,9086,1777,674,1011,27,1652,9725,12,5161,25,9590,40462],"class_list":{"0":"post-455327","1":"post","2":"type-post","3":"status-publish","4":"format-standard","5":"has-post-thumbnail","7":"category-rouen","8":"tag-actu","9":"tag-actualites","10":"tag-bon-plan-a-rouen","11":"tag-eu","12":"tag-europe","13":"tag-fr","14":"tag-france","15":"tag-loisirs-culture","16":"tag-metropole-rouen","17":"tag-news","18":"tag-normandie","19":"tag-republique-francaise","20":"tag-rouen","21":"tag-rouen-flaubert"},"share_on_mastodon":{"url":"https:\/\/pubeurope.com\/@fr\/115356248587754355","error":""},"_links":{"self":[{"href":"https:\/\/www.europesays.com\/fr\/wp-json\/wp\/v2\/posts\/455327","targetHints":{"allow":["GET"]}}],"collection":[{"href":"https:\/\/www.europesays.com\/fr\/wp-json\/wp\/v2\/posts"}],"about":[{"href":"https:\/\/www.europesays.com\/fr\/wp-json\/wp\/v2\/types\/post"}],"author":[{"embeddable":true,"href":"https:\/\/www.europesays.com\/fr\/wp-json\/wp\/v2\/users\/2"}],"replies":[{"embeddable":true,"href":"https:\/\/www.europesays.com\/fr\/wp-json\/wp\/v2\/comments?post=455327"}],"version-history":[{"count":0,"href":"https:\/\/www.europesays.com\/fr\/wp-json\/wp\/v2\/posts\/455327\/revisions"}],"wp:featuredmedia":[{"embeddable":true,"href":"https:\/\/www.europesays.com\/fr\/wp-json\/wp\/v2\/media\/455328"}],"wp:attachment":[{"href":"https:\/\/www.europesays.com\/fr\/wp-json\/wp\/v2\/media?parent=455327"}],"wp:term":[{"taxonomy":"category","embeddable":true,"href":"https:\/\/www.europesays.com\/fr\/wp-json\/wp\/v2\/categories?post=455327"},{"taxonomy":"post_tag","embeddable":true,"href":"https:\/\/www.europesays.com\/fr\/wp-json\/wp\/v2\/tags?post=455327"}],"curies":[{"name":"wp","href":"https:\/\/api.w.org\/{rel}","templated":true}]}}