{"id":455332,"date":"2025-10-11T15:34:30","date_gmt":"2025-10-11T15:34:30","guid":{"rendered":"https:\/\/www.europesays.com\/fr\/455332\/"},"modified":"2025-10-11T15:34:30","modified_gmt":"2025-10-11T15:34:30","slug":"une-souscription-lancee-pour-restaurer-le-piano-dun-compositeur-francais-du-xxe-siecle","status":"publish","type":"post","link":"https:\/\/www.europesays.com\/fr\/455332\/","title":{"rendered":"Une souscription lanc\u00e9e pour restaurer le piano d\u2019un compositeur fran\u00e7ais du XXe\u00a0si\u00e8cle"},"content":{"rendered":"<p>Les biographes de Samson Fran\u00e7ois, pianiste et compositeur fran\u00e7ais sp\u00e9cialiste du r\u00e9pertoire romantique, ont lanc\u00e9 une souscription pour restaurer son piano centenaire, rapporte  <a href=\"https:\/\/www.leparisien.fr\/hauts-de-seine-92\/neuilly-une-souscription-pour-sauver-le-piano-de-samson-francois-compositeur-francais-tombe-dans-loubli-10-10-2025-TZXAPZOFGVGBNFPMQWYU5FGV54.php\" target=\"_blank\" rel=\"noopener\">Le Parisien<\/a> . 8\u00a0300\u00a0\u20ac sont n\u00e9cessaires. La souscription est accessible sur le site <a href=\"https:\/\/www.samson-francois.com\/\" target=\"_blank\" rel=\"noopener\">www.samson-francois.com<\/a><\/p>\n<p>Fr\u00e9d\u00e9ric Demoulin, l\u2019un des deux biographes du compositeur\u00a0avec Anne-May Bendien, a retrouv\u00e9 l\u2019instrument en mai dernier. <strong>\u00ab\u00a0J\u2019ai \u00e9t\u00e9 appel\u00e9 par une dame qui habite Tours (Indre-et-Loire), qui avait d\u00e9couvert mon travail via notre site internet\u00a0\u00bb<\/strong>, explique-t-il au quotidien francilien. Une fois sur place, il a pu confirmer qu\u2019il s\u2019agissait du piano de Samson Fran\u00e7ois, <strong>\u00ab\u00a0certes fatigu\u00e9 mais toujours magnifique\u00a0\u00bb<\/strong>.\u00a0<\/p>\n<p>Un Pleyel de 1904<\/p>\n<p>Ce piano est un Pleyel quart de queue en noyer datant de 1904.\u00a0L\u2019instrument\u00a0a \u00e9t\u00e9 confi\u00e9 aux ateliers Dumas, dans le Vexin.\u00a0<\/p>\n<p>Samson Fran\u00e7ois, prodige du piano itin\u00e9rant,\u00a0avait \u00e9t\u00e9 recueilli avec sa m\u00e8re juste avant la Seconde Guerre mondiale\u00a0par la famille Jacoupy, propri\u00e9taire d\u2019un h\u00f4tel particulier \u00e0 Neuilly-sur-Seine. Il a ainsi v\u00e9cu une partie de son enfance et de son adolescence dans les Hauts-de-Seine.<\/p>\n<p>Le musicien\u00a0a toujours gard\u00e9 un lien avec cette famille par la suite.\u00a0<strong>\u00ab\u00a0Lorsqu\u2019il rendait visite aux Jacoupy, Samson rejouait sur le piano de son enfance et de son adolescence. En mars\u00a01964, il grava sa signature sur le cadre\u00a0\u00bb<\/strong>, peut-on lire sur la page d\u00e9di\u00e9e \u00e0 souscription. La\u00a0restauration de ce piano d\u2019exception\u00a0est\u00a0\u00e9galement l\u2019occasion de mettre\u00a0en avant un artiste m\u00e9connu du grand public.<\/p>\n<p>\u00a0<\/p>\n","protected":false},"excerpt":{"rendered":"Les biographes de Samson Fran\u00e7ois, pianiste et compositeur fran\u00e7ais sp\u00e9cialiste du r\u00e9pertoire romantique, ont lanc\u00e9 une souscription pour&hellip;\n","protected":false},"author":2,"featured_media":455333,"comment_status":"","ping_status":"","sticky":false,"template":"","format":"standard","meta":{"footnotes":""},"categories":[2821],"tags":[1111,11,829,20683,1777,674,1011,3844,27,9957,12,5176,584,25,21850,13063,58068,58069],"class_list":{"0":"post-455332","1":"post","2":"type-post","3":"status-publish","4":"format-standard","5":"has-post-thumbnail","7":"category-rennes","8":"tag-actu","9":"tag-actualites","10":"tag-bretagne","11":"tag-compositeur","12":"tag-eu","13":"tag-europe","14":"tag-fr","15":"tag-francais","16":"tag-france","17":"tag-lancee","18":"tag-news","19":"tag-piano","20":"tag-rennes","21":"tag-republique-francaise","22":"tag-restaurer","23":"tag-siecle","24":"tag-souscription","25":"tag-xxe"},"share_on_mastodon":{"url":"https:\/\/pubeurope.com\/@fr\/115356268285828193","error":""},"_links":{"self":[{"href":"https:\/\/www.europesays.com\/fr\/wp-json\/wp\/v2\/posts\/455332","targetHints":{"allow":["GET"]}}],"collection":[{"href":"https:\/\/www.europesays.com\/fr\/wp-json\/wp\/v2\/posts"}],"about":[{"href":"https:\/\/www.europesays.com\/fr\/wp-json\/wp\/v2\/types\/post"}],"author":[{"embeddable":true,"href":"https:\/\/www.europesays.com\/fr\/wp-json\/wp\/v2\/users\/2"}],"replies":[{"embeddable":true,"href":"https:\/\/www.europesays.com\/fr\/wp-json\/wp\/v2\/comments?post=455332"}],"version-history":[{"count":0,"href":"https:\/\/www.europesays.com\/fr\/wp-json\/wp\/v2\/posts\/455332\/revisions"}],"wp:featuredmedia":[{"embeddable":true,"href":"https:\/\/www.europesays.com\/fr\/wp-json\/wp\/v2\/media\/455333"}],"wp:attachment":[{"href":"https:\/\/www.europesays.com\/fr\/wp-json\/wp\/v2\/media?parent=455332"}],"wp:term":[{"taxonomy":"category","embeddable":true,"href":"https:\/\/www.europesays.com\/fr\/wp-json\/wp\/v2\/categories?post=455332"},{"taxonomy":"post_tag","embeddable":true,"href":"https:\/\/www.europesays.com\/fr\/wp-json\/wp\/v2\/tags?post=455332"}],"curies":[{"name":"wp","href":"https:\/\/api.w.org\/{rel}","templated":true}]}}