{"id":455338,"date":"2025-10-11T15:37:12","date_gmt":"2025-10-11T15:37:12","guid":{"rendered":"https:\/\/www.europesays.com\/fr\/455338\/"},"modified":"2025-10-11T15:37:12","modified_gmt":"2025-10-11T15:37:12","slug":"niedersteinbach-le-nouvel-orgue-beni-par-larcheveque-de-strasbourg","status":"publish","type":"post","link":"https:\/\/www.europesays.com\/fr\/455338\/","title":{"rendered":"Niedersteinbach. Le nouvel orgue b\u00e9ni par l&rsquo;archev\u00eaque de Strasbourg\u00a0"},"content":{"rendered":"<p>Ce samedi 11 octobre, l&rsquo;archev\u00eaque de Strasbourg Mgr Delannoy a fait le d\u00e9placement jusqu&rsquo;\u00e0 Niedersteinbach. Il est venu b\u00e9nir le nouvel orgue de l&rsquo;\u00e9glise Saint-Gall, qui accueille l&rsquo;une des plus petites paroisses de son dioc\u00e8se.<br \/>L&rsquo;archev\u00eaque \u00e0 soulign\u00e9 la raret\u00e9 d&rsquo;un tel moment : en 21 ans, ce n&rsquo;est que la troisi\u00e8me fois qu&rsquo;il a \u00e9t\u00e9 amen\u00e9 \u00e0 b\u00e9nir un nouvel orgue.<\/p>\n","protected":false},"excerpt":{"rendered":"Ce samedi 11 octobre, l&rsquo;archev\u00eaque de Strasbourg Mgr Delannoy a fait le d\u00e9placement jusqu&rsquo;\u00e0 Niedersteinbach. Il est venu&hellip;\n","protected":false},"author":2,"featured_media":455339,"comment_status":"","ping_status":"","sticky":false,"template":"","format":"standard","meta":{"footnotes":""},"categories":[2820],"tags":[1111,11,4877,1777,674,1011,27,775,12,58070,5889,25,4876,640],"class_list":{"0":"post-455338","1":"post","2":"type-post","3":"status-publish","4":"format-standard","5":"has-post-thumbnail","7":"category-strasbourg","8":"tag-actu","9":"tag-actualites","10":"tag-edition-haguenau-wissembourg","11":"tag-eu","12":"tag-europe","13":"tag-fr","14":"tag-france","15":"tag-grand-est","16":"tag-news","17":"tag-niedersteinbach","18":"tag-religion-croyance","19":"tag-republique-francaise","20":"tag-secteur-de-wissembourg","21":"tag-strasbourg"},"share_on_mastodon":{"url":"https:\/\/pubeurope.com\/@fr\/115356280070076428","error":""},"_links":{"self":[{"href":"https:\/\/www.europesays.com\/fr\/wp-json\/wp\/v2\/posts\/455338","targetHints":{"allow":["GET"]}}],"collection":[{"href":"https:\/\/www.europesays.com\/fr\/wp-json\/wp\/v2\/posts"}],"about":[{"href":"https:\/\/www.europesays.com\/fr\/wp-json\/wp\/v2\/types\/post"}],"author":[{"embeddable":true,"href":"https:\/\/www.europesays.com\/fr\/wp-json\/wp\/v2\/users\/2"}],"replies":[{"embeddable":true,"href":"https:\/\/www.europesays.com\/fr\/wp-json\/wp\/v2\/comments?post=455338"}],"version-history":[{"count":0,"href":"https:\/\/www.europesays.com\/fr\/wp-json\/wp\/v2\/posts\/455338\/revisions"}],"wp:featuredmedia":[{"embeddable":true,"href":"https:\/\/www.europesays.com\/fr\/wp-json\/wp\/v2\/media\/455339"}],"wp:attachment":[{"href":"https:\/\/www.europesays.com\/fr\/wp-json\/wp\/v2\/media?parent=455338"}],"wp:term":[{"taxonomy":"category","embeddable":true,"href":"https:\/\/www.europesays.com\/fr\/wp-json\/wp\/v2\/categories?post=455338"},{"taxonomy":"post_tag","embeddable":true,"href":"https:\/\/www.europesays.com\/fr\/wp-json\/wp\/v2\/tags?post=455338"}],"curies":[{"name":"wp","href":"https:\/\/api.w.org\/{rel}","templated":true}]}}