{"id":455357,"date":"2025-10-11T15:47:10","date_gmt":"2025-10-11T15:47:10","guid":{"rendered":"https:\/\/www.europesays.com\/fr\/455357\/"},"modified":"2025-10-11T15:47:10","modified_gmt":"2025-10-11T15:47:10","slug":"700-000-poulets-par-an-y-seraient-exploites","status":"publish","type":"post","link":"https:\/\/www.europesays.com\/fr\/455357\/","title":{"rendered":"700 000 poulets par an y seraient exploit\u00e9s"},"content":{"rendered":"<p>            Par<br \/>\n        <strong><br \/>\n            <a href=\"https:\/\/actu.fr\/auteur\/raphael-mahlmann\" title=\"Consulter tous les articles de Rapha\u00ebl Mahlmann\" target=\"_blank\" rel=\"noopener\">Rapha\u00ebl Mahlmann<\/a><br \/>\n        <\/strong><\/p>\n<p>        Publi\u00e9 le<\/p>\n<p>            11 oct. 2025 \u00e0 17h22        <\/p>\n<p>Un <b>\u00e9norme projet d\u2019\u00e9levage de poulet<\/b> dans le <a href=\"https:\/\/actu.fr\/hauts-de-france\/nord_59\" target=\"_blank\" rel=\"noopener\">Nord<\/a>, \u00e0 45\u00a0minutes de Lille, pourrait bient\u00f4t sortir de terre. C\u2019est \u00e0 <a href=\"https:\/\/actu.fr\/hauts-de-france\/winnezeele_59662\" target=\"_blank\" rel=\"noopener\">Winnezeele<\/a>, dans la Flandre, que l\u2019installation de ce m\u00e9gapoulailler est pr\u00e9vue. \u00c0 l\u2019origine du projet, la soci\u00e9t\u00e9 SCEA GESQUIERE. <b>Deux b\u00e2timents d\u00e9di\u00e9s aux volailles<\/b> de chair d\u2019une capacit\u00e9 maximale de <b>96\u2009000 places<\/b> sont pr\u00e9vus. L\u2019association de d\u00e9fense des animaux <b>L214<\/b> juge ce projet comme \u00e9tant \u00ab\u2009une aberration\u2009\u00bb. <a href=\"https:\/\/www.registre-numerique.fr\/scea-gesquiere-winnezeele\/\" target=\"_blank\" rel=\"noopener\">Une enqu\u00eate publique en ligne<\/a> est ouverte<b> jusqu\u2019au 15\u00a0octobre 2025<\/b>.<\/p>\n<p>Plus de 700\u2009000 poulets par an<\/p>\n<p class=\" wall-content\">L\u2019\u00e9levage pr\u00e9voit une exploitation d\u2019environ <b>700\u2009000 poulets <\/b>par an. Deux possibilit\u00e9s ont \u00e9t\u00e9 \u00e9voqu\u00e9es\u2009: 43\u2009860 places par b\u00e2timents pour des poulets d\u2019un poids moyen de 2,1\u00a0kg ou 48 places pour un poids moyen de 1,7kg. Un \u00e9levage intensif d\u00e9nonc\u00e9 par <a href=\"https:\/\/diffusion.l214.com\/2025\/10\/01-li-locale-sei-winnezeele\/?fbclid=IwY2xjawNTTuhleHRuA2FlbQIxMQBicmlkETBRc2NENWtaZVFkeWNFWFYzAR5Og1-k7Fi7m-DqszCB9tmZ-4OAeBjRiH7eXSHATXzl7fR24Y6FKE7Lcf-ZGw_aem_N-jCYfZ3mkLxC-fpvwmWlw\" target=\"_blank\" rel=\"noopener\">L214<\/a> qui d\u00e9crit le projet comme \u00ab\u2009un d\u00e9sastre pour les animaux et l\u2019environnement.\u2009\u00bb Les militants se sont rendus \u00e0 Lille le samedi 4\u00a0octobre 2025 pour protester contre ce projet.<\/p>\n<p class=\" wall-content\">Dans les deux options propos\u00e9es, le nombre de poulets serait d\u2019une vingtaine par m2. Selon la r\u00e9glementation europ\u00e9enne, la densit\u00e9 d\u2019\u00e9levage ne peut pas exc\u00e9der les 42kg\/m2. Au-del\u00e0 de 33 kg\/m\u00b2, l\u2019exploitant est tenu d\u2019effectuer une d\u00e9claration de densit\u00e9 de son \u00e9levage. En 2023, l\u2019Autorit\u00e9 europ\u00e9enne de s\u00e9curit\u00e9 des aliments (EFSA) recommandait une densit\u00e9 de 11kg\/m2 pour respecter le bien-\u00eatre animal.<\/p>\n<p class=\" wall-content\">L\u2019association pointe \u00e9galement du doigt les<b> \u00e9missions de gaz \u00e0 effet de serre<\/b> (GES) qui seront g\u00e9n\u00e9r\u00e9s par le poulailler. \u00ab\u2009L\u2019augmentation de l\u2019effectif de l\u2019\u00e9levage entra\u00eene n\u00e9cessairement une augmentation de l\u2019empreinte carbone du projet, qui sera tripl\u00e9e\u2009\u00bb, peut-on lire dans le dossier du projet. Des mesures doivent \u00eatre mises en place pour limiter les \u00e9missions de GES au niveau du transport, de l\u2019\u00e9levage, de l\u2019alimentation des animaux (mat\u00e9riaux recycl\u00e9s, peu de trans-port, tracker solaire\u2026), pr\u00e9cise le porteur du projet en r\u00e9pondant \u00e0 l\u2019avis de l\u2019autorit\u00e9 environnementale des Hauts-de-France.<\/p>\n<p class=\" wall-content\">Contact\u00e9 par <a href=\"https:\/\/france3-regions.franceinfo.fr\/hauts-de-france\/nord-0\/dunkerque\/deux-personnes-pour-s-occuper-de-740-000-poulets-ils-se-deguisent-en-volaille-pour-denoncer-un-projet-d-elevage-3227693.html\" target=\"_blank\" rel=\"noopener\">France 3 Hauts-de-France<\/a>, un des g\u00e9rants de la SCEA Guesqui\u00e8re conteste les critiques formul\u00e9es par L214 par rapport \u00e0 son projet d\u2019extension, qu\u2019il juge l\u00e9gal. Le g\u00e9rant s\u2019est refus\u00e9 tout commentaire sur l\u2019enqu\u00eate publique.<\/p>\n<p class=\" wall-content\">Personnalisez votre actualit\u00e9 en ajoutant vos villes et m\u00e9dias en favori avec <a href=\"https:\/\/moncompte.actu.fr\" title=\"D\u00e9couvez Mon Actu\" rel=\"nofollow noopener\" data-trk=\"{&quot;cta&quot;:{&quot;action&quot;:&quot;https:\\\/\\\/moncompte.actu.fr&quot;,&quot;category&quot;:&quot;mon compte&quot;,&quot;from&quot;:&quot;article footer&quot;,&quot;name&quot;:&quot;Mon actu&quot;,&quot;type&quot;:&quot;cta&quot;}}\" target=\"_blank\">Mon Actu<\/a>.<\/p>\n","protected":false},"excerpt":{"rendered":"Par Rapha\u00ebl Mahlmann Publi\u00e9 le 11 oct. 2025 \u00e0 17h22 Un \u00e9norme projet d\u2019\u00e9levage de poulet dans le&hellip;\n","protected":false},"author":2,"featured_media":455358,"comment_status":"","ping_status":"","sticky":false,"template":"","format":"standard","meta":{"footnotes":""},"categories":[2815],"tags":[1111,11,1867,1777,674,1011,27,811,1307,12,25,104],"class_list":{"0":"post-455357","1":"post","2":"type-post","3":"status-publish","4":"format-standard","5":"has-post-thumbnail","7":"category-lille","8":"tag-actu","9":"tag-actualites","10":"tag-animaux","11":"tag-eu","12":"tag-europe","13":"tag-fr","14":"tag-france","15":"tag-hauts-de-france","16":"tag-lille","17":"tag-news","18":"tag-republique-francaise","19":"tag-societe"},"share_on_mastodon":{"url":"https:\/\/pubeurope.com\/@fr\/115356319391047310","error":""},"_links":{"self":[{"href":"https:\/\/www.europesays.com\/fr\/wp-json\/wp\/v2\/posts\/455357","targetHints":{"allow":["GET"]}}],"collection":[{"href":"https:\/\/www.europesays.com\/fr\/wp-json\/wp\/v2\/posts"}],"about":[{"href":"https:\/\/www.europesays.com\/fr\/wp-json\/wp\/v2\/types\/post"}],"author":[{"embeddable":true,"href":"https:\/\/www.europesays.com\/fr\/wp-json\/wp\/v2\/users\/2"}],"replies":[{"embeddable":true,"href":"https:\/\/www.europesays.com\/fr\/wp-json\/wp\/v2\/comments?post=455357"}],"version-history":[{"count":0,"href":"https:\/\/www.europesays.com\/fr\/wp-json\/wp\/v2\/posts\/455357\/revisions"}],"wp:featuredmedia":[{"embeddable":true,"href":"https:\/\/www.europesays.com\/fr\/wp-json\/wp\/v2\/media\/455358"}],"wp:attachment":[{"href":"https:\/\/www.europesays.com\/fr\/wp-json\/wp\/v2\/media?parent=455357"}],"wp:term":[{"taxonomy":"category","embeddable":true,"href":"https:\/\/www.europesays.com\/fr\/wp-json\/wp\/v2\/categories?post=455357"},{"taxonomy":"post_tag","embeddable":true,"href":"https:\/\/www.europesays.com\/fr\/wp-json\/wp\/v2\/tags?post=455357"}],"curies":[{"name":"wp","href":"https:\/\/api.w.org\/{rel}","templated":true}]}}