{"id":455359,"date":"2025-10-11T15:48:14","date_gmt":"2025-10-11T15:48:14","guid":{"rendered":"https:\/\/www.europesays.com\/fr\/455359\/"},"modified":"2025-10-11T15:48:14","modified_gmt":"2025-10-11T15:48:14","slug":"il-y-a-deux-cents-ans-le-temple-protestant-etait-enfin-autorise-a-marseille","status":"publish","type":"post","link":"https:\/\/www.europesays.com\/fr\/455359\/","title":{"rendered":"Il y a deux cents ans, le temple protestant \u00e9tait (enfin) autoris\u00e9 \u00e0 Marseille"},"content":{"rendered":"<p>Au num\u00e9ro\u00a015 de la rue Grignan, on remarque ses colonnes et cette inscription discr\u00e8te grav\u00e9e au-dessus de la porte en bois, \u00ab\u00a0Au Christ r\u00e9dempteur\u00a0\u00bb. Il y a deux cents ans le temple construit \u00e0 la place d\u2019un h\u00f4tel appartenant \u00e0 la famille Payan marque le d\u00e9but du renouveau pour<a href=\"https:\/\/www.laprovence.com\/article\/edition-marseille\/4687659\/les-protestants-500ans-de-luttes-et-dengagements-en-provence.html\" target=\"_blank\" rel=\"noopener\"> les familles protestantes marseillaises et de la r\u00e9gion<\/a>. Car rien ne fut facile pour la communaut\u00e9 avant le d\u00e9but du XIXe\u00a0si\u00e8cle. \u00ab\u00a0Malgr\u00e9 la reconnaissance du culte en\u00a01791, la communaut\u00e9 reste discr\u00e8te et se retrouve \u00e0 l\u2019angle du cours Belsunce et rue du Tapis-Vert dans une salle puis rue Venture dans une ancienne salle de concert\u00a0\u00bb, d\u00e9roule Raymond Dodre, pasteur \u00e0 Grignan pendant vingt ans.<\/p>\n<p>\u00c0 Marseille, ville d\u2019\u00e9v\u00each\u00e9, le protestantisme est consid\u00e9r\u00e9 comme une h\u00e9r\u00e9sie. \u00ab\u00a0Et le chemin vers l\u2019acceptation fut tr\u00e8s long, encore plus qu\u2019ailleurs. Pourtant, le protestantisme est pr\u00e9sent <a href=\"https:\/\/www.laprovence.com\/article\/sortie-loisirs\/2949280778808915\/connaissez-vous-lhistoire-de-marseille-avec-le-commerce-du-tabac\" target=\"_blank\" rel=\"noopener\">\u00e0 Marseille <\/a>depuis les origines de la R\u00e9formation. Des familles huguenotes, parfois venues du Languedoc voisin, s\u2019y \u00e9tablissent d\u00e8s le XVIe\u00a0si\u00e8cle\u00a0; des n\u00e9gociants protestants \u00e9trangers, anglais, hollandais ou suisses, s\u2019y installent\u00a0\u00bb, rel\u00e8ve C\u00e9line Borello, professeure des universit\u00e9s au\u00a0Mans et auteure d\u2019une th\u00e8se sur les protesta&#8230;<\/p>\n","protected":false},"excerpt":{"rendered":"Au num\u00e9ro\u00a015 de la rue Grignan, on remarque ses colonnes et cette inscription discr\u00e8te grav\u00e9e au-dessus de la&hellip;\n","protected":false},"author":2,"featured_media":455360,"comment_status":"","ping_status":"","sticky":false,"template":"","format":"standard","meta":{"footnotes":""},"categories":[2814],"tags":[17,1111,11,1764,58071,4070,6596,8485,1777,674,1011,27,884,12,58072,882,25,104,38440],"class_list":{"0":"post-455359","1":"post","2":"type-post","3":"status-publish","4":"format-standard","5":"has-post-thumbnail","7":"category-marseille","8":"tag-17","9":"tag-actu","10":"tag-actualites","11":"tag-ans","12":"tag-cents","13":"tag-deux","14":"tag-enfin","15":"tag-etait","16":"tag-eu","17":"tag-europe","18":"tag-fr","19":"tag-france","20":"tag-marseille","21":"tag-news","22":"tag-protestant","23":"tag-provence-alpes-cote-dazur","24":"tag-republique-francaise","25":"tag-societe","26":"tag-temple"},"share_on_mastodon":{"url":"https:\/\/pubeurope.com\/@fr\/115356323397481480","error":""},"_links":{"self":[{"href":"https:\/\/www.europesays.com\/fr\/wp-json\/wp\/v2\/posts\/455359","targetHints":{"allow":["GET"]}}],"collection":[{"href":"https:\/\/www.europesays.com\/fr\/wp-json\/wp\/v2\/posts"}],"about":[{"href":"https:\/\/www.europesays.com\/fr\/wp-json\/wp\/v2\/types\/post"}],"author":[{"embeddable":true,"href":"https:\/\/www.europesays.com\/fr\/wp-json\/wp\/v2\/users\/2"}],"replies":[{"embeddable":true,"href":"https:\/\/www.europesays.com\/fr\/wp-json\/wp\/v2\/comments?post=455359"}],"version-history":[{"count":0,"href":"https:\/\/www.europesays.com\/fr\/wp-json\/wp\/v2\/posts\/455359\/revisions"}],"wp:featuredmedia":[{"embeddable":true,"href":"https:\/\/www.europesays.com\/fr\/wp-json\/wp\/v2\/media\/455360"}],"wp:attachment":[{"href":"https:\/\/www.europesays.com\/fr\/wp-json\/wp\/v2\/media?parent=455359"}],"wp:term":[{"taxonomy":"category","embeddable":true,"href":"https:\/\/www.europesays.com\/fr\/wp-json\/wp\/v2\/categories?post=455359"},{"taxonomy":"post_tag","embeddable":true,"href":"https:\/\/www.europesays.com\/fr\/wp-json\/wp\/v2\/tags?post=455359"}],"curies":[{"name":"wp","href":"https:\/\/api.w.org\/{rel}","templated":true}]}}