{"id":455371,"date":"2025-10-11T15:55:31","date_gmt":"2025-10-11T15:55:31","guid":{"rendered":"https:\/\/www.europesays.com\/fr\/455371\/"},"modified":"2025-10-11T15:55:31","modified_gmt":"2025-10-11T15:55:31","slug":"ils-feront-un-carnage-une-lettre-anonyme-alertant-sur-un-risque-dattentat-ce-week-end-decouverte-dans-la-cathedrale-notre-dame-de-paris","status":"publish","type":"post","link":"https:\/\/www.europesays.com\/fr\/455371\/","title":{"rendered":"\u00ab\u00a0Ils feront un carnage\u00a0\u00bb : une lettre anonyme alertant sur un risque d\u2019attentat ce week-end d\u00e9couverte dans la cath\u00e9drale Notre-Dame de Paris"},"content":{"rendered":"<p>Une lettre anonyme alertant sur un risque d\u2019attentat a \u00e9t\u00e9 d\u00e9couverte ce vendredi 10 octobre 2025 aux alentours de 17 heures dans la cath\u00e9drale<a href=\"https:\/\/www.femmeactuelle.fr\/vie-pratique\/voyage\/vous-voulez-visiter-notre-dame-de-paris-il-faut-desormais-reserver-voici-ou-sinscrire-2184919\" target=\"_blank\" rel=\"noopener\"> <\/a><a href=\"https:\/\/www.femmeactuelle.fr\/actu\/news-actu\/comme-une-amie-que-lon-retrouve-stephane-bern-emu-en-evoquant-la-reconstruction-de-notre-dame-de-paris-2185218\" target=\"_blank\" rel=\"noopener\">Notre-Dame de Paris<\/a>. <strong>Elle a \u00e9t\u00e9 trouv\u00e9e par le sacristain, au niveau des cierges install\u00e9s dans l\u2019\u00e9difice.<\/strong> \u00ab\u00a0N\u2019ouvrez pas la cath\u00e9drale le 11 et 12 octobre\u00a0\u00bb, demande son auteur, rest\u00e9 anonyme. \u00ab\u00a0Il y aura des visiteurs \u00e9trangers qui, gr\u00e2ce \u00e0 l\u2019aide des autres visiteurs, ont d\u00e9j\u00e0 cach\u00e9 des couteaux dans la cath\u00e9drale ces derniers jours, ils feront un carnage, n\u2019ouvrez pas la cath\u00e9drale SVP\u00a0\u00bb, pouvait-on lire dans ce message alarmiste qui a suscit\u00e9 l&rsquo;inqui\u00e9tude. La  s\u00e9curit\u00e9 du b\u00e2timent religieux a tr\u00e8s rapidement \u00e9t\u00e9 pr\u00e9venue par l&#8217;employ\u00e9 du dioc\u00e8se.<\/p>\n<p><a href=\"https:\/\/www.femmeactuelle.fr\/actu\/news-actu\/trois-touristes-disparaissent-mysterieusement-au-meme-endroit-en-24-heures-aux-iles-feroe-que-s-est-il-passe-2198385\" target=\"_blank\" rel=\"noopener\">Les touristes<\/a> qui se trouvaient \u00e0 l&rsquo;int\u00e9rieur de la cath\u00e9drale au moment de la d\u00e9couverte n&rsquo;ont pas \u00e9t\u00e9 \u00e9vacu\u00e9s<strong>. Cependant, l\u2019\u00e9quipe de s\u00e9curit\u00e9 a proc\u00e9d\u00e9 \u00e0 un contr\u00f4le des lieux, notamment pour s\u2019assurer qu\u2019aucune arme n\u2019avait \u00e9t\u00e9 cach\u00e9e \u00e0 l\u2019int\u00e9rieur.<\/strong> De m\u00eame, de nouvelles v\u00e9rifications ont \u00e9t\u00e9 r\u00e9alis\u00e9es ce samedi 11 octobre 2025 au matin. En effet, selon la pr\u00e9fecture de police de Paris, \u00ab\u00a0une inspection de s\u00e9curit\u00e9 r\u00e9alis\u00e9e conjointement par le service de s\u00e9curit\u00e9 de la cath\u00e9drale et les effectifs de la direction de l&rsquo;ordre public et de la circulation de la pr\u00e9fecture de police a permis d&rsquo;\u00e9carter tout risque\u00a0\u00bb.<\/p>\n<p>La cath\u00e9drale ouvre tout de m\u00eame ses portes au public ce week-end<\/p>\n<p>\u00ab\u00a0Les effectifs de la pr\u00e9fecture de police, appuy\u00e9s par les militaires de la Force Sentinelle, sont en permanence pleinement mobilis\u00e9s pour assurer la s\u00e9curit\u00e9 du site\u00a0\u00bb, a pr\u00e9cis\u00e9 la pr\u00e9fecture de police dans un communiqu\u00e9. <strong>C&rsquo;est pourquoi <\/strong><a href=\"https:\/\/www.femmeactuelle.fr\/actu\/news-actu\/notre-dame-de-paris-un-historien-devoile-la-signification-ce-ces-mysterieuses-marques-laissees-dans-des-endroits-tres-discrets-de-la-cathedrale-2184806\" target=\"_blank\" rel=\"noopener\"><strong>la cath\u00e9drale <\/strong><\/a><strong>a pu rouvrir ses portes au public ce samedi 11 octobre 2025.<\/strong> Comme le rappellent nos confr\u00e8res du Parisien, ce n&rsquo;est pas la premi\u00e8re fois qu&rsquo;une lettre est retrouv\u00e9e dans la cath\u00e9drale Notre-Dame de Paris. <strong>En effet, en avril dernier, un message \u00e9voquant un attentat terroriste \u00e0 l\u2019occasion du week-end de P\u00e2ques avait d\u00e9j\u00e0 \u00e9t\u00e9 d\u00e9couvert dans l\u2019enceinte du b\u00e2timent.<\/strong> Il r\u00e9v\u00e9lait les informations suivantes : \u00ab\u00a0dimanche de P\u00e2ques, il y aura un attentat dans la cath\u00e9drale\u00a0\u00bb. Suite \u00e0 cela, une enqu\u00eate avait \u00e9t\u00e9 ouverte pour \u00ab\u00a0menace mat\u00e9rialis\u00e9e de crime contre les personnes, commise en raison de la race, l\u2019ethnie, la nation ou la religion\u00a0\u00bb et \u00ab\u00a0divulgation d\u2019information fausse afin de faire croire \u00e0 une destruction dangereuse\u00a0\u00bb.<\/p>\n<p>Source :<\/p>\n<ul>\n<li><a href=\"https:\/\/www.leparisien.fr\/faits-divers\/ils-feront-un-carnage-nouvrez-pas-la-cathedrale-une-etrange-lettre-decouverte-au-coeur-de-notre-dame-11-10-2025-5235LI6H3ZGVPFRMAHIIYOEIBI.php\" rel=\"nofollow noopener\" target=\"_blank\">Le Parisien<\/a> &#8211; 11\/10\/2025 : \u00ab\u00a0Ils feront un carnage, n\u2019ouvrez pas la cath\u00e9drale\u00a0\u00bb\u00a0: une \u00e9trange lettre d\u00e9couverte au c\u0153ur de Notre-Dame<\/li>\n<\/ul>\n","protected":false},"excerpt":{"rendered":"Une lettre anonyme alertant sur un risque d\u2019attentat a \u00e9t\u00e9 d\u00e9couverte ce vendredi 10 octobre 2025 aux alentours&hellip;\n","protected":false},"author":2,"featured_media":455372,"comment_status":"","ping_status":"","sticky":false,"template":"","format":"standard","meta":{"footnotes":""},"categories":[1888],"tags":[1111,1928,11,1927,5581,1777,674,1011,27,12,1926,3341,626,1925,2551,25,7691],"class_list":{"0":"post-455371","1":"post","2":"type-post","3":"status-publish","4":"format-standard","5":"has-post-thumbnail","7":"category-paris","8":"tag-actu","9":"tag-actu-paris","10":"tag-actualites","11":"tag-actualites-paris","12":"tag-attentat","13":"tag-eu","14":"tag-europe","15":"tag-fr","16":"tag-france","17":"tag-news","18":"tag-news-paris","19":"tag-notre-dame-de-paris","20":"tag-paris","21":"tag-paris-news","22":"tag-patrimoine","23":"tag-republique-francaise","24":"tag-su00e9curitu00e9"},"share_on_mastodon":{"url":"https:\/\/pubeurope.com\/@fr\/115356350848278539","error":""},"_links":{"self":[{"href":"https:\/\/www.europesays.com\/fr\/wp-json\/wp\/v2\/posts\/455371","targetHints":{"allow":["GET"]}}],"collection":[{"href":"https:\/\/www.europesays.com\/fr\/wp-json\/wp\/v2\/posts"}],"about":[{"href":"https:\/\/www.europesays.com\/fr\/wp-json\/wp\/v2\/types\/post"}],"author":[{"embeddable":true,"href":"https:\/\/www.europesays.com\/fr\/wp-json\/wp\/v2\/users\/2"}],"replies":[{"embeddable":true,"href":"https:\/\/www.europesays.com\/fr\/wp-json\/wp\/v2\/comments?post=455371"}],"version-history":[{"count":0,"href":"https:\/\/www.europesays.com\/fr\/wp-json\/wp\/v2\/posts\/455371\/revisions"}],"wp:featuredmedia":[{"embeddable":true,"href":"https:\/\/www.europesays.com\/fr\/wp-json\/wp\/v2\/media\/455372"}],"wp:attachment":[{"href":"https:\/\/www.europesays.com\/fr\/wp-json\/wp\/v2\/media?parent=455371"}],"wp:term":[{"taxonomy":"category","embeddable":true,"href":"https:\/\/www.europesays.com\/fr\/wp-json\/wp\/v2\/categories?post=455371"},{"taxonomy":"post_tag","embeddable":true,"href":"https:\/\/www.europesays.com\/fr\/wp-json\/wp\/v2\/tags?post=455371"}],"curies":[{"name":"wp","href":"https:\/\/api.w.org\/{rel}","templated":true}]}}