{"id":455377,"date":"2025-10-11T15:58:11","date_gmt":"2025-10-11T15:58:11","guid":{"rendered":"https:\/\/www.europesays.com\/fr\/455377\/"},"modified":"2025-10-11T15:58:11","modified_gmt":"2025-10-11T15:58:11","slug":"la-pologne-enquete-sur-une-operation-russe-lexpress","status":"publish","type":"post","link":"https:\/\/www.europesays.com\/fr\/455377\/","title":{"rendered":"la Pologne enqu\u00eate sur une op\u00e9ration russe \u2013 L&rsquo;Express"},"content":{"rendered":"<p class=\"paragraph article-body-paragraph article__item   article-body-paragraph--first \">Des bo\u00eetes de ma\u00efs et des produits cosm\u00e9tiques remplies d\u2019explosifs\u00a0? Ce qui ressemble un sc\u00e9nario de film d\u2019espionnage est aujourd\u2019hui au c\u0153ur d\u2019une v\u00e9ritable enqu\u00eate de s\u00e9curit\u00e9 nationale en <a href=\"https:\/\/www.lexpress.fr\/monde\/guerre-en-ukraine-pourquoi-angela-merkel-recoit-les-foudres-des-pays-baltes-et-de-la-pologne-XI3EBVUVIFCG3FVEUUFUM3YFIY\/\" target=\"_self\" rel=\"nofollow noopener\" title=\"https:\/\/www.lexpress.fr\/monde\/guerre-en-ukraine-pourquoi-angela-merkel-recoit-les-foudres-des-pays-baltes-et-de-la-pologne-XI3EBVUVIFCG3FVEUUFUM3YFIY\/\">Pologne<\/a>. Selon le quotidien polonais <a href=\"https:\/\/warszawa.wyborcza.pl\/warszawa\/7,54420,32291943,wyborcza-ujawnia-rosyjski-wywiad-materialy-wybuchowe-w-puszkach.html\" target=\"_self\" rel=\"nofollow noopener\" title=\"https:\/\/warszawa.wyborcza.pl\/warszawa\/7,54420,32291943,wyborcza-ujawnia-rosyjski-wywiad-materialy-wybuchowe-w-puszkach.html\">Gazeta Wyborcza<\/a> &#8211; dans un article publi\u00e9 d\u00e9but octobre et confirm\u00e9 par plusieurs m\u00e9dias lituaniens &#8211; les services de renseignement polonais et l\u2019Agence de s\u00e9curit\u00e9 int\u00e9rieure (ABW) enqu\u00eatent sur une vaste op\u00e9ration de sabotage orchestr\u00e9e par le renseignement militaire russe (GRU). L\u2019affaire, rest\u00e9e confidentielle plusieurs mois, aurait \u00e9clat\u00e9 \u00e0 l\u2019\u00e9t\u00e9 2024, en pleine p\u00e9riode de l\u2019<a href=\"https:\/\/www.lexpress.fr\/sport\/infographie-euro-de-football-le-palmares-de-la-competition-depuis-1960_1779331.html\" target=\"_self\" rel=\"nofollow noopener\" title=\"https:\/\/www.lexpress.fr\/sport\/infographie-euro-de-football-le-palmares-de-la-competition-depuis-1960_1779331.html\">Euro de football<\/a>, alors que les pays d\u2019<a href=\"https:\/\/www.lexpress.fr\/monde\/europe\/union-europeenne-les-nouveaux-pouvoirs-des-pays-de-l-est_2172621.html\" target=\"_self\" rel=\"nofollow noopener\" title=\"https:\/\/www.lexpress.fr\/monde\/europe\/union-europeenne-les-nouveaux-pouvoirs-des-pays-de-l-est_2172621.html\">Europe de l\u2019Est<\/a> \u00e9taient en \u00e9tat d\u2019alerte renforc\u00e9e.<\/p>\n<p class=\"paragraph article-body-paragraph article__item   \">Les enqu\u00eateurs polonais affirment avoir retrouv\u00e9 des explosifs dissimul\u00e9s dans des bo\u00eetes de conserve, \u00e9tiquet\u00e9es comme du ma\u00efs, ainsi que du mat\u00e9riel li\u00e9 \u00e0 la fabrication de drones. Ces \u00e9l\u00e9ments auraient \u00e9t\u00e9 d\u00e9couverts en Pologne et en Lituanie. D\u2019apr\u00e8s les sources cit\u00e9es par Gazeta Wyborcza, le GRU aurait pr\u00e9par\u00e9 des attaques coordonn\u00e9es \u00e0 l\u2019aide de drones \u00e9quip\u00e9s de charges explosives.\u00a0\u00bbUne de [nos hypoth\u00e8ses] suppose que le GRU se pr\u00e9parait \u00e0 un acte terroriste avec des drones et des bo\u00eetes de conserve, qui, \u00e0 la place de ma\u00efs, contenaient une puissante mati\u00e8re explosive\u00a0\u00bb, affirme l\u2019un des informateurs du journal.<\/p>\n<p><strong class=\"article-body-link-list__item text-gray-800 article-body-link-list__item--one-item\">LIRE AUSSI : <a class=\"article-body-link-list__item-link\" href=\"https:\/\/www.lexpress.fr\/monde\/europe\/si-un-avion-est-abattu-ne-venez-pas-vous-plaindre-face-a-poutine-la-pologne-se-dit-prete-au-rapport-VILONYB445DNVHWSDPCHZHVFQY\/\" rel=\"nofollow noopener\" target=\"_blank\">\u00ab\u00a0Si un avion est abattu, ne venez pas vous plaindre\u00a0\u00bb : face \u00e0 Poutine, la Pologne se dit pr\u00eate au rapport de force<\/a><\/strong><\/p>\n<p class=\"paragraph article-body-paragraph article__item   \">Selon Gazeta Wyborcza, le GRU aurait recrut\u00e9 de simples ex\u00e9cutants, attir\u00e9s par l\u2019app\u00e2t du gain plut\u00f4t que par une conviction politique. Parmi eux, Vladislas D., un Ukrainien de 27\u00a0ans install\u00e9 \u00e0 Katowice, pr\u00e9sent\u00e9 comme l\u2019un des maillons cl\u00e9s du r\u00e9seau. Recrut\u00e9 via la messagerie crypt\u00e9e <a href=\"https:\/\/www.lexpress.fr\/societe\/telegram-les-dessous-du-revirement-de-pavel-durov-face-a-la-justice-AQ65DXDVFRAULDFHOFGKUH4ULE\/\" target=\"_self\" rel=\"nofollow noopener\" title=\"https:\/\/www.lexpress.fr\/societe\/telegram-les-dessous-du-revirement-de-pavel-durov-face-a-la-justice-AQ65DXDVFRAULDFHOFGKUH4ULE\/\">Telegram<\/a> par un myst\u00e9rieux interlocuteur se faisant appeler \u00ab\u00a0Warrior\u00a0\u00bb, il aurait accept\u00e9 de servir de coursier pour quelques centaines d\u2019euros pay\u00e9s en cryptomonnaie. Selon les enqu\u00eateurs, son r\u00f4le consistait \u00e0 transporter du mat\u00e9riel entre la Lituanie et la Pologne, en suivant des instructions pr\u00e9cises, document\u00e9es par photo apr\u00e8s chaque livraison.<\/p>\n<p>Une enqu\u00eate \u00ab\u00a0vaste\u00a0\u00bb impliquant \u00ab\u00a0six suspects\u00a0\u00bb<\/p>\n<p class=\"paragraph article-body-paragraph article__item   \">Dans le d\u00e9tail, Gazeta Wyborcza raconte qu\u2019il se serait rendu \u00e0 deux reprises dans un cimeti\u00e8re de Kaunas, en Lituanie, o\u00f9 il aurait d\u00e9terr\u00e9 un sac contenant les fameuses conserves de ma\u00efs puis, plus tard, des pi\u00e8ces de drones destin\u00e9es \u00e0 l\u2019Allemagne. Un expert militaire a ajout\u00e9 au journal polonais que les quantit\u00e9s d\u2019explosifs suppos\u00e9es avoir \u00e9t\u00e9 impliqu\u00e9es auraient pu causer de graves dommages \u00e0 une voiture et des blessures mortelles aux personnes \u00e0 proximit\u00e9.<\/p>\n<p><strong class=\"article-body-link-list__item text-gray-800 article-body-link-list__item--one-item\">LIRE AUSSI : <a class=\"article-body-link-list__item-link\" href=\"https:\/\/www.lexpress.fr\/monde\/guerre-en-ukraine-pourquoi-angela-merkel-recoit-les-foudres-des-pays-baltes-et-de-la-pologne-XI3EBVUVIFCG3FVEUUFUM3YFIY\/\" rel=\"nofollow noopener\" target=\"_blank\">Guerre en Ukraine : pourquoi Angela Merkel re\u00e7oit les foudres des pays baltes et de la Pologne<\/a><\/strong><\/p>\n<p class=\"paragraph article-body-paragraph article__item   \">De leur c\u00f4t\u00e9, les autorit\u00e9s polonaises confirment l\u2019existence d\u2019une enqu\u00eate \u00ab\u00a0vaste\u00a0\u00bb impliquant six suspects d\u00e9j\u00e0 identifi\u00e9s. Si le mobile exact reste \u00e0 pr\u00e9ciser, les services de renseignement \u00e9voquent une op\u00e9ration de guerre hybride orchestr\u00e9e par Moscou, destin\u00e9e \u00e0 fragiliser la Pologne \u2014 l\u2019un des alli\u00e9s les plus r\u00e9solus de Kiev depuis le d\u00e9but de l\u2019invasion russe. Varsovie est en effet en premi\u00e8re ligne du soutien \u00e0 l\u2019Ukraine\u00a0: plus de 3,3\u00a0milliards d\u2019euros d&rsquo;<a href=\"https:\/\/www.lexpress.fr\/monde\/europe\/la-pologne-et-lotan-deploient-leurs-avions-apres-des-frappes-de-drones-russes-en-ukraine-VCQF3COIO5B6JHABZIMDOS5XHI\/\" target=\"_self\" rel=\"nofollow noopener\" title=\"https:\/\/www.lexpress.fr\/monde\/europe\/la-pologne-et-lotan-deploient-leurs-avions-apres-des-frappes-de-drones-russes-en-ukraine-VCQF3COIO5B6JHABZIMDOS5XHI\/\">aide militaire<\/a> et humanitaire ont d\u00e9j\u00e0 \u00e9t\u00e9 vers\u00e9s, et pr\u00e8s d\u2019un million de r\u00e9fugi\u00e9s. Un engagement sans faille qui fait de la Pologne une cible toute d\u00e9sign\u00e9e pour le Kremlin, souligne <a href=\"https:\/\/www.euronews.com\/2025\/10\/03\/poland-accuses-russia-of-attack-plot-involving-explosives-smuggled-in-corn-tins\" target=\"_self\" rel=\"nofollow noopener\" title=\"https:\/\/www.euronews.com\/2025\/10\/03\/poland-accuses-russia-of-attack-plot-involving-explosives-smuggled-in-corn-tins\">Euronews<\/a>.<\/p>\n<p>Semer la peur<\/p>\n<p class=\"paragraph article-body-paragraph article__item   \">Pour le coordinateur des services sp\u00e9ciaux polonais, Tomasz Siemoniak, ces d\u00e9couvertes ne seraient qu\u2019un \u00e9pisode d\u2019un plan plus vaste, visant \u00e9galement la Lituanie et l\u2019Allemagne. Ces derniers mois, une s\u00e9rie d\u2019incidents a d\u2019ailleurs raviv\u00e9 les inqui\u00e9tudes europ\u00e9ennes\u00a0: des violations de l\u2019espace a\u00e9rien ont \u00e9t\u00e9 signal\u00e9es dans plusieurs pays, la Russie \u00e9tant largement soup\u00e7onn\u00e9e d\u2019en \u00eatre \u00e0 l\u2019origine. En Allemagne, l\u2019a\u00e9roport de Munich a d\u00fb suspendre ses activit\u00e9s, d\u00e9but octobre, apr\u00e8s la d\u00e9tection de plusieurs drones non identifi\u00e9s, provoquant l\u2019annulation de dix-sept vols. D\u2019autres \u00e9pisodes similaires ont \u00e9t\u00e9 observ\u00e9s en Estonie et en Roumanie, renfor\u00e7ant l\u2019id\u00e9e d\u2019une pression coordonn\u00e9e \u00e0 l\u2019Est. Ces incidents successifs ont relanc\u00e9 le d\u00e9bat sur la mise en place d\u2019un \u00ab\u00a0mur anti-drones\u00a0\u00bb destin\u00e9 \u00e0 prot\u00e9ger la fronti\u00e8re orientale de l\u2019Europe.<\/p>\n<p class=\"paragraph article-body-paragraph article__item    article__text__endpicto\">De son c\u00f4t\u00e9, le think tank am\u00e9ricain Institute for the Study of War (ISW), cit\u00e9 par le m\u00e9dia public lituanien LRT et relay\u00e9 par <a href=\"https:\/\/www.courrierinternational.com\/article\/europe-sabotage-a-la-russe-la-pologne-enquete-sur-des-explosifs-caches-dans-des-conserves-de-mais_236045\" target=\"_self\" rel=\"nofollow noopener\" title=\"https:\/\/www.courrierinternational.com\/article\/europe-sabotage-a-la-russe-la-pologne-enquete-sur-des-explosifs-caches-dans-des-conserves-de-mais_236045\">Courrier International<\/a>, estime que la Russie pourrait bien mener des op\u00e9rations de sabotage en Pologne tout en cherchant \u00e0 en attribuer la responsabilit\u00e9 \u00e0 l\u2019Ukraine, dans le but de semer la peur et la discorde au sein de l&rsquo;<a href=\"https:\/\/www.lexpress.fr\/monde\/europe\/expulser-lespagne-de-lotan-pourquoi-madrid-est-dans-le-collimateur-de-donald-trump-BW7NFXOURFBCPJSWEESK36IURA\/\" target=\"_self\" rel=\"nofollow noopener\" title=\"https:\/\/www.lexpress.fr\/monde\/europe\/expulser-lespagne-de-lotan-pourquoi-madrid-est-dans-le-collimateur-de-donald-trump-BW7NFXOURFBCPJSWEESK36IURA\/\">Otan<\/a>. \u00c0 mesure que l\u2019enqu\u00eate progresse, les \u00ab\u00a0conserves de ma\u00efs russes\u00a0\u00bb apparaissent comme le dernier avatar d\u2019une strat\u00e9gie de d\u00e9stabilisation d\u00e9sormais permanente \u2014 o\u00f9 m\u00eame les objets les plus ordinaires peuvent se transformer en armes.<\/p>\n","protected":false},"excerpt":{"rendered":"Des bo\u00eetes de ma\u00efs et des produits cosm\u00e9tiques remplies d\u2019explosifs\u00a0? Ce qui ressemble un sc\u00e9nario de film d\u2019espionnage&hellip;\n","protected":false},"author":2,"featured_media":455378,"comment_status":"","ping_status":"","sticky":false,"template":"","format":"standard","meta":{"footnotes":""},"categories":[1591],"tags":[11,674,1887,74,12,1885,1886,132],"class_list":{"0":"post-455377","1":"post","2":"type-post","3":"status-publish","4":"format-standard","5":"has-post-thumbnail","7":"category-russie","8":"tag-actualites","9":"tag-europe","10":"tag-federation-de-russie","11":"tag-monde","12":"tag-news","13":"tag-russia","14":"tag-russian-federation","15":"tag-russie"},"share_on_mastodon":{"url":"https:\/\/pubeurope.com\/@fr\/115356362692670162","error":""},"_links":{"self":[{"href":"https:\/\/www.europesays.com\/fr\/wp-json\/wp\/v2\/posts\/455377","targetHints":{"allow":["GET"]}}],"collection":[{"href":"https:\/\/www.europesays.com\/fr\/wp-json\/wp\/v2\/posts"}],"about":[{"href":"https:\/\/www.europesays.com\/fr\/wp-json\/wp\/v2\/types\/post"}],"author":[{"embeddable":true,"href":"https:\/\/www.europesays.com\/fr\/wp-json\/wp\/v2\/users\/2"}],"replies":[{"embeddable":true,"href":"https:\/\/www.europesays.com\/fr\/wp-json\/wp\/v2\/comments?post=455377"}],"version-history":[{"count":0,"href":"https:\/\/www.europesays.com\/fr\/wp-json\/wp\/v2\/posts\/455377\/revisions"}],"wp:featuredmedia":[{"embeddable":true,"href":"https:\/\/www.europesays.com\/fr\/wp-json\/wp\/v2\/media\/455378"}],"wp:attachment":[{"href":"https:\/\/www.europesays.com\/fr\/wp-json\/wp\/v2\/media?parent=455377"}],"wp:term":[{"taxonomy":"category","embeddable":true,"href":"https:\/\/www.europesays.com\/fr\/wp-json\/wp\/v2\/categories?post=455377"},{"taxonomy":"post_tag","embeddable":true,"href":"https:\/\/www.europesays.com\/fr\/wp-json\/wp\/v2\/tags?post=455377"}],"curies":[{"name":"wp","href":"https:\/\/api.w.org\/{rel}","templated":true}]}}