{"id":455387,"date":"2025-10-11T16:03:20","date_gmt":"2025-10-11T16:03:20","guid":{"rendered":"https:\/\/www.europesays.com\/fr\/455387\/"},"modified":"2025-10-11T16:03:20","modified_gmt":"2025-10-11T16:03:20","slug":"comment-musk-et-x-instrumentalisent-la-liberte-dexpression-pour-defier-la-france-et-leurope-liberation","status":"publish","type":"post","link":"https:\/\/www.europesays.com\/fr\/455387\/","title":{"rendered":"Comment Musk et X instrumentalisent la libert\u00e9 d\u2019expression pour d\u00e9fier la France et l\u2019Europe \u2013 Lib\u00e9ration"},"content":{"rendered":"<p class=\"sc-cPiKLX AiZTS text-element\">De toute \u00e9vidence, l\u2019entreprise am\u00e9ricaine X pense beaucoup de mal des juges et des r\u00e9gulateurs du reste du monde. Son \u00e9quipe des \u00abaffaires gouvernementales internationales\u00bb, charg\u00e9e des relations avec les pouvoirs publics \u00e9trangers, s\u2019emploie depuis des mois \u00e0 le signifier par de longs messages sur le r\u00e9seau social, parfois fort peu diplomatiques. Avec une acrimonie manifeste envers l\u2019Union europ\u00e9enne et certains de ses Etats membres. <\/p>\n<p class=\"sc-cPiKLX AiZTS text-element\">Qu\u2019il semble loin le temps o\u00f9, malgr\u00e9 les frictions et les sorties de route d\u2019Elon Musk, la multinationale californienne se disait \u00abd\u00e9termin\u00e9e \u00e0 se conformer\u00bb au Digital Services Act (DSA), le r\u00e8glement sur les services num\u00e9riques en vigueur dans l\u2019UE, qui <a href=\"https:\/\/www.liberation.fr\/economie\/economie-numerique\/geants-du-net-nous-devons-batir-les-lois-pour-un-siecle-numerique-democratique-20211112_727NWSVG75AKDEJQWHL6SHGBAU\/\" target=\"_blank\" rel=\"nofollow noopener\" title=\"https:\/\/www.liberation.fr\/economie\/economie-numerique\/geants-du-net-nous-devons-batir-les-lois-pour-un-siecle-numerique-democratique-20211112_727NWSVG75AKDEJQWHL6SHGBAU\/\">renforce les obligations des \u00abtr\u00e8s grandes plateformes\u00bb<\/a> en mati\u00e8re de transparence et de lutte contre les contenus ill\u00e9gaux. C\u2019\u00e9tait en d\u00e9cembre 2023 ; la Commission europ\u00e9enne <a href=\"https:\/\/www.liberation.fr\/economie\/economie-numerique\/le-reseau-social-x-ex-twitter-desormais-vise-par-une-enquete-formelle-de-leurope-20231218_ELXUUNL66FAOTDGQMO3B57A4UY\/\" target=\"_blank\" rel=\"nofollow noopener\">venait d\u2019ouvrir <\/a><\/p>\n","protected":false},"excerpt":{"rendered":"De toute \u00e9vidence, l\u2019entreprise am\u00e9ricaine X pense beaucoup de mal des juges et des r\u00e9gulateurs du reste du&hellip;\n","protected":false},"author":2,"featured_media":455388,"comment_status":"","ping_status":"","sticky":false,"template":"","format":"standard","meta":{"footnotes":""},"categories":[1586],"tags":[11,2196,46,1777,674,1011,27,45232,12,25,16427],"class_list":{"0":"post-455387","1":"post","2":"type-post","3":"status-publish","4":"format-standard","5":"has-post-thumbnail","7":"category-europe","8":"tag-actualites","9":"tag-commission-europeenne","10":"tag-elon-musk","11":"tag-eu","12":"tag-europe","13":"tag-fr","14":"tag-france","15":"tag-liberte-d-expression","16":"tag-news","17":"tag-republique-francaise","18":"tag-x-twitter"},"share_on_mastodon":{"url":"https:\/\/pubeurope.com\/@fr\/115356382270488621","error":""},"_links":{"self":[{"href":"https:\/\/www.europesays.com\/fr\/wp-json\/wp\/v2\/posts\/455387","targetHints":{"allow":["GET"]}}],"collection":[{"href":"https:\/\/www.europesays.com\/fr\/wp-json\/wp\/v2\/posts"}],"about":[{"href":"https:\/\/www.europesays.com\/fr\/wp-json\/wp\/v2\/types\/post"}],"author":[{"embeddable":true,"href":"https:\/\/www.europesays.com\/fr\/wp-json\/wp\/v2\/users\/2"}],"replies":[{"embeddable":true,"href":"https:\/\/www.europesays.com\/fr\/wp-json\/wp\/v2\/comments?post=455387"}],"version-history":[{"count":0,"href":"https:\/\/www.europesays.com\/fr\/wp-json\/wp\/v2\/posts\/455387\/revisions"}],"wp:featuredmedia":[{"embeddable":true,"href":"https:\/\/www.europesays.com\/fr\/wp-json\/wp\/v2\/media\/455388"}],"wp:attachment":[{"href":"https:\/\/www.europesays.com\/fr\/wp-json\/wp\/v2\/media?parent=455387"}],"wp:term":[{"taxonomy":"category","embeddable":true,"href":"https:\/\/www.europesays.com\/fr\/wp-json\/wp\/v2\/categories?post=455387"},{"taxonomy":"post_tag","embeddable":true,"href":"https:\/\/www.europesays.com\/fr\/wp-json\/wp\/v2\/tags?post=455387"}],"curies":[{"name":"wp","href":"https:\/\/api.w.org\/{rel}","templated":true}]}}