{"id":455389,"date":"2025-10-11T16:04:10","date_gmt":"2025-10-11T16:04:10","guid":{"rendered":"https:\/\/www.europesays.com\/fr\/455389\/"},"modified":"2025-10-11T16:04:10","modified_gmt":"2025-10-11T16:04:10","slug":"la-droite-nationaliste-manifeste-a-varsovie-contre-limmigration-et-la-politique-migratoire-de-lue","status":"publish","type":"post","link":"https:\/\/www.europesays.com\/fr\/455389\/","title":{"rendered":"la droite nationaliste manifeste \u00e0 Varsovie contre l\u2019immigration et la politique migratoire de l\u2019UE"},"content":{"rendered":"<p>Des milliers de Polonais ont manifest\u00e9 ce samedi 11\u00a0octobre \u00e0 Varsovie contre \u00ab\u00a0l\u2019immigration ill\u00e9gale\u00a0\u00bb et la politique migratoire europ\u00e9enne, r\u00e9pondant \u00e0 l\u2019appel du principal parti d\u2019opposition, Droit et justice (PiS), soutien du pr\u00e9sident nationaliste Karol Nawrocki, ont constat\u00e9 des journalistes.<\/p>\n<p>Les manifestants se sont rassembl\u00e9s \u00e0 14\u00a0heures (12\u00a0heures GMT) sur la place du Ch\u00e2teau, dans la vieille ville pris\u00e9e des touristes, sous une pluie tenace. Beaucoup \u00e9taient venus en car de province, arborant des drapeaux bleu et blanc ou frapp\u00e9s de l\u2019aigle blanc, symbole de la nation polonaise.<\/p>\n<p>Wieslawa Najdek, une retrait\u00e9e de 64\u00a0ans, a d\u00e9clar\u00e9\u00a0: \u00ab\u00a0J\u2019observe ce qui se passe \u00e0 l\u2019Ouest, j\u2019ai deux enfants qui vivent en Allemagne et je vois le danger qui y r\u00e8gne et son impact sur l\u2019identit\u00e9 des Allemands. Les Allemands se sentent d\u00e9sormais minoritaires dans leur propre pays.\u00a0\u00bb Les enqu\u00eates d\u2019opinion montrent qu\u2019une large majorit\u00e9 de Polonais d\u00e9fendent un resserrement de la politique migratoire et voient d\u2019un \u0153il de moins en moins bienveillant les r\u00e9fugi\u00e9s ukrainiens, y compris chez les \u00e9lecteurs de la coalition gouvernementale pro-UE dirig\u00e9e par Donald Tusk.<\/p>\n<p>L\u2019ex\u00e9cutif polonais n\u2019en est pas moins entr\u00e9 en cohabitation cet \u00e9t\u00e9 apr\u00e8s l\u2019\u00e9lection de Karol Nawrocki \u00e0 la pr\u00e9sidence face \u00e0 Rafal Trzaskowski, maire de la capitale et candidat de la coalition centriste.<\/p>\n<p>L\u2019immigration, un sujet qui divise au sommet de l\u2019\u00c9tat<\/p>\n<p>Le chef de l\u2019\u00c9tat et le gouvernement se heurtent sur la diplomatie, le soutien \u00e0 l\u2019Ukraine ou encore les r\u00e9formes, jug\u00e9es antilib\u00e9rales par Bruxelles, engag\u00e9es par le PiS, au pouvoir entre 2015 et 2023. Sur l\u2019immigration, les deux camps se renvoient la balle. Karol Nawrocki et le PiS d\u00e9noncent en particulier le pacte migratoire europ\u00e9en adopt\u00e9 l\u2019an dernier (la Pologne et la Hongrie ont vot\u00e9 contre), qui pr\u00e9voit la relocalisation de dizaines de milliers de personnes depuis les pays de l\u2019UE dits \u00ab\u00a0de premi\u00e8re ligne\u00a0\u00bb, par lesquels entrent la majorit\u00e9 des migrants, vers d\u2019autres \u00c9tats invit\u00e9s \u00e0 faire preuve de solidarit\u00e9.<\/p>\n<blockquote><p>L\u2019\u00e9crasante majorit\u00e9 des Polonais, toutes tendances politiques confondues, s\u2019opposent \u00e0 la relocalisation forc\u00e9e des migrants en Pologne\u00a0\u00bb<\/p><\/blockquote>\n<p>Le pr\u00e9sident polonais a adress\u00e9 une lettre en ce sens cette semaine \u00e0 la pr\u00e9sidente de la Commission europ\u00e9enne, Ursula von der Leyen, dans laquelle il estime que son pays, o\u00f9 r\u00e9side actuellement environ un million de r\u00e9fugi\u00e9s ukrainiens ayant fui l\u2019invasion russe en 2022, a pris sa part.<\/p>\n<p>\u00ab\u00a0L\u2019\u00e9crasante majorit\u00e9 des Polonais, toutes tendances politiques confondues, s\u2019opposent \u00e0 la relocalisation forc\u00e9e des migrants en Pologne\u00a0\u00bb, pr\u00e9vient-il. \u00ab\u00a0Je ne consentirai pas \u00e0 la mise en \u0153uvre du Pacte sur la migration et l\u2019asile en Pologne.\u00a0\u00bb Un courrier salu\u00e9 par le pr\u00e9sident hongrois Viktor Orban, proche du Kremlin, oppos\u00e9 \u00e0 toute aide militaire \u00e0 l\u2019Ukraine, et en conflit ouvert avec Bruxelles sur l\u2019\u00c9tat de droit. \u00ab\u00a0L\u2019Europe bouge\u00a0: le pr\u00e9sident Nawrocki refuse d\u2019appliquer le Pacte migratoire en Pologne\u00a0\u00bb, s\u2019est-il r\u00e9joui sur X. \u00ab\u00a0Nous refusons aussi. Maintenant nous sommes deux. Si un troisi\u00e8me nous rejoint, ce sera d\u00e9j\u00e0 une r\u00e9bellion.\u00a0\u00bb<\/p>\n<p>Dans une publication sur X publi\u00e9e peu avant la manifestation, le Premier ministre Donald Tusk a assur\u00e9 que la Pologne ne serait pas concern\u00e9e par les relocalisations pr\u00e9vues dans le pacte migratoire. La Commission de Bruxelles doit d\u00e9tailler ses plans le 15\u00a0octobre.<\/p>\n<p>Tusk contre-attaque\u00a0: qui a vraiment ouvert les portes de la Pologne\u00a0?<\/p>\n<p>Oppos\u00e9 lui aussi \u00e0 l\u2019accueil de nouveaux r\u00e9fugi\u00e9s, Donald Tusk a ironis\u00e9 en rappelant que la Pologne avait accord\u00e9 un nombre record de permis de s\u00e9jour sous les gouvernements dirig\u00e9s par le PiS entre 2015 et 2023. Il a tenu Jaroslaw Kaczynski, pr\u00e9sident du parti depuis 2003 et promoteur de la manifestation de samedi, comptable de ces statistiques. \u00ab\u00a0Seul Jaroslaw Kaczynski est capable d\u2019attirer un nombre record de migrants en Pologne et d\u2019appeler ensuite \u00e0 des manifestations contre l\u2019immigration\u00a0\u00bb, a-t-il \u00e9crit sur X.<\/p>\n<p>Selon Eurostat en effet, la Pologne a accord\u00e9 6\u00a0millions de permis de s\u00e9jour entre 2015 et 2023, l\u2019Allemagne 4,3\u00a0millions et la France 2,4\u00a0millions. En 2024, Varsovie en a d\u00e9livr\u00e9 pr\u00e8s de 489\u00a0000, le 3e plus haut chiffre de l\u2019UE apr\u00e8s l\u2019Espagne et l\u2019Allemagne, mais le plus bas pour la Pologne depuis 2014.<\/p>\n","protected":false},"excerpt":{"rendered":"Des milliers de Polonais ont manifest\u00e9 ce samedi 11\u00a0octobre \u00e0 Varsovie contre \u00ab\u00a0l\u2019immigration ill\u00e9gale\u00a0\u00bb et la politique migratoire&hellip;\n","protected":false},"author":2,"featured_media":455390,"comment_status":"","ping_status":"","sticky":false,"template":"","format":"standard","meta":{"footnotes":""},"categories":[1586],"tags":[11,1777,674,1779,1011,27,12,25,1778,364],"class_list":{"0":"post-455389","1":"post","2":"type-post","3":"status-publish","4":"format-standard","5":"has-post-thumbnail","7":"category-europe","8":"tag-actualites","9":"tag-eu","10":"tag-europe","11":"tag-european-union","12":"tag-fr","13":"tag-france","14":"tag-news","15":"tag-republique-francaise","16":"tag-ue","17":"tag-union-europeenne"},"share_on_mastodon":{"url":"https:\/\/pubeurope.com\/@fr\/115356386184925940","error":""},"_links":{"self":[{"href":"https:\/\/www.europesays.com\/fr\/wp-json\/wp\/v2\/posts\/455389","targetHints":{"allow":["GET"]}}],"collection":[{"href":"https:\/\/www.europesays.com\/fr\/wp-json\/wp\/v2\/posts"}],"about":[{"href":"https:\/\/www.europesays.com\/fr\/wp-json\/wp\/v2\/types\/post"}],"author":[{"embeddable":true,"href":"https:\/\/www.europesays.com\/fr\/wp-json\/wp\/v2\/users\/2"}],"replies":[{"embeddable":true,"href":"https:\/\/www.europesays.com\/fr\/wp-json\/wp\/v2\/comments?post=455389"}],"version-history":[{"count":0,"href":"https:\/\/www.europesays.com\/fr\/wp-json\/wp\/v2\/posts\/455389\/revisions"}],"wp:featuredmedia":[{"embeddable":true,"href":"https:\/\/www.europesays.com\/fr\/wp-json\/wp\/v2\/media\/455390"}],"wp:attachment":[{"href":"https:\/\/www.europesays.com\/fr\/wp-json\/wp\/v2\/media?parent=455389"}],"wp:term":[{"taxonomy":"category","embeddable":true,"href":"https:\/\/www.europesays.com\/fr\/wp-json\/wp\/v2\/categories?post=455389"},{"taxonomy":"post_tag","embeddable":true,"href":"https:\/\/www.europesays.com\/fr\/wp-json\/wp\/v2\/tags?post=455389"}],"curies":[{"name":"wp","href":"https:\/\/api.w.org\/{rel}","templated":true}]}}