{"id":455391,"date":"2025-10-11T16:05:11","date_gmt":"2025-10-11T16:05:11","guid":{"rendered":"https:\/\/www.europesays.com\/fr\/455391\/"},"modified":"2025-10-11T16:05:11","modified_gmt":"2025-10-11T16:05:11","slug":"en-direct-accord-sur-gaza-emmanuel-macron-annonce-se-rendre-lundi-en-egypte-liberation","status":"publish","type":"post","link":"https:\/\/www.europesays.com\/fr\/455391\/","title":{"rendered":"EN DIRECT &#8211; Accord sur Gaza\u00a0: Emmanuel Macron annonce se rendre lundi en Egypte \u2013 Lib\u00e9ration"},"content":{"rendered":"<p class=\"sc-cPiKLX AiZTS text-element\"><a href=\"https:\/\/www.aljazeera.com\/news\/liveblog\/2025\/10\/11\/live-trump-says-captive-swap-due-monday-as-israel-gaza-ceasefire-unfolds\" target=\"_blank\" rel=\"noopener\" title=\"https:\/\/www.aljazeera.com\/news\/liveblog\/2025\/10\/11\/live-trump-says-captive-swap-due-monday-as-israel-gaza-ceasefire-unfolds\">Interrog\u00e9s par la cha\u00eene qatarie Al-Jazeera<\/a>, des Palestiniens t\u00e9moignent de leur soulagement apr\u00e8s l\u2019entr\u00e9e en vigueur du cessez-le-feu, vendredi matin. \u00abLa peur qui nous habitait a disparu, et maintenant nous pouvons revoir nos proches, nos familles, nos voisins et nos amis encore en vie. Depuis que les combats ont cess\u00e9, je suis vraiment heureuse. Aujourd\u2019hui, je suis all\u00e9e au march\u00e9 rendre visite \u00e0 ma s\u0153ur. Je ne l\u2019avais pas vue depuis deux ans\u00bb, explique une habitante, dont le nom n\u2019est pas cit\u00e9. \u00abLa seule chose qui plane au-dessus de Gaza cette nuit [la nuit derni\u00e8re], c\u2019est l\u2019espoir. Pas de drones. Pas de bombes. Pas de ciel orange. Juste le silence, un son si rare ici qu\u2019il para\u00eet presque \u00e9trange\u00bb, d\u00e9crit Hind Khoudary, qui travaille comme journaliste pour Al-Jazeera. <\/p>\n","protected":false},"excerpt":{"rendered":"Interrog\u00e9s par la cha\u00eene qatarie Al-Jazeera, des Palestiniens t\u00e9moignent de leur soulagement apr\u00e8s l\u2019entr\u00e9e en vigueur du cessez-le-feu,&hellip;\n","protected":false},"author":2,"featured_media":455392,"comment_status":"","ping_status":"","sticky":false,"template":"","format":"standard","meta":{"footnotes":""},"categories":[2],"tags":[11,75,1011,27,3517,3522,664,3523,12,25],"class_list":{"0":"post-455391","1":"post","2":"type-post","3":"status-publish","4":"format-standard","5":"has-post-thumbnail","7":"category-actualites","8":"tag-actualites","9":"tag-donald-trump","10":"tag-fr","11":"tag-france","12":"tag-gaza-l-escalade","13":"tag-guerre-hamas-israel","14":"tag-israel","15":"tag-israel-palestine-conflit","16":"tag-news","17":"tag-republique-francaise"},"share_on_mastodon":{"url":"https:\/\/pubeurope.com\/@fr\/115356390165071175","error":""},"_links":{"self":[{"href":"https:\/\/www.europesays.com\/fr\/wp-json\/wp\/v2\/posts\/455391","targetHints":{"allow":["GET"]}}],"collection":[{"href":"https:\/\/www.europesays.com\/fr\/wp-json\/wp\/v2\/posts"}],"about":[{"href":"https:\/\/www.europesays.com\/fr\/wp-json\/wp\/v2\/types\/post"}],"author":[{"embeddable":true,"href":"https:\/\/www.europesays.com\/fr\/wp-json\/wp\/v2\/users\/2"}],"replies":[{"embeddable":true,"href":"https:\/\/www.europesays.com\/fr\/wp-json\/wp\/v2\/comments?post=455391"}],"version-history":[{"count":0,"href":"https:\/\/www.europesays.com\/fr\/wp-json\/wp\/v2\/posts\/455391\/revisions"}],"wp:featuredmedia":[{"embeddable":true,"href":"https:\/\/www.europesays.com\/fr\/wp-json\/wp\/v2\/media\/455392"}],"wp:attachment":[{"href":"https:\/\/www.europesays.com\/fr\/wp-json\/wp\/v2\/media?parent=455391"}],"wp:term":[{"taxonomy":"category","embeddable":true,"href":"https:\/\/www.europesays.com\/fr\/wp-json\/wp\/v2\/categories?post=455391"},{"taxonomy":"post_tag","embeddable":true,"href":"https:\/\/www.europesays.com\/fr\/wp-json\/wp\/v2\/tags?post=455391"}],"curies":[{"name":"wp","href":"https:\/\/api.w.org\/{rel}","templated":true}]}}