{"id":455399,"date":"2025-10-11T16:11:11","date_gmt":"2025-10-11T16:11:11","guid":{"rendered":"https:\/\/www.europesays.com\/fr\/455399\/"},"modified":"2025-10-11T16:11:11","modified_gmt":"2025-10-11T16:11:11","slug":"a-quelle-heure-et-sur-quelle-chaine-suivre-la-finale-entre-arthur-rinderknech-et-valentin-vacherot-lequipe","status":"publish","type":"post","link":"https:\/\/www.europesays.com\/fr\/455399\/","title":{"rendered":"\u00c0 quelle heure et sur quelle chaine suivre la finale entre Arthur Rinderknech et Valentin Vacherot &#8211; L&#039;\u00c9quipe"},"content":{"rendered":"<ol>\n<li><a href=\"https:\/\/news.google.com\/rss\/articles\/CBMihgJBVV95cUxONEZ3MkhSVUxWMWtURzBnMS1oOXFrMlJ5ZGpuTUxaeXp3TFBxTVRMM0h2aDJCRXprLWgySWN5c1RHQkthSnZFLUtLc2xYY25BNTNVWFFCdHF4SXo3emZheUZ6d3g1YkZ4Wk5BeUs5S0FTV0RsNWFKNDRFRjNpYkJjVWFuYXVGa1dYeXdaemxKUU9aOE1OMWxCSFBfMHdmQTcyM1ltaFpPTGxfOURRdkZsNjBPRmh1dmR3a0k2bTZKdEQtWUplX2FqMXZRU1Nyc3FNOXU5Z1RwLTBfX2ZkcWRFSmhOWjA2WU1ucWNELVFJS2IyR1ZyQmxxV09LejF5anBJeFF2OVNB?oc=5\" target=\"_blank\" rel=\"nofollow noopener\">\u00c0 quelle heure et sur quelle chaine suivre la finale entre Arthur Rinderknech et Valentin Vacherot<\/a>&nbsp;&nbsp;L&rsquo;\u00c9quipe<\/li>\n<li><a href=\"https:\/\/news.google.com\/rss\/articles\/CBMiqAJBVV95cUxQQXdtTU81TENGN3dmamhIRWtZZ2xDUnJCajc1U0tNVEVoU21Yd0Jwck4wM2RXNW9vOXdib2I3X3FZRldWbzZxZG45cnR1QWtkdWVacjZvOFlUc0JHLU4yWGV4enFCM1E0bTlVUFo2YU5OWkxMNGt3RmpGM0FrSFlVTVRxXzZnT0NpUl8xanZwTDE0V3BTejZ4MGQ0Z3g4MVpQMDZUZ2RoOF9JbThaRS1fSGpDRW50WXNYUXdvdTYyc1JPNDhiUXM1UkU3azhOdHM4S20xTDhzaEJVUUlwTGJiRlotSlk4dHdmQnpvT1dET3JOcG1MU1NHU3BQQnJJdHoyRm9oUVlEVUkzS19kaXJKNzIzUnE4bG5GMDBfNUFGc3ZMSk9ZZjBlXw?oc=5\" target=\"_blank\" rel=\"nofollow noopener\">Irr\u00e9el jusqu&rsquo;au bout : Arthur Rinderknech en finale contre Valentin Vacherot !<\/a>&nbsp;&nbsp;Eurosport<\/li>\n<li><a href=\"https:\/\/news.google.com\/rss\/articles\/CBMinAJBVV95cUxQb1BTUmd3WkFVM0d5WU5XdGtUeXFQbEc4NTB4dTJoYjZETlRlWjU5SVV2X1paRW1DZUFQTnNkOHA2dEU3WHgzcURSTnlsRnNqdTJfYUkxMEJYZS1nVEN0cTNrWVA2c2VEVWdlR2NEa3NnTklXYnpmSXdIdDN2dzBnZlBqVzBiN0RsM0RqSHdlX0lCRkV5WGRneTNtOU5JZGZHZGRNVEdxMXlPNEhjMlliZTV0dFA1aHdTVXBtaDJiLTdwVHktX1ZKSDhRZlhwdjFZT3EtX3pqM2tRYVd0MHBNZDNGQmtsM2hYVjNRckR5ZFJ4SUhoTDRuTXk5RmpSZDNONWtEZ0x6TjM5clhNWGpWd0dRTUd0cDNBSXVhbw?oc=5\" target=\"_blank\" rel=\"nofollow noopener\">\u00ab Le regard des autres a chang\u00e9, les joueurs le craignent \u00bb : coach d&rsquo;Arthur Rinderknech, Lucas Pouille d\u00e9crypte la performance de son prot\u00e9g\u00e9 \u00e0 Shanghai<\/a>&nbsp;&nbsp;L&rsquo;\u00c9quipe<\/li>\n<li><a href=\"https:\/\/news.google.com\/rss\/articles\/CBMi3AFBVV95cUxObzIyWFpOdE1Na2RHdE9YS2NOdVlwQTBhcWtDWHpYTXFzUTB0VkxqenQxdHktdmFZTW1LcE9CZlJpbEJWeWxHc3JUUURMR01Sbk1mSXZ2SU15emdxN1E4Z2k0RC1wOW1tT3dnZVJNWkNVbzZRTVk3LUkwTmhEMTlyUkpFY1lrNVRzLXktOXY2YUpOZW9yRHdGb05TSUNlb1VuMGpsRGlWMkxxU3F2ZjFCbEJSOWdTTkJmakxZT3NhdEFnR2RaRkxyN3JVekxvYWtBWVd4N1BBQUpUMjc40gHbAUFVX3lxTE45dUFfVm1aX3p0cUpUMVQ3RC1CZ1dwMGRUZjBVODZCZzRqLU9HVWZNS3N4Z1IxZTV2bG9XbndlQm8yUmRDcHYwMnl2Y0hoUENZOTFlclFHUWpCck1MUWZqcTh4dmVnWFpXSVhzcjFfOHgxQUVQVXZLQW1WWGtfeVZtSXhra3BfR1ZPWkRSMUZhZ2ljWnJPemJzWWZUX29KVDlmd2ZadEgzUHVxd1A3Z3kzSFlabjlMcmh3ZVhTUC11akJiTzdUOFN1MS1rZnV2SThIbkxwaUVpaFpoNA?oc=5\" target=\"_blank\" rel=\"nofollow noopener\">ATP &#8211; Shanghai : Rinderknech fait tomber Medvedev et affrontera son cousin en finale !<\/a>&nbsp;&nbsp;Orange Actualit\u00e9s | Sports<\/li>\n<li><a href=\"https:\/\/news.google.com\/rss\/articles\/CBMiygFBVV95cUxQMFlrTVBQWDJFT3dURjRUdS1SNU5GMWhyVHFTcHBOM2o3Q0dwUnZFV2pOZEEtNkJUcFNQbnk2cGFlR3YtZ1BqMTB6TjFUNl9ZWWcyV3VVUEVVXzh3ZnY3eEZLTTEwU1kzMmJtNjRzNXNGVGt0c1BFR0VEYWxvME9CM0JZb1NkcDJFSlVFdlJzd3kzUzZDbW1HSlczSW1YV3ZqazgyTExnYjVRVWRRSDBQc1RYTmVGQmx3aWhrdWUzRktoREtTRVMxeldB?oc=5\" target=\"_blank\" rel=\"nofollow noopener\">Tennis : avec Valentin Vacherot, \u00abon a d\u00e9j\u00e0 gagn\u00e9\u00bb, savoure Rinderknech avant la finale \u00e0 Shanghai<\/a>&nbsp;&nbsp;Le Figaro<\/li>\n<\/ol>\n","protected":false},"excerpt":{"rendered":"\u00c0 quelle heure et sur quelle chaine suivre la finale entre Arthur Rinderknech et Valentin Vacherot&nbsp;&nbsp;L&rsquo;\u00c9quipe Irr\u00e9el jusqu&rsquo;au&hellip;\n","protected":false},"author":2,"featured_media":455400,"comment_status":"","ping_status":"","sticky":false,"template":"","format":"standard","meta":{"footnotes":""},"categories":[1415],"tags":[1011,27,60,1467],"class_list":{"0":"post-455399","1":"post","2":"type-post","3":"status-publish","4":"format-standard","5":"has-post-thumbnail","7":"category-tennis","8":"tag-fr","9":"tag-france","10":"tag-sports","11":"tag-tennis"},"share_on_mastodon":{"url":"https:\/\/pubeurope.com\/@fr\/115356413692240797","error":""},"_links":{"self":[{"href":"https:\/\/www.europesays.com\/fr\/wp-json\/wp\/v2\/posts\/455399","targetHints":{"allow":["GET"]}}],"collection":[{"href":"https:\/\/www.europesays.com\/fr\/wp-json\/wp\/v2\/posts"}],"about":[{"href":"https:\/\/www.europesays.com\/fr\/wp-json\/wp\/v2\/types\/post"}],"author":[{"embeddable":true,"href":"https:\/\/www.europesays.com\/fr\/wp-json\/wp\/v2\/users\/2"}],"replies":[{"embeddable":true,"href":"https:\/\/www.europesays.com\/fr\/wp-json\/wp\/v2\/comments?post=455399"}],"version-history":[{"count":0,"href":"https:\/\/www.europesays.com\/fr\/wp-json\/wp\/v2\/posts\/455399\/revisions"}],"wp:featuredmedia":[{"embeddable":true,"href":"https:\/\/www.europesays.com\/fr\/wp-json\/wp\/v2\/media\/455400"}],"wp:attachment":[{"href":"https:\/\/www.europesays.com\/fr\/wp-json\/wp\/v2\/media?parent=455399"}],"wp:term":[{"taxonomy":"category","embeddable":true,"href":"https:\/\/www.europesays.com\/fr\/wp-json\/wp\/v2\/categories?post=455399"},{"taxonomy":"post_tag","embeddable":true,"href":"https:\/\/www.europesays.com\/fr\/wp-json\/wp\/v2\/tags?post=455399"}],"curies":[{"name":"wp","href":"https:\/\/api.w.org\/{rel}","templated":true}]}}