{"id":455401,"date":"2025-10-11T16:13:16","date_gmt":"2025-10-11T16:13:16","guid":{"rendered":"https:\/\/www.europesays.com\/fr\/455401\/"},"modified":"2025-10-11T16:13:16","modified_gmt":"2025-10-11T16:13:16","slug":"motogp-indonesie-j3-fabio-di-giannantonio-ducati-9-lucide-il-y-a-8-pilotes-qui-ont-fait-du-meilleur-travail","status":"publish","type":"post","link":"https:\/\/www.europesays.com\/fr\/455401\/","title":{"rendered":"MotoGP, Indon\u00e9sie J3, Fabio Di Giannantonio (Ducati\/9) lucide : \u00ab\u00a0Il y a 8 pilotes qui ont fait du meilleur travail\u00a0\u00bb"},"content":{"rendered":"<p><strong>Fabio Di Giannantonio a \u00e9t\u00e9 en difficult\u00e9 en Indon\u00e9sie<br \/>\nmais ne se cherche pas d\u2019excuse, consid\u00e9rant que lui et son \u00e9quipe<br \/>\ndoivent \u00ab\u00a0essayer de progresser\u00a0\u00bb.<\/strong><\/p>\n<p>La tourn\u00e9e Outre-Mer ne se passe pour l\u2019instant pas comme<br \/>\n<strong>Fabio Di Giannantonio<\/strong> l\u2019aurait souhait\u00e9. Alors<br \/>\nqu\u2019il arrivait de trois podiums d\u00e9croch\u00e9s en course sprint en<br \/>\nHongrie, en Catalogne et \u00e0 Saint-Marin, il a connu un GP compliqu\u00e9<br \/>\nau Japon, avec deux 13e places et, si la situation s\u2019est un peu<br \/>\nam\u00e9lior\u00e9e en Indon\u00e9sie, il n\u2019a pas \u00e9t\u00e9 en mesure de se battre aux<br \/>\navant-postes.<\/p>\n<p>Hors du top 10 le vendredi, il a d\u00fb passer par la Q1 le samedi.<br \/>\nIl s\u2019en est sauv\u00e9 aux c\u00f4t\u00e9s de Marc M\u00e1rquez, mais n\u2019a pu faire<br \/>\nmieux que 11e sur la grille. Il a ensuite termin\u00e9 huiti\u00e8me de la<br \/>\ncourse sprint, non sans <a href=\"https:\/\/www.paddock-gp.com\/motogp-indonesie-j2-fabio-di-giannantonio-ducati-q11-s8-en-colere-contre-morbidelli-il-a-encore-ruine-ma-course-avec-des-depassements-stupides\/\" target=\"_blank\" rel=\"noopener nofollow\">s\u2019\u00eatre \u00e9nerv\u00e9 contre son co\u00e9quipier<br \/>\nFranco Morbidelli<\/a>, et esp\u00e9rait passer un cap le dimanche<\/p>\n<p>Celui-ci ne s\u2019est pas fait. Apr\u00e8s un d\u00e9part manqu\u00e9, qui lui a<br \/>\nfait perdre deux places, il a pass\u00e9 une grande partie de la course<br \/>\nau 12e rang, apr\u00e8s la chute de Joan Mir, et n\u2019a commenc\u00e9 \u00e0 remonter<br \/>\nqu\u2019\u00e0 huit tours de l\u2019arriv\u00e9e pour finalement terminer neuvi\u00e8me. Un<br \/>\nr\u00e9sultat loin de ses attentes, mais qu\u2019il attribue aux difficult\u00e9s<br \/>\nque rencontre la GP25 lorsqu\u2019il roule derri\u00e8re un autre pilote.<\/p>\n<p>\u00ab\u00a0\u00c7a a \u00e9t\u00e9 une course difficile. Si je prenais les<br \/>\nbonnes trajectoires pour freiner, j\u2019\u00e9tais beaucoup plus lent, alors<br \/>\nje devais piloter d\u2019une mani\u00e8re bizarre, disons pas naturelle. Mais<br \/>\nc\u2019est comme \u00e7a depuis le d\u00e9but de l\u2019ann\u00e9e, alors on fait avec et on<br \/>\nessaie d\u2019am\u00e9liorer la moto, mais on n\u2019a toujours pas de solution<br \/>\nquand les conditions sont un peu plus critiques pour<br \/>\nnous\u00a0\u00bb, a-t-il d\u00e9clar\u00e9.<\/p>\n<p><img loading=\"lazy\" decoding=\"async\" class=\"aligncenter size-full wp-image-1337719\" src=\"https:\/\/www.europesays.com\/fr\/wp-content\/uploads\/2025\/10\/G2kfGYzW8AABaqW.jpg\" alt=\"Fabio Di Giannantonio Indon\u00e9sie\" width=\"800\" height=\"533\"  \/><\/p>\n<p>Si les deux pilotes Ducati officiels, qui roulent comme lui sur<br \/>\nla GP25, ont \u00e9galement eu du mal en Indon\u00e9sie, <strong>Di<br \/>\nGiannantonio<\/strong> se montre toutefois lucide, et reconna\u00eet que<br \/>\nlui et son \u00e9quipe doivent encore travailler pour se rapprocher des<br \/>\npremiers, en plus d\u2019acter leur fa\u00e7on de travailler avec les deux<br \/>\nmotos \u00e0 leur disposition.<\/p>\n<p>\u00ab\u00a0Aujourd\u2019hui, il y a huit pilotes devant nous qui ont<br \/>\nfait du meilleur travail. Mon regret concernant ce week-end, c\u2019est<br \/>\nd\u2019avoir utilis\u00e9 deux motos avec des r\u00e9glages diff\u00e9rents, et je<br \/>\npense que \u00e7a a beaucoup ralenti le travail, du moins la pr\u00e9paration<br \/>\npour la course principale. Donc, s\u2019il \u00e9tait possible de recommencer<br \/>\nle week-end, j\u2019essaierais certainement d\u2019utiliser une seule<br \/>\nconfiguration et de travailler dessus\u00a0\u00bb, a-t-il<br \/>\npoursuivi.<\/p>\n<p>\u00ab\u00a0Je commence toujours le week-end en essayant de tout<br \/>\ndonner. Si c\u2019\u00e9tait \u00e7a le maximum ce week-end, il faut juste<br \/>\nl\u2019analyser et essayer de progresser. On n\u2019arrive jamais \u00e0 une<br \/>\ncourse en pensant qu\u2019on peut \u00eatre dernier. On pense toujours qu\u2019on<br \/>\npeut monter sur le podium le dimanche, mais apr\u00e8s, il faut y<br \/>\narriver. Il faut travailler, et les autres constructeurs<br \/>\ntravaillent tout autant que nous.\u00a0\u00bb<\/p>\n<p><strong>R\u00e9sultats du Grand Prix d\u2019Indon\u00e9sie 2025<br \/>\n:<\/strong><\/p>\n<p><img loading=\"lazy\" decoding=\"async\" class=\"aligncenter size-full wp-image-1336517\" src=\"https:\/\/www.europesays.com\/fr\/wp-content\/uploads\/2025\/10\/Capture-decran-2025-10-05-101114.png\" alt=\"GP Indon\u00e9sie\" width=\"810\" height=\"485\"  \/><\/p>\n<p>Cr\u00e9dit classement :\u00a0<a href=\"https:\/\/www.motogp.com\/fr\/live+timing\/data-timing\/standing\" target=\"_blank\" rel=\"noopener nofollow\">MotoGP.com<\/a><\/p>\n","protected":false},"excerpt":{"rendered":"Fabio Di Giannantonio a \u00e9t\u00e9 en difficult\u00e9 en Indon\u00e9sie mais ne se cherche pas d\u2019excuse, consid\u00e9rant que lui&hellip;\n","protected":false},"author":2,"featured_media":455402,"comment_status":"","ping_status":"","sticky":false,"template":"","format":"standard","meta":{"footnotes":""},"categories":[1413],"tags":[1011,27,1457,1456,60],"class_list":{"0":"post-455401","1":"post","2":"type-post","3":"status-publish","4":"format-standard","5":"has-post-thumbnail","7":"category-moto","8":"tag-fr","9":"tag-france","10":"tag-moto","11":"tag-motocycle","12":"tag-sports"},"share_on_mastodon":{"url":"https:\/\/pubeurope.com\/@fr\/115356422253372008","error":""},"_links":{"self":[{"href":"https:\/\/www.europesays.com\/fr\/wp-json\/wp\/v2\/posts\/455401","targetHints":{"allow":["GET"]}}],"collection":[{"href":"https:\/\/www.europesays.com\/fr\/wp-json\/wp\/v2\/posts"}],"about":[{"href":"https:\/\/www.europesays.com\/fr\/wp-json\/wp\/v2\/types\/post"}],"author":[{"embeddable":true,"href":"https:\/\/www.europesays.com\/fr\/wp-json\/wp\/v2\/users\/2"}],"replies":[{"embeddable":true,"href":"https:\/\/www.europesays.com\/fr\/wp-json\/wp\/v2\/comments?post=455401"}],"version-history":[{"count":0,"href":"https:\/\/www.europesays.com\/fr\/wp-json\/wp\/v2\/posts\/455401\/revisions"}],"wp:featuredmedia":[{"embeddable":true,"href":"https:\/\/www.europesays.com\/fr\/wp-json\/wp\/v2\/media\/455402"}],"wp:attachment":[{"href":"https:\/\/www.europesays.com\/fr\/wp-json\/wp\/v2\/media?parent=455401"}],"wp:term":[{"taxonomy":"category","embeddable":true,"href":"https:\/\/www.europesays.com\/fr\/wp-json\/wp\/v2\/categories?post=455401"},{"taxonomy":"post_tag","embeddable":true,"href":"https:\/\/www.europesays.com\/fr\/wp-json\/wp\/v2\/tags?post=455401"}],"curies":[{"name":"wp","href":"https:\/\/api.w.org\/{rel}","templated":true}]}}