{"id":455405,"date":"2025-10-11T16:15:13","date_gmt":"2025-10-11T16:15:13","guid":{"rendered":"https:\/\/www.europesays.com\/fr\/455405\/"},"modified":"2025-10-11T16:15:13","modified_gmt":"2025-10-11T16:15:13","slug":"malgre-une-crevaison-dans-le-dernier-tour-dorian-godon-simpose-au-sprint-sur-le-tour-de-vendee-lequipe","status":"publish","type":"post","link":"https:\/\/www.europesays.com\/fr\/455405\/","title":{"rendered":"Malgr\u00e9 une crevaison dans le dernier tour, Dorian Godon s&#039;impose au sprint sur le Tour de Vend\u00e9e &#8211; L&#039;\u00c9quipe"},"content":{"rendered":"<ol>\n<li><a href=\"https:\/\/news.google.com\/rss\/articles\/CBMi7AFBVV95cUxNczhkWWpJVVJUZ3J4SkhndDdnUWhHMzNMTVRYaUhDUEQxclhlY3lCYnRnQTQtVVdLVmNtajI0X0NocXY3U1gxTXo2eVRYSk55WVFiNUpIbjYtZzVXaHBPNXJTZVhQSms4ZlhMMWZ3RjRCcmNyN2ZpU0hzWmU1SE5icDVGeU5ncnhZbDBNWHNHNGpzNDJ5VDdLZ3RFRW1LYlhwaFZiWFlUR1V4N0NpU05zUXJrRm9SV2k3Uk10ZEV6bENaMkNPUFdPYXpPR0FxazZneFp1N01LNm9rRzZ0UkY4cFVXMGo4ekJaWFg0Yg?oc=5\" target=\"_blank\" rel=\"nofollow noopener\">Malgr\u00e9 une crevaison dans le dernier tour, Dorian Godon s&rsquo;impose au sprint sur le Tour de Vend\u00e9e<\/a>&nbsp;&nbsp;L&rsquo;\u00c9quipe<\/li>\n<li><a href=\"https:\/\/news.google.com\/rss\/articles\/CBMihwJBVV95cUxPcEZwemROOGpQa2RfcjZJTjY3RlNNai01U2R5UW5YeWlfT0k0WVZWT0p0T1hER2tBWFc5eEtfQ2JXM0JPSURnREkzYnFFeWF4bFBjdTBqOVlwMGM5WnBNN0VLTnBLbjh3cUptWmMxNVg3UGxNRTZ6T21iU2d3THJ5R2gwVmVIV1p5ZHZ3RW13cDYtemswMXdsZS1GVVVkZXZGZTJnMkI5bXc3MnNPUnpnOU1hRTg2WkthOFRLaFd0N0lEUjBnbmpOSGo2RUw4LURYNWt4elJWM3JhRXB1b1FMOV9sVVU1YjJTXzJfcUdIck9UdkEzcU5qWmRscml5UmRpOEwtbU1BWQ?oc=5\" target=\"_blank\" rel=\"nofollow noopener\">Tour de Vend\u00e9e. Dorian Godon s&rsquo;impose au sprint, Cl\u00e9ment Venturini remporte la Coupe de France<\/a>&nbsp;&nbsp;Ouest-France<\/li>\n<li><a href=\"https:\/\/news.google.com\/rss\/articles\/CBMieEFVX3lxTE9SUkM0NExId0QwTHBrUnRveWFjSFFoYlFNcEd2bkF1UnRCMHNRamRaZ2xRcTNiU2dZWGpqTXNqSkJBSExkWHU4aWo3eHcwb3U4UFRTZEVtenNZTTF4REdrWnJ0QS1HN2ZlaElIaXI3R1BGMC1UYUhWTQ?oc=5\" target=\"_blank\" rel=\"nofollow noopener\">Tour de Vend\u00e9e : Classement<\/a>&nbsp;&nbsp;DirectVelo<\/li>\n<li><a href=\"https:\/\/news.google.com\/rss\/articles\/CBMiigFBVV95cUxPNDA1Q3RVWWFTZmdUaGVfQnFubURLSjlZdV9ta2JudmhfNXNIcWRBdDJNcjF6VGZrQ3RVaU5GalRZY2ZrVVZRelBlVTkzd0c4MlJ4dUhFNjFNTGI1cE5KX2lldFVFd1lTTk1XTUNiRm84Z3kzNjZaanZCYzNwRFR2M2UyUmt6QXFUV2c?oc=5\" target=\"_blank\" rel=\"nofollow noopener\">Cyclisme. Cl\u00e9ment Venturini veut assurer en Vend\u00e9e<\/a>&nbsp;&nbsp;Le Progr\u00e8s<\/li>\n<li><a href=\"https:\/\/news.google.com\/rss\/articles\/CBMi7wFBVV95cUxPUUM1VUQyTzJHcDF2dktzVjJXN2xHVGF5YzMtQ241WGw3bDB6eXUycHhHc0ZFWWFsOTdfZVVnd0o5emRJN2JrendENXBjQ1Jtd3NlY29ZZ3VuWmFWQ2M5a1R3dmVEY0JWOXh5UzZod2VzaXpIRW52TXFtTXIxOUlFTkVNVVlBZW9RMXY5b2pfOWxrcGl5ZjEzUU9MZWVTXzdoRk5NZ0hKMVBFY2VwMkFtVkc0NGlmMVRxQjJ3cXFYdktLaWFJdzJFWXdtVFNwbl9uYk9oanJ2VHNrWjNUNnpRSEQ5RU81NHlmRVRxQ01XNA?oc=5\" target=\"_blank\" rel=\"nofollow noopener\">Tour de Vend\u00e9e. \u00ab Je suis tr\u00e8s motiv\u00e9 \u00bb : Lorrenzo Manzin, une arriv\u00e9e chez lui \u00e0 Dompierre-sur-Yon<\/a>&nbsp;&nbsp;MaVille.com &#8211; Rennes<\/li>\n<\/ol>\n","protected":false},"excerpt":{"rendered":"Malgr\u00e9 une crevaison dans le dernier tour, Dorian Godon s&rsquo;impose au sprint sur le Tour de Vend\u00e9e&nbsp;&nbsp;L&rsquo;\u00c9quipe Tour&hellip;\n","protected":false},"author":2,"featured_media":455406,"comment_status":"","ping_status":"","sticky":false,"template":"","format":"standard","meta":{"footnotes":""},"categories":[1411],"tags":[1154,207,1011,27,60],"class_list":{"0":"post-455405","1":"post","2":"type-post","3":"status-publish","4":"format-standard","5":"has-post-thumbnail","7":"category-cyclisme","8":"tag-cycling","9":"tag-cyclisme","10":"tag-fr","11":"tag-france","12":"tag-sports"},"share_on_mastodon":{"url":"https:\/\/pubeurope.com\/@fr\/115356429542883920","error":""},"_links":{"self":[{"href":"https:\/\/www.europesays.com\/fr\/wp-json\/wp\/v2\/posts\/455405","targetHints":{"allow":["GET"]}}],"collection":[{"href":"https:\/\/www.europesays.com\/fr\/wp-json\/wp\/v2\/posts"}],"about":[{"href":"https:\/\/www.europesays.com\/fr\/wp-json\/wp\/v2\/types\/post"}],"author":[{"embeddable":true,"href":"https:\/\/www.europesays.com\/fr\/wp-json\/wp\/v2\/users\/2"}],"replies":[{"embeddable":true,"href":"https:\/\/www.europesays.com\/fr\/wp-json\/wp\/v2\/comments?post=455405"}],"version-history":[{"count":0,"href":"https:\/\/www.europesays.com\/fr\/wp-json\/wp\/v2\/posts\/455405\/revisions"}],"wp:featuredmedia":[{"embeddable":true,"href":"https:\/\/www.europesays.com\/fr\/wp-json\/wp\/v2\/media\/455406"}],"wp:attachment":[{"href":"https:\/\/www.europesays.com\/fr\/wp-json\/wp\/v2\/media?parent=455405"}],"wp:term":[{"taxonomy":"category","embeddable":true,"href":"https:\/\/www.europesays.com\/fr\/wp-json\/wp\/v2\/categories?post=455405"},{"taxonomy":"post_tag","embeddable":true,"href":"https:\/\/www.europesays.com\/fr\/wp-json\/wp\/v2\/tags?post=455405"}],"curies":[{"name":"wp","href":"https:\/\/api.w.org\/{rel}","templated":true}]}}