{"id":455407,"date":"2025-10-11T16:16:10","date_gmt":"2025-10-11T16:16:10","guid":{"rendered":"https:\/\/www.europesays.com\/fr\/455407\/"},"modified":"2025-10-11T16:16:10","modified_gmt":"2025-10-11T16:16:10","slug":"pavard-va-rejoindre-les-bleus-en-islande","status":"publish","type":"post","link":"https:\/\/www.europesays.com\/fr\/455407\/","title":{"rendered":"Pavard va rejoindre les Bleus en Islande"},"content":{"rendered":"<p><strong><\/p>\n<p>Benjamin Pavard (29 ans) vient d\u2019\u00eatre r\u00e9compens\u00e9 de son bon d\u00e9but de saison avec l\u2019Olympique de Marseille.<\/p>\n<p><\/strong><\/p>\n<p>Pour compenser le forfait du d\u00e9fenseur de Liverpool Ibrahima Konat\u00e9 \u00e0 cause d\u2019une blessure \u00e0 une cuisse, <strong>Didier Deschamps a choisi d\u2019appeler le champion du monde 2018<\/strong>, pr\u00eat\u00e9 avec option d\u2019achat \u00e0 l\u2019OM par l\u2019Inter Milan.<\/p>\n<p><strong>Pavard avait d\u00e9j\u00e0 \u00e9t\u00e9 appel\u00e9 en renfort<\/strong> lors du rassemblement du mois de septembre suite au forfait de William Saliba. Pour rappel, l\u2019\u00e9quipe de France affronteront l\u2019Islande lundi soir (20h45) dans le cadre des \u00e9liminatoires du Mondial 2026, trois jours apr\u00e8s un succ\u00e8s sans forcer contre l\u2019Azerba\u00efdjan (3-0).<\/p>\n<blockquote class=\"twitter-tweet\" data-width=\"500\" data-dnt=\"true\">\n<p lang=\"fr\" dir=\"ltr\">\ud83e\udd15 Touch\u00e9 au quadriceps droit lors de son dernier match avec Liverpool, Ibrahima Konat\u00e9 a suivi des soins et un protocole depuis son arriv\u00e9e ce lundi mais ne pourra pas tenir sa place face \u00e0 l\u2019Islande.<\/p>\n<p>\ud83d\udc49 Benjamin Pavard est appel\u00e9 en renfort et rejoindra le groupe \u00e0 Reykjavik. <a href=\"https:\/\/t.co\/TLWFuttaAQ\" rel=\"nofollow\">pic.twitter.com\/TLWFuttaAQ<\/a><\/p>\n<p>\u2014 Equipe de France \u2b50\u2b50 (@equipedefrance) <a href=\"https:\/\/twitter.com\/equipedefrance\/status\/1976985236312670560?ref_src=twsrc%5Etfw\" rel=\"noopener nofollow\" target=\"_blank\">October 11, 2025<\/a><\/p><\/blockquote>\n<p> <script async src=\"https:\/\/platform.twitter.com\/widgets.js\" charset=\"utf-8\"><\/script><\/p>\n","protected":false},"excerpt":{"rendered":"Benjamin Pavard (29 ans) vient d\u2019\u00eatre r\u00e9compens\u00e9 de son bon d\u00e9but de saison avec l\u2019Olympique de Marseille. Pour&hellip;\n","protected":false},"author":2,"featured_media":455408,"comment_status":"","ping_status":"","sticky":false,"template":"","format":"standard","meta":{"footnotes":""},"categories":[1410],"tags":[63,1011,27,60],"class_list":{"0":"post-455407","1":"post","2":"type-post","3":"status-publish","4":"format-standard","5":"has-post-thumbnail","7":"category-football","8":"tag-football","9":"tag-fr","10":"tag-france","11":"tag-sports"},"share_on_mastodon":{"url":"https:\/\/pubeurope.com\/@fr\/115356433445966974","error":""},"_links":{"self":[{"href":"https:\/\/www.europesays.com\/fr\/wp-json\/wp\/v2\/posts\/455407","targetHints":{"allow":["GET"]}}],"collection":[{"href":"https:\/\/www.europesays.com\/fr\/wp-json\/wp\/v2\/posts"}],"about":[{"href":"https:\/\/www.europesays.com\/fr\/wp-json\/wp\/v2\/types\/post"}],"author":[{"embeddable":true,"href":"https:\/\/www.europesays.com\/fr\/wp-json\/wp\/v2\/users\/2"}],"replies":[{"embeddable":true,"href":"https:\/\/www.europesays.com\/fr\/wp-json\/wp\/v2\/comments?post=455407"}],"version-history":[{"count":0,"href":"https:\/\/www.europesays.com\/fr\/wp-json\/wp\/v2\/posts\/455407\/revisions"}],"wp:featuredmedia":[{"embeddable":true,"href":"https:\/\/www.europesays.com\/fr\/wp-json\/wp\/v2\/media\/455408"}],"wp:attachment":[{"href":"https:\/\/www.europesays.com\/fr\/wp-json\/wp\/v2\/media?parent=455407"}],"wp:term":[{"taxonomy":"category","embeddable":true,"href":"https:\/\/www.europesays.com\/fr\/wp-json\/wp\/v2\/categories?post=455407"},{"taxonomy":"post_tag","embeddable":true,"href":"https:\/\/www.europesays.com\/fr\/wp-json\/wp\/v2\/tags?post=455407"}],"curies":[{"name":"wp","href":"https:\/\/api.w.org\/{rel}","templated":true}]}}