{"id":455413,"date":"2025-10-11T16:19:11","date_gmt":"2025-10-11T16:19:11","guid":{"rendered":"https:\/\/www.europesays.com\/fr\/455413\/"},"modified":"2025-10-11T16:19:11","modified_gmt":"2025-10-11T16:19:11","slug":"une-trentaine-dauteurs-dedicacent-et-echangent-avec-le-public-ces-samedi-11-et-dimanche-12-octobre-2025-a-montlouis-sur-loire","status":"publish","type":"post","link":"https:\/\/www.europesays.com\/fr\/455413\/","title":{"rendered":"Une trentaine d\u2019auteurs d\u00e9dicacent et \u00e9changent avec le public ces samedi 11 et dimanche 12 octobre 2025 \u00e0 Montlouis-sur-Loire"},"content":{"rendered":"<p>Le livre est un vecteur d\u2019\u00e9motion, d\u2019\u00e9ducation et de libert\u00e9. En organisant ce premier salon du livre \u00ab\u00a0\u00c9crits vins en Loire\u00a0\u00bb, l\u2019association \u00ab\u00a07 \u00e0 dire\u00a0\u00bb, en partenariat avec la Maison Laudacius, manifeste son soutien \u00e0 la cr\u00e9ation litt\u00e9raire et propose \u00e0 chacun un espace de curiosit\u00e9\u00a0et de partage. Ces samedi\u00a011 et dimanche 12\u00a0octobre 2025, une trentaine&amp;nbs&#8230; <\/p>\n<p>    Cet article a \u00e9t\u00e9 tronqu\u00e9. Abonnez-vous pour lire l&rsquo;article complet sur notre site.<\/p>\n<p style=\"margin: 0 !important; padding: 0 !important; font-size: 12px !important;\">Cet article a \u00e9t\u00e9 tronqu\u00e9. Abonnez-vous pour lire l&rsquo;article complet.<\/p>\n<p>    <a href=\"https:\/\/www.lanouvellerepublique.fr\/abonnements\" style=\"display: inline-block; margin-top: 5px !important; padding: 6px 12px !important; background: #cb1c27; color: white; text-decoration: none; border-radius: 4px; font-size: 12px !important;\" target=\"_blank\" rel=\"noopener\"><br \/>\n      S&rsquo;abonner<br \/>\n    <\/a><\/p>\n","protected":false},"excerpt":{"rendered":"Le livre est un vecteur d\u2019\u00e9motion, d\u2019\u00e9ducation et de libert\u00e9. En organisant ce premier salon du livre \u00ab\u00a0\u00c9crits&hellip;\n","protected":false},"author":2,"featured_media":455414,"comment_status":"","ping_status":"","sticky":false,"template":"","format":"standard","meta":{"footnotes":""},"categories":[1357],"tags":[1392,1379,1674,58,59,1011,27,1380,21131,14356],"class_list":{"0":"post-455413","1":"post","2":"type-post","3":"status-publish","4":"format-standard","5":"has-post-thumbnail","7":"category-livres","8":"tag-a-la-une-local","9":"tag-books","10":"tag-communes","11":"tag-divertissement","12":"tag-entertainment","13":"tag-fr","14":"tag-france","15":"tag-livres","16":"tag-montlouis-sur-loire","17":"tag-salons"},"share_on_mastodon":{"url":"https:\/\/pubeurope.com\/@fr\/115356445216681008","error":""},"_links":{"self":[{"href":"https:\/\/www.europesays.com\/fr\/wp-json\/wp\/v2\/posts\/455413","targetHints":{"allow":["GET"]}}],"collection":[{"href":"https:\/\/www.europesays.com\/fr\/wp-json\/wp\/v2\/posts"}],"about":[{"href":"https:\/\/www.europesays.com\/fr\/wp-json\/wp\/v2\/types\/post"}],"author":[{"embeddable":true,"href":"https:\/\/www.europesays.com\/fr\/wp-json\/wp\/v2\/users\/2"}],"replies":[{"embeddable":true,"href":"https:\/\/www.europesays.com\/fr\/wp-json\/wp\/v2\/comments?post=455413"}],"version-history":[{"count":0,"href":"https:\/\/www.europesays.com\/fr\/wp-json\/wp\/v2\/posts\/455413\/revisions"}],"wp:featuredmedia":[{"embeddable":true,"href":"https:\/\/www.europesays.com\/fr\/wp-json\/wp\/v2\/media\/455414"}],"wp:attachment":[{"href":"https:\/\/www.europesays.com\/fr\/wp-json\/wp\/v2\/media?parent=455413"}],"wp:term":[{"taxonomy":"category","embeddable":true,"href":"https:\/\/www.europesays.com\/fr\/wp-json\/wp\/v2\/categories?post=455413"},{"taxonomy":"post_tag","embeddable":true,"href":"https:\/\/www.europesays.com\/fr\/wp-json\/wp\/v2\/tags?post=455413"}],"curies":[{"name":"wp","href":"https:\/\/api.w.org\/{rel}","templated":true}]}}