{"id":455415,"date":"2025-10-11T16:20:13","date_gmt":"2025-10-11T16:20:13","guid":{"rendered":"https:\/\/www.europesays.com\/fr\/455415\/"},"modified":"2025-10-11T16:20:13","modified_gmt":"2025-10-11T16:20:13","slug":"une-nouvelle-chroniqueuse-de-tbt9-officialise-sa-rupture-avec-ce-magistrat-pas-inconnu-du-grand-public","status":"publish","type":"post","link":"https:\/\/www.europesays.com\/fr\/455415\/","title":{"rendered":"une nouvelle chroniqueuse de TBT9 officialise sa rupture avec ce magistrat pas inconnu du grand public"},"content":{"rendered":"<p class=\"mb-4 text-lg md:leading-8 break-words\">Vendredi 3 octobre 2025, Cyril Hanouna a pr\u00e9sent\u00e9 une nouvelle chroniqueuse aux t\u00e9l\u00e9spectateurs de W9. Ce jour-l\u00e0, Marie-S\u00e9verine Trouban a officiellement rejoint TBT9 . Exer\u00e7ant le m\u00e9tier de m\u00e9dium, elle partageait jusqu&rsquo;\u00e0 pr\u00e9sent la vie de Georges Fenech. Un ancien magistrat qui intervient d\u00e9sormais r\u00e9guli\u00e8rement dans les diff\u00e9rentes \u00e9missions de CNews et d&rsquo;Europe 1. Malheureusement, <strong>le couple a r\u00e9cemment rompu<\/strong>, comme l&rsquo;a d\u00e9voil\u00e9 Purepeople. \u00ab\u00a0Parfois, <strong>l\u2019amour nous apprend aussi \u00e0 partir avec \u00e9l\u00e9gance.<\/strong> Je choisis la paix, la clart\u00e9 et un nouveau chapitre. Merci pour ce qui fut, et place \u00e0 ce qui vient. Ce n\u2019est ni un reproche, ni un regret simplement une r\u00e9alit\u00e9 que j\u2019accepte aujourd\u2019hui avec lucidit\u00e9. Je choisis la paix int\u00e9rieure, la clart\u00e9 du c\u0153ur, et le courage d\u2019un nouveau d\u00e9part. Merci pour les moments partag\u00e9s, pour ce que nous avons \u00e9t\u00e9\u00a0\u00bb, a notamment indiqu\u00e9 Marie-S\u00e9verine Trouban \u00e0 ce sujet.<\/p>\n<p>Marie-S\u00e9verine Trouban : \u00ab\u00a0Il est temps maintenant de tourner la page, avec gratitude\u00a0\u00bb<\/p>\n<p class=\"mb-4 text-lg md:leading-8 break-words\">\u00ab\u00a0Il est temps maintenant de tourner la page, avec gratitude, et de laisser la place \u00e0 ce qui vient. Bien que Georges et moi soyons s\u00e9par\u00e9s, nous sommes en tr\u00e8s bons termes. <strong>Le lien qui nous unit est unique et durable<\/strong>\u00ab\u00a0, a aussi soulign\u00e9 l&rsquo;ancienne compagne de Georges Fenech. Pour m\u00e9moire, le chroniqueur de CNews et d&rsquo;Europe 1 avait \u00e9voqu\u00e9 sa relation avec Marie-S\u00e9verine Trouban lors d&rsquo;une pr\u00e9c\u00e9dente interview accord\u00e9e \u00e0 Purepeople. \u00ab\u00a0Je (&#8230;)<a href=\"https:\/\/www.closermag.fr\/people\/cyril-hanouna-une-nouvelle-chroniqueuse-de-tbt9-officialise-sa-rupture-avec-ce-magistrat-pas-inconnu-du-grand-public-3585986\" rel=\"nofollow noopener\" target=\"_blank\" data-ylk=\"slk:Lire la suite sur Closer;elm:context_link;itc:0;sec:content-canvas\" class=\"link \">Lire la suite sur Closer<\/a><a href=\"https:\/\/www.closermag.fr\/politique\/donald-trump-en-mauvaise-sante-bilan-medical-reussi-pour-le-president-americain-et-cest-peu-dire-3586024\" rel=\"nofollow noopener\" target=\"_blank\" data-ylk=\"slk:Donald Trump en mauvaise sant\u00e9 ? Bilan m\u00e9dical r\u00e9ussi pour le pr\u00e9sident am\u00e9ricain\u2026 et c\u2019est peu dire !;elm:context_link;itc:0;sec:content-canvas\" class=\"link \">Donald Trump en mauvaise sant\u00e9 ? Bilan m\u00e9dical r\u00e9ussi pour le pr\u00e9sident am\u00e9ricain\u2026 et c\u2019est peu dire !<\/a><br \/><a href=\"https:\/\/www.closermag.fr\/people\/alicia-aylies-hoshi-nagui-les-stars-aux-anges-dans-les-tribunes-du-parc-des-princes-pour-la-victoire-des-bleus-3586006\" rel=\"nofollow noopener\" target=\"_blank\" data-ylk=\"slk:Alicia Aylies, Hoshi, Nagui\u2026 Les stars aux anges dans les tribunes du Parc des Princes pour la victoire des Bleus;elm:context_link;itc:0;sec:content-canvas\" class=\"link \">Alicia Aylies, Hoshi, Nagui\u2026 Les stars aux anges dans les tribunes du Parc des Princes pour la victoire des Bleus<\/a><br \/><a href=\"https:\/\/www.closermag.fr\/people\/helena-bailly-et-si-sa-derniere-chanson-etait-une-declaration-damour-a-pierre-garnier-3586020\" rel=\"nofollow noopener\" target=\"_blank\" data-ylk=\"slk:H\u00e9l\u00e9na Bailly : et si sa derni\u00e8re chanson \u00e9tait une d\u00e9claration d\u2019amour \u00e0 Pierre Garnier ?;elm:context_link;itc:0;sec:content-canvas\" class=\"link \">H\u00e9l\u00e9na Bailly : et si sa derni\u00e8re chanson \u00e9tait une d\u00e9claration d\u2019amour \u00e0 Pierre Garnier ?<\/a><br \/><a href=\"https:\/\/www.closermag.fr\/royautes\/prince-william-le-mari-de-kate-middleton-va-bientot-senvoler-pour-le-bresil-en-compagnie-de-gisele-bundchen-3586002\" rel=\"nofollow noopener\" target=\"_blank\" data-ylk=\"slk:Prince William : le mari de Kate Middleton va bient\u00f4t s\u2019envoler pour le Br\u00e9sil en compagnie de\u2026 Gisele B\u00fcndchen !;elm:context_link;itc:0;sec:content-canvas\" class=\"link \">Prince William : le mari de Kate Middleton va bient\u00f4t s\u2019envoler pour le Br\u00e9sil en compagnie de\u2026 Gisele B\u00fcndchen !<\/a><br \/><a href=\"https:\/\/www.closermag.fr\/people\/angelina-jolie-en-difficulte-financiere-ce-pret-quelle-a-du-demander-a-brad-pitt-apres-leur-rupture-3585997\" rel=\"nofollow noopener\" target=\"_blank\" data-ylk=\"slk:Angelina Jolie en difficult\u00e9 financi\u00e8re : ce pr\u00eat qu\u2019elle a d\u00fb demander \u00e0 Brad Pitt apr\u00e8s leur rupture;elm:context_link;itc:0;sec:content-canvas\" class=\"link \">Angelina Jolie en difficult\u00e9 financi\u00e8re : ce pr\u00eat qu\u2019elle a d\u00fb demander \u00e0 Brad Pitt apr\u00e8s leur rupture<\/a><\/p>\n","protected":false},"excerpt":{"rendered":"Vendredi 3 octobre 2025, Cyril Hanouna a pr\u00e9sent\u00e9 une nouvelle chroniqueuse aux t\u00e9l\u00e9spectateurs de W9. Ce jour-l\u00e0, Marie-S\u00e9verine&hellip;\n","protected":false},"author":2,"featured_media":455416,"comment_status":"","ping_status":"","sticky":false,"template":"","format":"standard","meta":{"footnotes":""},"categories":[1356],"tags":[1083,58,59,1011,27,58073,58074,252,1364],"class_list":{"0":"post-455415","1":"post","2":"type-post","3":"status-publish","4":"format-standard","5":"has-post-thumbnail","7":"category-television","8":"tag-cyril-hanouna","9":"tag-divertissement","10":"tag-entertainment","11":"tag-fr","12":"tag-france","13":"tag-georges-fenech","14":"tag-marie-severine-trouban","15":"tag-television","16":"tag-tv"},"share_on_mastodon":{"url":"https:\/\/pubeurope.com\/@fr\/115356449228481213","error":""},"_links":{"self":[{"href":"https:\/\/www.europesays.com\/fr\/wp-json\/wp\/v2\/posts\/455415","targetHints":{"allow":["GET"]}}],"collection":[{"href":"https:\/\/www.europesays.com\/fr\/wp-json\/wp\/v2\/posts"}],"about":[{"href":"https:\/\/www.europesays.com\/fr\/wp-json\/wp\/v2\/types\/post"}],"author":[{"embeddable":true,"href":"https:\/\/www.europesays.com\/fr\/wp-json\/wp\/v2\/users\/2"}],"replies":[{"embeddable":true,"href":"https:\/\/www.europesays.com\/fr\/wp-json\/wp\/v2\/comments?post=455415"}],"version-history":[{"count":0,"href":"https:\/\/www.europesays.com\/fr\/wp-json\/wp\/v2\/posts\/455415\/revisions"}],"wp:featuredmedia":[{"embeddable":true,"href":"https:\/\/www.europesays.com\/fr\/wp-json\/wp\/v2\/media\/455416"}],"wp:attachment":[{"href":"https:\/\/www.europesays.com\/fr\/wp-json\/wp\/v2\/media?parent=455415"}],"wp:term":[{"taxonomy":"category","embeddable":true,"href":"https:\/\/www.europesays.com\/fr\/wp-json\/wp\/v2\/categories?post=455415"},{"taxonomy":"post_tag","embeddable":true,"href":"https:\/\/www.europesays.com\/fr\/wp-json\/wp\/v2\/tags?post=455415"}],"curies":[{"name":"wp","href":"https:\/\/api.w.org\/{rel}","templated":true}]}}