{"id":455417,"date":"2025-10-11T16:21:13","date_gmt":"2025-10-11T16:21:13","guid":{"rendered":"https:\/\/www.europesays.com\/fr\/455417\/"},"modified":"2025-10-11T16:21:13","modified_gmt":"2025-10-11T16:21:13","slug":"charli-xcx-tease-un-film-avec-kylie-jenner","status":"publish","type":"post","link":"https:\/\/www.europesays.com\/fr\/455417\/","title":{"rendered":"Charli XCX tease un film avec Kylie Jenner"},"content":{"rendered":"<p><img loading=\"lazy\" decoding=\"async\" src=\"https:\/\/www.europesays.com\/fr\/wp-content\/uploads\/2025\/10\/0db3e88c-8c81-4a5b-a1f3-4898073236fd.png\" alt=\"Charli XCX (\u00e0 g.) et Kylie Jenner ont partag\u00e9 la nouvelle sur les r\u00e9seaux sociaux.\" title=\"Charli XCX (\u00e0 g.) et Kylie Jenner ont partag\u00e9 la nouvelle sur les r\u00e9seaux sociaux.\"  width=\"555\" height=\"410\"\/>Charli XCX (\u00e0 g.) et Kylie Jenner ont partag\u00e9 la nouvelle sur les r\u00e9seaux sociaux.Imago<\/p>\n<p type=\"textBlockArray\" class=\"sc-8d5aa35e-2 jwssUY\">Ce 9 octobre 2025, Charli XCX a d\u00e9voil\u00e9 un premier trailer de \u00abThe Moment\u00bb, un film \u00abbas\u00e9 sur une id\u00e9e originale de Charli XCX\u00bb. La Britannique fait aussi partie des producteurs. Attention, si vous n&rsquo;\u00eates pas fan de lumi\u00e8res stroboscopiques, \u00e9vitez de lancer la vid\u00e9o.<\/p>\n<p type=\"textBlockArray\" class=\"sc-8d5aa35e-2 jwssUY\">D&rsquo;apr\u00e8s les informations publi\u00e9es par \u00ab<a target=\"_blank\" href=\"https:\/\/deadline.com\/2025\/10\/charlie-xcx-the-moment-aidan-zamiri-a24-1236574397\/\" rel=\"noopener noreferrer nofollow\">Deadline<\/a>\u00bb le m\u00eame jour, le film suivra \u00abune pop star montante qui navigue entre les complexit\u00e9s de la c\u00e9l\u00e9brit\u00e9 et la pression de l&rsquo;industrie, tout en pr\u00e9parant sa premi\u00e8re tourn\u00e9e\u00bb.<\/p>\n<p type=\"textBlockArray\" class=\"sc-8d5aa35e-2 jwssUY\">Au casting, on retrouvera bien s\u00fbr la chanteuse de 33 ans <a href=\"https:\/\/www.20min.ch\/fr\/story\/musique-charli-xcx-rafle-cinq-prix-aux-brit-awards-103293068\" rel=\"nofollow noopener\" target=\"_blank\">qui avait rafl\u00e9 cinq prix lors des Brit Awards 2025<\/a>. Elle sera entour\u00e9e d&rsquo;un joli panel d&rsquo;acteurs, parmi lesquels l&rsquo;Am\u00e9ricain Isaac Powell, le Su\u00e9dois Alexander Skarsg\u00e5rd &#8211; <a href=\"https:\/\/www.20min.ch\/fr\/story\/il-a-vecu-l-enfer-pour-avoir-le-corps-de-tarzan-712386780768\" rel=\"nofollow noopener\" target=\"_blank\">vu notamment dans \u00abTarzan\u00bb<\/a> &#8211; l&rsquo;Am\u00e9ricaine Rosanna Arquette ou encore la Franco-Am\u00e9ricaine <a href=\"https:\/\/www.20min.ch\/fr\/story\/arielle-dombasle-victime-d-un-odieux-chantage-714897253046\" rel=\"nofollow noopener\" target=\"_blank\">Arielle Dombasle<\/a>.<\/p>\n<p type=\"textBlockArray\" class=\"sc-8d5aa35e-2 jwssUY\">Un nom peut surprendre dans la liste: celui de Kylie Jenner. L&rsquo;Am\u00e9ricaine de 28 ans y fera ses premiers pas dans le milieu du cin\u00e9ma. La petite s\u0153ur de Kim Kardashian a partag\u00e9 la nouvelle dans diverses stories sur Instagram. Le film est attendu pour 2026.<\/p>\n<p><a href=\"https:\/\/www.20min.ch\/fr\/auteurs\/75606736\/angelica-zermatten\" class=\"sc-b1f21c84-2 egfiIF\" rel=\"nofollow noopener\" target=\"_blank\"><img decoding=\"async\" alt=\"Angelica Zermatten\" src=\"https:\/\/www.europesays.com\/fr\/wp-content\/uploads\/2025\/10\/4d60c29f-7ce6-44da-849f-59c36523072b.jpeg\" class=\"sc-b1f21c84-1 iTOvpR\"\/><\/a><\/p>\n<p class=\"sc-f19a47c0-1 jKqFcj\">Angelica Zermatten (aze) est journaliste pour la rubrique Stars&amp;Co de 20 minutes depuis 2021. Elle couvre la vie des c\u00e9l\u00e9brit\u00e9s, la musique et le cin\u00e9ma.<\/p>\n","protected":false},"excerpt":{"rendered":"Charli XCX (\u00e0 g.) et Kylie Jenner ont partag\u00e9 la nouvelle sur les r\u00e9seaux sociaux.Imago Ce 9 octobre&hellip;\n","protected":false},"author":2,"featured_media":455418,"comment_status":"","ping_status":"","sticky":false,"template":"","format":"standard","meta":{"footnotes":""},"categories":[1355],"tags":[58,59,1011,27,1361,873],"class_list":{"0":"post-455417","1":"post","2":"type-post","3":"status-publish","4":"format-standard","5":"has-post-thumbnail","7":"category-musique","8":"tag-divertissement","9":"tag-entertainment","10":"tag-fr","11":"tag-france","12":"tag-music","13":"tag-musique"},"share_on_mastodon":{"url":"https:\/\/pubeurope.com\/@fr\/115356453754713490","error":""},"_links":{"self":[{"href":"https:\/\/www.europesays.com\/fr\/wp-json\/wp\/v2\/posts\/455417","targetHints":{"allow":["GET"]}}],"collection":[{"href":"https:\/\/www.europesays.com\/fr\/wp-json\/wp\/v2\/posts"}],"about":[{"href":"https:\/\/www.europesays.com\/fr\/wp-json\/wp\/v2\/types\/post"}],"author":[{"embeddable":true,"href":"https:\/\/www.europesays.com\/fr\/wp-json\/wp\/v2\/users\/2"}],"replies":[{"embeddable":true,"href":"https:\/\/www.europesays.com\/fr\/wp-json\/wp\/v2\/comments?post=455417"}],"version-history":[{"count":0,"href":"https:\/\/www.europesays.com\/fr\/wp-json\/wp\/v2\/posts\/455417\/revisions"}],"wp:featuredmedia":[{"embeddable":true,"href":"https:\/\/www.europesays.com\/fr\/wp-json\/wp\/v2\/media\/455418"}],"wp:attachment":[{"href":"https:\/\/www.europesays.com\/fr\/wp-json\/wp\/v2\/media?parent=455417"}],"wp:term":[{"taxonomy":"category","embeddable":true,"href":"https:\/\/www.europesays.com\/fr\/wp-json\/wp\/v2\/categories?post=455417"},{"taxonomy":"post_tag","embeddable":true,"href":"https:\/\/www.europesays.com\/fr\/wp-json\/wp\/v2\/tags?post=455417"}],"curies":[{"name":"wp","href":"https:\/\/api.w.org\/{rel}","templated":true}]}}