{"id":455419,"date":"2025-10-11T16:22:12","date_gmt":"2025-10-11T16:22:12","guid":{"rendered":"https:\/\/www.europesays.com\/fr\/455419\/"},"modified":"2025-10-11T16:22:12","modified_gmt":"2025-10-11T16:22:12","slug":"netflix-et-le-realisateur-guillermo-del-toro-vont-creer-un-studio-cinema-de-stop-motion-en-france","status":"publish","type":"post","link":"https:\/\/www.europesays.com\/fr\/455419\/","title":{"rendered":"Netflix et le r\u00e9alisateur Guillermo del Toro vont cr\u00e9er un studio cin\u00e9ma de stop motion en France"},"content":{"rendered":"<p>        <img decoding=\"async\" loading=\"lazy\" src=\"https:\/\/www.europesays.com\/fr\/wp-content\/uploads\/2025\/10\/cb40894_1724417329141-000-33b48td.jpg\"  width=\"728\" height=\"410\" alt=\"Le r\u00e9alisateur mexicain Guillermo del Toro, lors de la c\u00e9r\u00e9monie des Oscars en 2023. Une soir\u00e9e de r\u00e9compenses qui avait largement salu\u00e9 le travail du r\u00e9alisateur pour son film en stop motion \u00ab\u00a0Pinocchio\u00a0\u00bb.\"\/>  <\/p>\n<p>FREDERIC J. BROWN \/ AFP<\/p>\n<p>Le r\u00e9alisateur mexicain Guillermo del Toro, lors de la c\u00e9r\u00e9monie des Oscars en 2023. Une soir\u00e9e de r\u00e9compenses qui avait largement salu\u00e9 le travail du r\u00e9alisateur pour son film en stop motion \u00ab\u00a0Pinocchio\u00a0\u00bb.<\/p>\n<p class=\"asset asset-text\">CIN\u00c9MA &#8211; \u00ab\u00a0Pas mal non\u00a0? C\u2019est fran\u00e7ais\u00a0!\u00a0\u00bb. C\u2019est sans doute ce que s\u2019est dit le r\u00e9alisateur mexicain <a href=\"https:\/\/www.huffingtonpost.fr\/culture\/article\/sur-le-tournage-de-frankenstein-guillermo-del-toro-joue-les-chasseurs-de-fantomes-dans-un-hotel-hante-en-ecosse_238690.html\" target=\"_blank\" rel=\"noopener\">Guillermo del Toro<\/a> en choisissant l\u2019\u00e9cole des Gobelins, \u00e0 Paris, pour cr\u00e9er un nouveau studio de cin\u00e9ma d\u00e9di\u00e9 \u00e0 la technique du stop motion en France.<\/p>\n<p class=\"asset asset-text\">D\u00e9voil\u00e9 ce vendredi 10\u00a0octobre en pr\u00e9sence du grand patron de <a href=\"https:\/\/www.huffingtonpost.fr\/culture\/article\/a-couteaux-tires-3-avec-daniel-craig-s-offre-une-pluie-d-avis-positifs-trois-mois-avant-sa-sortie_254569.html\" target=\"_blank\" rel=\"noopener\">Netflix<\/a> Ted Sarandos, ce projet pr\u00e9vu sur le long terme et con\u00e7u \u00e0 plusieurs mains est le fruit de la passion du cin\u00e9aste derri\u00e8re La forme de l\u2019eau et Le Labyrinthe de Pan\u00a0ou <a href=\"https:\/\/www.huffingtonpost.fr\/culture\/article\/pinocchio-sur-netflix-revisite-avec-brio-par-guillermo-del-toro_211341.html\" target=\"_blank\" rel=\"noopener\">plus r\u00e9cemment Pinocchio<\/a>, pour l<a href=\"https:\/\/www.huffingtonpost.fr\/actualites\/article\/avec-kubo-et-l-armure-magique-le-cinema-renoue-avec-le-stop-motion-l-une-de-ses-plus-vieilles-traditions_85134.html\" target=\"_blank\" rel=\"noopener\">\u2019art du stop motion<\/a>. Une technique d\u2019animation d\u2019ailleurs utilis\u00e9e sur ce dernier film, sorti en 2022\u00a0sur Netflix.<\/p>\n<p class=\"asset asset-text\">Rien d\u2019\u00e9tonnant donc \u00e0 voir le r\u00e9alisateur prochainement de retour (sur Netflix encore) <a href=\"https:\/\/www.huffingtonpost.fr\/culture\/article\/le-frankenstein-de-guillermo-del-toro-sur-netflix-ne-sera-pas-un-film-d-horreur_250211.html\" target=\"_blank\" rel=\"noopener\">avec son adaptation de Frankenstein<\/a>, s\u2019associer \u00e0 Netflix et la prestigieuse \u00e9cole parisienne sp\u00e9cialis\u00e9e dans l\u2019animation. Le but \u00e9tant de \u00ab\u00a0former et accompagner la prochaine g\u00e9n\u00e9ration de professionnels de l\u2019animation\u00a0\u00bb, comme le rapporte Le Parisien, pr\u00e9sent lors de cette annonce. Il faut dire que <a href=\"https:\/\/www.huffingtonpost.fr\/culture\/article\/apres-ed-gein-lizzie-borden-est-le-prochain-monstre-de-netflix-et-on-sait-qui-l-inacrenra_255811.html\" target=\"_blank\" rel=\"noopener\">Netflix<\/a> et Guillermo del Toro entretiennent d\u00e9j\u00e0 d\u2019\u00e9troits liens avec l\u2019\u00e9tablissement fran\u00e7ais. Par le biais de bourses d\u2019\u00e9tudes, d\u2019\u00e9changes professionnels et de masterclasses, comme le rappelle le journal \u00e0 juste titre.<\/p>\n<p class=\"asset asset-text\">Mais d\u00e9sormais, l\u2019objectif est d\u2019aller encore plus loin pour permettre \u00e0 une nouvelle g\u00e9n\u00e9ration d\u2019animateurs d\u2019entretenir cette technique qui a offert de nombreux chefs-d\u2019\u0153uvre du 7e art. Du r\u00e9cent Pinocchio, en passant par Fantastic Mr. Fox de <a href=\"https:\/\/www.huffingtonpost.fr\/culture\/article\/wes-anderson-pousse-son-style-a-l-overdose-avec-the-phoenician-scheme-au-festival-de-cannes-2025_249744.html\" target=\"_blank\" rel=\"noopener\">Wes Anderson<\/a>, L\u2019\u00c9trange No\u00ebl de Monsieur Jack d\u2019Henry Selick, Chicken Run de Peter Lord\u00a0et\u00a0Nick Park ou encore l\u2019excellent Mad God du g\u00e9nial Phil Tippett. Sans oublier les incontournables films Wallace et Gromit du <a href=\"https:\/\/www.huffingtonpost.fr\/actualites\/article\/photos-aardman-une-exposition-sur-le-studio-qui-a-invente-wallace-et-gromit-et-chicken-run_56608.html\" target=\"_blank\" rel=\"noopener\">studio Aardman Animations<\/a>, bien s\u00fbr.<\/p>\n<p> La lecture de ce contenu est susceptible d\u2019entra\u00eener un d\u00e9p\u00f4t de cookies de la part de l\u2019op\u00e9rateur tiers qui l\u2019h\u00e9berge. Compte-tenu des choix que vous avez exprim\u00e9s en mati\u00e8re de d\u00e9p\u00f4t de cookies, nous avons bloqu\u00e9 l\u2019affichage de ce contenu. Si vous souhaitez y acc\u00e9der, vous devez accepter la cat\u00e9gorie de cookies \u201cContenus tiers\u201d en cliquant sur le bouton ci-dessous. <\/p>\n<p> Lire la Vid\u00e9o              <\/p>\n<p class=\"asset asset-text\">Mais en France aussi, les films en stop motion ne sont pas en reste. On peut notamment rappeler <a href=\"https:\/\/www.huffingtonpost.fr\/culture\/article\/golden-globes-ma-vie-de-courgette-le-film-fait-main-a-lyon-qui-fait-face-aux-geants-americains_91901.html\" target=\"_blank\" rel=\"noopener\">le succ\u00e8s de Ma vie de Courgette<\/a>, film de Claude Barras sorti en 2016, laur\u00e9at du meilleur film d\u2019animation aux C\u00e9sar \u00e9galement nomm\u00e9 cette ann\u00e9e-l\u00e0 dans la cat\u00e9gorie meilleur film d\u2019animation aux Oscars et aux Golden Globes.<\/p>\n<p>    Del Toro impliqu\u00e9 pour \u00ab\u00a0dix ans\u00a0\u00bb    <\/p>\n<p class=\"asset asset-text\">En poussant pour ce projet de studio en France, Guillermo del Toro semble aussi mener \u00e0 sa mani\u00e8re <a href=\"https:\/\/www.huffingtonpost.fr\/tech-futurs\/article\/grace-a-l-intelligence-artificielle-amazon-veut-recreer-la-fin-de-ce-film-d-orson-welles-qui-a-disparu_255666.html\" target=\"_blank\" rel=\"noopener\">le combat contre l\u2019IA dans l\u2019industrie cin\u00e9matographique<\/a>. <strong>\u00ab<\/strong>\u00a0Tout ce que vous voyez dans une \u0153uvre en stop motion est d\u2019une mani\u00e8re ou d\u2019une autre le fruit de mains humaines. C\u2019est imperm\u00e9able \u00e0 l\u2019intelligence artificielle, contrairement \u00e0 d\u2019autres domaines de l\u2019animation\u00a0\u00bb, a-t-il d\u00e9clar\u00e9 en ce sens.<\/p>\n<p class=\"asset asset-text\">\u00ab\u00a0Je m\u2019implique pour les dix prochaines ann\u00e9es\u00a0\u00bb, a-t-il promis. \u00ab\u00a0Je pense qu\u2019il faudra attendre que le studio soit op\u00e9rationnel pendant au moins cinq ans avant qu\u2019on puisse en mesurer le succ\u00e8s. Aujourd\u2019hui, tous les grands noms du stop motion ont plus de 50\u00a0ans. Nous aurons r\u00e9ussi quand quelqu\u2019un de moins de 30\u00a0ans s\u2019y fera une place\u00a0\u00bb, a encore lanc\u00e9 Guillermo del Toro.<\/p>\n<p class=\"asset asset-text\">Passionn\u00e9 par l\u2019artisanat et les imaginaires fantastiques, le cin\u00e9aste mexicain compte aussi sur ce projet pour faire perdurer cette technique \u00ab\u00a0en voie de disparition\u00a0\u00bb et cr\u00e9er des liens entre le Vieux Continent et l\u2019Am\u00e9rique latine. Du c\u00f4t\u00e9 de Netflix, on esp\u00e8re surtout que ce projet de studio permettra de promouvoir encore plus d\u2019\u0153uvres en animation sur sa plateforme de streaming.<\/p>\n<p class=\"asset asset-text\">Mais avant d\u2019en arriver l\u00e0, il reste de nombreux d\u00e9tails \u00e0 peaufiner. Que ce soit l\u2019emplacement exact du studio (\u00ab\u00a0un studio de stop motion, \u00e7a demande de la place\u00a0\u00bb, note del Toro), la date de lancement, qui sera annonc\u00e9e \u00ab\u00a0prochainement\u00a0\u00bb, et le nom de ce studio. De l\u2019aveu du r\u00e9alisateur aux trois Oscars, le studio devrait s\u2019appeler \u00ab\u00a0Mark Gustafson\u00a0\u00bb. Ce qui serait une belle mani\u00e8re de rendre hommage au cor\u00e9alisateur de son Pinocchio, d\u00e9c\u00e9d\u00e9 en d\u00e9but d\u2019ann\u00e9e 2024.<\/p>\n","protected":false},"excerpt":{"rendered":"FREDERIC J. BROWN \/ AFP Le r\u00e9alisateur mexicain Guillermo del Toro, lors de la c\u00e9r\u00e9monie des Oscars en&hellip;\n","protected":false},"author":2,"featured_media":455420,"comment_status":"","ping_status":"","sticky":false,"template":"","format":"standard","meta":{"footnotes":""},"categories":[1354],"tags":[650,251,58,59,58075,1346,1011,27,47639,1360,127,626],"class_list":{"0":"post-455419","1":"post","2":"type-post","3":"status-publish","4":"format-standard","5":"has-post-thumbnail","7":"category-films","8":"tag-cinema","9":"tag-culture","10":"tag-divertissement","11":"tag-entertainment","12":"tag-film-d-animation","13":"tag-films","14":"tag-fr","15":"tag-france","16":"tag-guillermo-del-toro","17":"tag-movies","18":"tag-netflix","19":"tag-paris"},"share_on_mastodon":{"url":"https:\/\/pubeurope.com\/@fr\/115356456970058253","error":""},"_links":{"self":[{"href":"https:\/\/www.europesays.com\/fr\/wp-json\/wp\/v2\/posts\/455419","targetHints":{"allow":["GET"]}}],"collection":[{"href":"https:\/\/www.europesays.com\/fr\/wp-json\/wp\/v2\/posts"}],"about":[{"href":"https:\/\/www.europesays.com\/fr\/wp-json\/wp\/v2\/types\/post"}],"author":[{"embeddable":true,"href":"https:\/\/www.europesays.com\/fr\/wp-json\/wp\/v2\/users\/2"}],"replies":[{"embeddable":true,"href":"https:\/\/www.europesays.com\/fr\/wp-json\/wp\/v2\/comments?post=455419"}],"version-history":[{"count":0,"href":"https:\/\/www.europesays.com\/fr\/wp-json\/wp\/v2\/posts\/455419\/revisions"}],"wp:featuredmedia":[{"embeddable":true,"href":"https:\/\/www.europesays.com\/fr\/wp-json\/wp\/v2\/media\/455420"}],"wp:attachment":[{"href":"https:\/\/www.europesays.com\/fr\/wp-json\/wp\/v2\/media?parent=455419"}],"wp:term":[{"taxonomy":"category","embeddable":true,"href":"https:\/\/www.europesays.com\/fr\/wp-json\/wp\/v2\/categories?post=455419"},{"taxonomy":"post_tag","embeddable":true,"href":"https:\/\/www.europesays.com\/fr\/wp-json\/wp\/v2\/tags?post=455419"}],"curies":[{"name":"wp","href":"https:\/\/api.w.org\/{rel}","templated":true}]}}