{"id":455423,"date":"2025-10-11T16:24:12","date_gmt":"2025-10-11T16:24:12","guid":{"rendered":"https:\/\/www.europesays.com\/fr\/455423\/"},"modified":"2025-10-11T16:24:12","modified_gmt":"2025-10-11T16:24:12","slug":"tadej-pogacar-remporte-un-cinquieme-tour-de-lombardie-daffilee-ultime-maillon-de-son-exceptionnelle-saison-de-classiques","status":"publish","type":"post","link":"https:\/\/www.europesays.com\/fr\/455423\/","title":{"rendered":"Tadej Pogacar remporte un cinqui\u00e8me Tour de Lombardie d\u2019affil\u00e9e, ultime maillon de son exceptionnelle saison de classiques"},"content":{"rendered":"<p>                          <img loading=\"lazy\" decoding=\"async\" src=\"https:\/\/www.europesays.com\/fr\/wp-content\/uploads\/2025\/10\/0dc0981_ftp-import-images-1-icx2vrdordvv-5138778-01-06.jpg\" alt=\"Tadej Pogacar a remport\u00e9 son cinqui\u00e8me Tour de Lombardie, le 11\u00a0octobre 2025.\"   width=\"664\" height=\"443\"\/>    Tadej Pogacar a remport\u00e9 son cinqui\u00e8me Tour de Lombardie, le 11\u00a0octobre 2025.  MARCO BERTORELLO \/ AFP                          <\/p>\n<p class=\"article__paragraph  \">Pouvait-il en \u00eatre autrement\u00a0? La saison des classiques ne devait-elle pas s\u2019achever par un \u00e9ni\u00e8me succ\u00e8s en solitaire de Tadej Pogacar\u00a0? Le Slov\u00e8ne n\u2019a pas remport\u00e9 tous les Monuments de l\u2019ann\u00e9e 2025 \u2013 ces cinq courses majeures d\u2019une journ\u00e9e inscrites au calendrier \u2013, mais jamais il ne s\u2019est rat\u00e9, encore moins sur le Tour de Lombardie, qu\u2019il a fait sien depuis plusieurs ann\u00e9es. A 27\u00a0ans, l\u2019ogre de Komenda a remport\u00e9 pour la cinqui\u00e8me fois de sa carri\u00e8re, samedi 11\u00a0octobre, la derni\u00e8re classique de la saison sur les routes transalpines.<\/p>\n<p>                                            Lire aussi |  Article r\u00e9serv\u00e9 \u00e0 nos abonn\u00e9s  <a href=\"https:\/\/www.lemonde.fr\/sport\/article\/2025\/09\/28\/tadej-pogacar-vainqueur-phenomenal-aux-mondiaux-de-cyclisme-de-kigali_6643301_3242.html\" class=\"js-article-read-also catcher--favoris__link\" data-premium=\"1\" id=\"article-title-3439946\" rel=\"nofollow noopener\" target=\"_blank\">Tadej Pogacar, vainqueur \u00ab\u00a0ph\u00e9nom\u00e9nal\u00a0\u00bb aux Mondiaux de cyclisme de Kigali<\/a>    <\/p>\n<p>   Lire plus tard  <\/p>\n<p class=\"article__paragraph  \">C\u2019est autant que Fausto Coppi, l\u00e9gendaire cycliste italien, qui n\u2019avait pas r\u00e9ussi l\u2019exploit d\u2019encha\u00eener les succ\u00e8s comme Tadej Pogacar, ind\u00e9boulonnable patron du Tour de Lombardie depuis 2021\u00a0et premier coureur \u00e0 remporter un Monument cinq fois d\u2019affil\u00e9e. Comme en\u00a02023\u00a0et 2024, le Slov\u00e8ne a donc pass\u00e9 la ligne d\u2019arriv\u00e9e seul, apr\u00e8s avoir largu\u00e9 ses principaux concurrents dans l\u2019avant-derni\u00e8re ascension de la journ\u00e9e, le passo di Ganda, \u00e0 36\u00a0kilom\u00e8tres du terme de la course. \u00ab\u00a0A chaque fois que je prends le d\u00e9part, je sens que cette course est vraiment faite pour moi\u00a0\u00bb, a r\u00e9agi le champion du monde apr\u00e8s son succ\u00e8s.<\/p>\n<p class=\"article__paragraph  \">Avant de placer son attaque, limpide et impitoyable, Tadej Pogacar avait profit\u00e9 du travail de ses co\u00e9quipiers, dont Rafal Majka, son complice au sein de l\u2019\u00e9quipe UAE Team Emirates XRG, qu\u2019il remercia d\u2019un salut de la main \u00e0 l\u2019issue de son dernier gros effort en carri\u00e8re, puisque le Polonais devait prendre sa retraite apr\u00e8s la course. La fus\u00e9e Pogacar \u00e9tait pr\u00eate \u00e0 d\u00e9coller et a donc l\u00e2ch\u00e9 d\u2019un coup sec le Belge Remco Evenepoel (2\u1d49, Soudal-Quick Step), l\u2019Australien Michael Storer (3\u1d49, Tudor) et le Fran\u00e7ais Paul Seixas (Decathlon-AG2R La Mondiale), 7\u1d49 pour sa toute premi\u00e8re participation \u00e0 un Monument.<\/p>\n<p>                    En patron sur tous les terrains                    <\/p>\n<p class=\"article__paragraph  \">Plus personne n\u2019a ensuite revu Tadej Pogacar, qui s\u2019\u00e9tait d\u00e9j\u00e0 envol\u00e9 seul \u00e0 66\u00a0kilom\u00e8tres de l\u2019arriv\u00e9e des championnats du monde \u00e0 Kigali (Rwanda), le 28\u00a0septembre, puis \u00e0 76\u00a0kilom\u00e8tres du but lors des championnats d\u2019Europe en Ard\u00e8che, le 5\u00a0octobre. Avec ce nouveau succ\u00e8s sur le Tour de Lombardie, le Slov\u00e8ne termine en apoth\u00e9ose son exceptionnelle saison des classiques, qui d\u00e9bute au printemps et s\u2019ach\u00e8ve \u00e0 l\u2019automne.<\/p>\n<p>                                       Lire aussi |  <a href=\"https:\/\/www.lemonde.fr\/sport\/article\/2025\/10\/05\/tadej-pogacar-champion-d-europe-paul-seixas-remarquable-decroche-la-medaille-de-bronze_6644566_3242.html\" class=\"js-article-read-also catcher--favoris__link\" data-premium=\"\" id=\"article-title-3440939\" rel=\"nofollow noopener\" target=\"_blank\">Tadej Pogacar champion d\u2019Europe, Paul Seixas, remarquable, d\u00e9croche la m\u00e9daille de bronze<\/a>    <\/p>\n<p>   Lire plus tard  <\/p>\n<p class=\"article__paragraph  \">Lors de cette ann\u00e9e 2025, le champion du monde a donc remport\u00e9 trois Monuments, le Tour des Flandres, Li\u00e8ge-Bastogne-Li\u00e8ge et le Tour de Lombardie. Une forme de routine, puisqu\u2019il les avait d\u00e9j\u00e0 gagn\u00e9s plus d\u2019une fois. Mais il a \u00e9galement d\u00e9montr\u00e9 sa capacit\u00e9 \u00e0 viser la premi\u00e8re place lors des deux autres, pourtant moins taill\u00e9s pour son profil. Troisi\u00e8me sur Milan-San Remo et deuxi\u00e8me sur Paris-Roubaix, Tadej Pogacar a sem\u00e9 des promesses pour l\u2019avenir et reviendra certainement se frotter \u00e0 Mathieu van der Poel pour tenter de s\u2019y imposer pour la premi\u00e8re fois.<\/p>\n<p>                    \u00ab\u00a0La meilleure saison de ma carri\u00e8re\u2026 jusqu\u2019\u00e0 maintenant\u00a0\u00bb                    <\/p>\n<p class=\"article__paragraph  \">Jamais un coureur n\u2019avait termin\u00e9 sur le podium des cinq Monuments lors d\u2019une m\u00eame saison, une statistique \u00e0 la hauteur du champion qu\u2019est Tadej Pogacar, qui avait \u00e9galement domin\u00e9 au printemps deux autres rendez-vous de la saison des classiques, <a href=\"https:\/\/www.lemonde.fr\/sport\/article\/2025\/03\/08\/tadej-pogacar-remporte-les-strade-bianche-malgre-une-chute-spectaculaire_6577374_3242.html\" rel=\"nofollow noopener\" target=\"_blank\">les Strade Bianche<\/a> et <a href=\"https:\/\/www.lemonde.fr\/sport\/article\/2025\/04\/23\/tadej-pogacar-intouchable-remporte-la-fleche-wallonne-pour-la-deuxieme-fois-de-sa-carriere_6599316_3242.html\" rel=\"nofollow noopener\" target=\"_blank\">la Fl\u00e8che wallonne<\/a>. La perspective de ces courses d\u2019un jour, sur lesquelles le Slov\u00e8ne s\u2019\u00e9clate parce qu\u2019il n\u2019est pas question d\u2019y faire des calculs strat\u00e9giques, lui avait permis d\u2019oublier la lassitude entraper\u00e7ue \u00e0 l\u2019issue du dernier Tour de France, qu\u2019il avait encore survol\u00e9.<\/p>\n<p>                                       Lire aussi |  Article r\u00e9serv\u00e9 \u00e0 nos abonn\u00e9s  <a href=\"https:\/\/www.lemonde.fr\/sport\/article\/2025\/07\/27\/tadej-pogacar-un-champion-lasse-de-sa-propre-superiorite-sur-le-tour-de-france_6624697_3242.html\" class=\"js-article-read-also catcher--favoris__link\" data-premium=\"1\" id=\"article-title-3432936\" rel=\"nofollow noopener\" target=\"_blank\">Tadej Pogacar, un champion lass\u00e9 de sa sup\u00e9riorit\u00e9 sur le Tour de France<\/a>    <\/p>\n<p>   Lire plus tard  <\/p>\n<p class=\"article__paragraph  \">Au cr\u00e9puscule de cette saison 2025, Tadej Pogacar a engrang\u00e9 sur le Tour de Lombardie sa vingti\u00e8me victoire de l\u2019ann\u00e9e, soit cinq de moins qu\u2019en\u00a02024. Mais contrairement \u00e0 l\u2019an dernier, le patron du cyclisme mondial n\u2019a cette fois disput\u00e9 qu\u2019un grand Tour en\u00a02025, en faisant l\u2019impasse sur la Vuelta et le Giro. De quoi amplement le satisfaire au moment de faire le bilan\u00a0: \u00ab\u00a0\u00c7a fait sept ans que je dis que je viens de r\u00e9aliser la meilleure saison de ma carri\u00e8re. Je peux le redire aujourd\u2019hui. \u00c7a a \u00e9t\u00e9 la meilleure saison de ma carri\u00e8re\u2026 jusqu\u2019\u00e0 maintenant.\u00a0\u00bb Le peloton n\u2019a donc certainement pas fini de subir la loi de Tadej Pogacar.<\/p>\n<p class=\"article__author-container\"> <a class=\"article__author-link\" href=\"https:\/\/www.lemonde.fr\/signataires\/denis-menetrier\/\" rel=\"nofollow noopener\" target=\"_blank\"> Denis M\u00e9n\u00e9trier<\/a>  <\/p>\n<p>                  <a href=\"https:\/\/www.lemonde.fr\/syndication\/\" class=\"reuse__content\" title=\"R\u00e9utiliser ce contenu\" target=\"_blank\" rel=\"nofollow noopener\">R\u00e9utiliser ce contenu<\/a>      <\/p>\n","protected":false},"excerpt":{"rendered":"Tadej Pogacar a remport\u00e9 son cinqui\u00e8me Tour de Lombardie, le 11\u00a0octobre 2025. MARCO BERTORELLO \/ AFP Pouvait-il en&hellip;\n","protected":false},"author":2,"featured_media":455424,"comment_status":"","ping_status":"","sticky":false,"template":"","format":"standard","meta":{"footnotes":""},"categories":[9],"tags":[1011,27,60],"class_list":{"0":"post-455423","1":"post","2":"type-post","3":"status-publish","4":"format-standard","5":"has-post-thumbnail","7":"category-sports","8":"tag-fr","9":"tag-france","10":"tag-sports"},"share_on_mastodon":{"url":"https:\/\/pubeurope.com\/@fr\/115356465375074813","error":""},"_links":{"self":[{"href":"https:\/\/www.europesays.com\/fr\/wp-json\/wp\/v2\/posts\/455423","targetHints":{"allow":["GET"]}}],"collection":[{"href":"https:\/\/www.europesays.com\/fr\/wp-json\/wp\/v2\/posts"}],"about":[{"href":"https:\/\/www.europesays.com\/fr\/wp-json\/wp\/v2\/types\/post"}],"author":[{"embeddable":true,"href":"https:\/\/www.europesays.com\/fr\/wp-json\/wp\/v2\/users\/2"}],"replies":[{"embeddable":true,"href":"https:\/\/www.europesays.com\/fr\/wp-json\/wp\/v2\/comments?post=455423"}],"version-history":[{"count":0,"href":"https:\/\/www.europesays.com\/fr\/wp-json\/wp\/v2\/posts\/455423\/revisions"}],"wp:featuredmedia":[{"embeddable":true,"href":"https:\/\/www.europesays.com\/fr\/wp-json\/wp\/v2\/media\/455424"}],"wp:attachment":[{"href":"https:\/\/www.europesays.com\/fr\/wp-json\/wp\/v2\/media?parent=455423"}],"wp:term":[{"taxonomy":"category","embeddable":true,"href":"https:\/\/www.europesays.com\/fr\/wp-json\/wp\/v2\/categories?post=455423"},{"taxonomy":"post_tag","embeddable":true,"href":"https:\/\/www.europesays.com\/fr\/wp-json\/wp\/v2\/tags?post=455423"}],"curies":[{"name":"wp","href":"https:\/\/api.w.org\/{rel}","templated":true}]}}