{"id":455425,"date":"2025-10-11T16:25:11","date_gmt":"2025-10-11T16:25:11","guid":{"rendered":"https:\/\/www.europesays.com\/fr\/455425\/"},"modified":"2025-10-11T16:25:11","modified_gmt":"2025-10-11T16:25:11","slug":"le-proprietaire-du-restaurant-de-plage-le-club-55-a-ramatuelle-sen-est-alle","status":"publish","type":"post","link":"https:\/\/www.europesays.com\/fr\/455425\/","title":{"rendered":"le propri\u00e9taire du restaurant de plage \u00ab le Club 55 \u00bb, \u00e0 Ramatuelle, s\u2019en est all\u00e9"},"content":{"rendered":"<p class=\"fs-5 \">Les Voiles de Saint-Tropez ont tout juste tir\u00e9 leur r\u00e9v\u00e9rence au large de Pampelonne le week-end dernier, comme un ultime salut \u00e0 Patrice de Colmont qui fut l\u2019un des artisans de la Nioulargue en 1981 : r\u00e9gate-matrice de cet \u00e9v\u00e9nement nautique devenu mondial, r\u00e9unissant chaque automne quelque 300 voiliers dans le Golfe de Saint-Tropez.<\/p>\n<p class=\"fs-5 \">Patrice de Colmont a quitt\u00e9 ce samedi matin, le rivage de Pampelonne qu\u2019il ch\u00e9rissait depuis toujours. Depuis le jour o\u00f9 son p\u00e8re, ethnologue et r\u00e9alisateur de documentaires, avait abrit\u00e9 son voilier dans cette baie pour se prot\u00e9ger d\u2019une temp\u00eate en 1947. La famille s\u2019installe dans un cabanon un an plus tard, la plage devient le terrain de jeu du jeune Robinson, Patrice.<\/p>\n<p>                                                                                Sous les projecteurs : \u00ab Et Dieu cr\u00e9a \u00bb<\/p>\n<p class=\"fs-5 \">Les cam\u00e9ras de cin\u00e9ma donneront un coup de projecteur solaire sur cette langue de plage, chavirant avec les d\u00e9hanch\u00e9s chaloup\u00e9s de Brigitte Bardot. Lors du tournage de \u00ab Et Dieu cr\u00e9a la femme \u00bb, le repaire familial devient la cantine de l\u2019\u00e9quipe du film. Le succ\u00e8s et le parfum de scandale qui entoure la sortie de cet ovni cin\u00e9matographique, positionne Saint-Tropez et Ramatuelle sur la mappemonde. Le cabanon se m\u00e9tamorphose en Club 55 pour rayonner jusqu\u2019\u00e0 ce jour, comme une table embl\u00e9matique de la plage. Chaque saison, le monde entier d\u00e9file sur ce confetti de paradis, sans perturber le flegme de celui qui prendra les r\u00eanes de l\u2019\u00e9tablissement avec sa soeur V\u00e9ronique, \u00e0 la suite de ses parents.<\/p>\n<p>                                                                                Engag\u00e9 pour l\u2019environnement<\/p>\n<p class=\"fs-5 \">Adepte de la philosophie de Pierre Rabhi, ami de longue date, Patrice de Colmont explorait aussi l\u2019agro-\u00e9cologie dans son domaine des Bouis, sur les hauteurs de Pampelonne pour y cultiver vin bio et l\u00e9gumes en circuit-court. La protection de l\u2019environnement \u00e9tait un sujet qu\u2019il pouvait \u00e9voquer avec passion pendant des heures.<\/p>\n<p class=\"fs-5 \">L\u2019un des derniers combats de Patrice de Colmont fut son engagement pour la lib\u00e9ration du militant \u00e9cologiste Paul Watson en 2024, alors emprisonn\u00e9 au Gro\u00ebnland. Un d\u00e9fenseur des c\u00e9tac\u00e9s qu\u2019il h\u00e9bergea dans le golfe, entre 2015 et 2018, lorsque celui-ci \u00e9tait sous le coup d\u2019un mandat de recherche international.<\/p>\n<p class=\"fs-5 \">En 2016, village de Ramatuelle avait rendu hommage \u00e0 la famille de Colmont. Patrice avait d\u00e9di\u00e9 cette m\u00e9daille honorifique \u00e0 ses parents, Bernard et Genevi\u00e8ve, mais aussi \u00e0 la communaut\u00e9 ramatuelloise : \u00ab Merci Ramatuelle, toi qui nous a pris dans tes bras. \u00bb<\/p>\n","protected":false},"excerpt":{"rendered":"Les Voiles de Saint-Tropez ont tout juste tir\u00e9 leur r\u00e9v\u00e9rence au large de Pampelonne le week-end dernier, comme&hellip;\n","protected":false},"author":2,"featured_media":455426,"comment_status":"","ping_status":"","sticky":false,"template":"","format":"standard","meta":{"footnotes":""},"categories":[8],"tags":[58,59,1011,27],"class_list":{"0":"post-455425","1":"post","2":"type-post","3":"status-publish","4":"format-standard","5":"has-post-thumbnail","7":"category-divertissement","8":"tag-divertissement","9":"tag-entertainment","10":"tag-fr","11":"tag-france"},"share_on_mastodon":{"url":"https:\/\/pubeurope.com\/@fr\/115356468754452747","error":""},"_links":{"self":[{"href":"https:\/\/www.europesays.com\/fr\/wp-json\/wp\/v2\/posts\/455425","targetHints":{"allow":["GET"]}}],"collection":[{"href":"https:\/\/www.europesays.com\/fr\/wp-json\/wp\/v2\/posts"}],"about":[{"href":"https:\/\/www.europesays.com\/fr\/wp-json\/wp\/v2\/types\/post"}],"author":[{"embeddable":true,"href":"https:\/\/www.europesays.com\/fr\/wp-json\/wp\/v2\/users\/2"}],"replies":[{"embeddable":true,"href":"https:\/\/www.europesays.com\/fr\/wp-json\/wp\/v2\/comments?post=455425"}],"version-history":[{"count":0,"href":"https:\/\/www.europesays.com\/fr\/wp-json\/wp\/v2\/posts\/455425\/revisions"}],"wp:featuredmedia":[{"embeddable":true,"href":"https:\/\/www.europesays.com\/fr\/wp-json\/wp\/v2\/media\/455426"}],"wp:attachment":[{"href":"https:\/\/www.europesays.com\/fr\/wp-json\/wp\/v2\/media?parent=455425"}],"wp:term":[{"taxonomy":"category","embeddable":true,"href":"https:\/\/www.europesays.com\/fr\/wp-json\/wp\/v2\/categories?post=455425"},{"taxonomy":"post_tag","embeddable":true,"href":"https:\/\/www.europesays.com\/fr\/wp-json\/wp\/v2\/tags?post=455425"}],"curies":[{"name":"wp","href":"https:\/\/api.w.org\/{rel}","templated":true}]}}