{"id":455433,"date":"2025-10-11T16:29:11","date_gmt":"2025-10-11T16:29:11","guid":{"rendered":"https:\/\/www.europesays.com\/fr\/455433\/"},"modified":"2025-10-11T16:29:11","modified_gmt":"2025-10-11T16:29:11","slug":"la-police-interrompt-de-nouveau-un-spectacle-de-dieudonne-interdit-par-la-prefecture","status":"publish","type":"post","link":"https:\/\/www.europesays.com\/fr\/455433\/","title":{"rendered":"La police interrompt de nouveau un spectacle de Dieudonn\u00e9, interdit par la pr\u00e9fecture"},"content":{"rendered":"<p>C\u2019est une visite un peu particuli\u00e8re \u00e0 laquelle <a href=\"https:\/\/www.20minutes.fr\/dossier\/dieudonne\" target=\"_blank\" class=\"c-link c-link--is-underlined\" rel=\"noopener\">Dieudonn\u00e9 M\u2019bala\u00a0M&rsquo;bala<\/a> est habitu\u00e9. La <a href=\"https:\/\/www.20minutes.fr\/dossier\/police\" target=\"_blank\" class=\"c-link c-link--is-underlined\" rel=\"noopener\">police<\/a> a de nouveau interrompu, vendredi soir \u00e0 H\u00e9rin (<a href=\"https:\/\/www.20minutes.fr\/dossier\/nord\" target=\"_blank\" class=\"c-link c-link--is-underlined\" rel=\"noopener\">Nord<\/a>), le <a href=\"https:\/\/www.20minutes.fr\/dossier\/spectacle\" target=\"_blank\" class=\"c-link c-link--is-underlined\" rel=\"noopener\">spectacle<\/a> du pol\u00e9miste multicondamn\u00e9, interdit par un arr\u00eat\u00e9 pr\u00e9fectoral, ont indiqu\u00e9 des sources concordantes, confirmant une information de La Voix du Nord. Il se produisait en plein air, sur le terrain de la brasserie Bonne Bi\u00e8re.<\/p>\n<p>\u00ab\u00a0Il a jou\u00e9 son spectacle \u00e0 19 heures et les policiers sont intervenus vers 19h45. Ils lui ont demand\u00e9 d\u2019interrompre la repr\u00e9sentation, ce qu\u2019il a fait\u00a0\u00bb, t\u00e9moigne Andr\u00e9 Sauveni\u00e8re, directeur de la brasserie. \u00ab\u00a0Nous avions convenu qu\u2019il ne s\u2019agirait pas d\u2019un spectacle pol\u00e9mique et c\u2019\u00e9tait effectivement le cas, il devait jouer d\u2019anciens sketchs. Je ne comprends pas la r\u00e9action des autorit\u00e9s\u00a0\u00bb, a-t-il ajout\u00e9.<\/p>\n<p>Des \u00ab\u00a0propos graves et outrageants\u00a0\u00bb<\/p>\n<p>La pr\u00e9fecture du Nord a confirm\u00e9 que la police \u00e9tait intervenue pour faire appliquer l\u2019arr\u00eat\u00e9 d\u2019interdiction pris le 9\u00a0octobre\u00a0: \u00ab\u00a0Suite \u00e0 un recours introduit par l\u2019organisateur, le tribunal administratif de <a href=\"https:\/\/www.20minutes.fr\/lille\/\" target=\"_blank\" class=\"c-link c-link--is-underlined\" rel=\"noopener\">Lille<\/a> a valid\u00e9 l\u2019arr\u00eat\u00e9\u00a0\u00bb, a-t-elle pr\u00e9cis\u00e9. Cet arr\u00eat\u00e9 rappelle que Dieudonn\u00e9 a \u00e9t\u00e9 plusieurs fois condamn\u00e9 pour ses propos.<\/p>\n<p>La pr\u00e9fecture souligne que l\u2019int\u00e9ress\u00e9 tient de mani\u00e8re \u00ab\u00a0r\u00e9currente\u00a0\u00bb au cours de ses repr\u00e9sentations des \u00ab\u00a0propos graves et outrageants, <a href=\"https:\/\/www.20minutes.fr\/dossier\/antisemitisme\" target=\"_blank\" class=\"c-link c-link--is-underlined\" rel=\"noopener\">antis\u00e9mites<\/a>, diffamatoires et conspirationnistes\u00a0\u00bb, susceptibles de troubler l\u2019ordre public. Selon l\u2019arr\u00eat\u00e9, ces propos peuvent participer \u00ab\u00a0\u00e0 la radicalisation d\u2019une partie de la population dans un contexte de recrudescence d\u2019actes antis\u00e9mites \u00e0 la suite de l\u2019attaque terroriste perp\u00e9tr\u00e9 par le <a href=\"https:\/\/www.20minutes.fr\/monde\/hamas\/\" target=\"_blank\" class=\"c-link c-link--is-underlined\" rel=\"noopener\">Hamas<\/a> le 7\u00a0octobre 2023\u00a0\u00bb.<\/p>\n<\/p>\n<p>\u00ab\u00a0Nouvelle interpellation sur sc\u00e8ne hier\u00a0\u00bb pr\u00e8s de Valenciennes, \u00ab\u00a0je me suis vu signifier une interdiction g\u00e9n\u00e9rale de toute forme d\u2019expression dans le d\u00e9partement du Nord\u00a0\u00bb, a r\u00e9agi le pol\u00e9miste sur X. En juillet, son <a href=\"https:\/\/www.20minutes.fr\/societe\/4165423-20250726-calais-spectacle-dieudonne-interrompu-gendarmes\" target=\"_blank\" class=\"c-link c-link--is-underlined\" rel=\"noopener\">spectacle avait d\u00e9j\u00e0 \u00e9t\u00e9 interrompu \u00e0 Lestrem<\/a> (Pas-de-Calais) par les gendarmes, qui lui avaient notifi\u00e9 sur place un arr\u00eat\u00e9 pr\u00e9fectoral interdisant la repr\u00e9sentation.<\/p>\n","protected":false},"excerpt":{"rendered":"C\u2019est une visite un peu particuli\u00e8re \u00e0 laquelle Dieudonn\u00e9 M\u2019bala\u00a0M&rsquo;bala est habitu\u00e9. La police a de nouveau interrompu,&hellip;\n","protected":false},"author":2,"featured_media":455434,"comment_status":"","ping_status":"","sticky":false,"template":"","format":"standard","meta":{"footnotes":""},"categories":[4],"tags":[47,11,6155,7722,41311,1011,27,811,12,1308,1309,1062,1072,25,104,3140],"class_list":{"0":"post-455433","1":"post","2":"type-post","3":"status-publish","4":"format-standard","5":"has-post-thumbnail","7":"category-france","8":"tag-actualite","9":"tag-actualites","10":"tag-antisemitisme","11":"tag-biere","12":"tag-dieudonne","13":"tag-fr","14":"tag-france","15":"tag-hauts-de-france","16":"tag-news","17":"tag-nord","18":"tag-nord-pas-de-calais","19":"tag-polemique","20":"tag-police","21":"tag-republique-francaise","22":"tag-societe","23":"tag-spectacle"},"share_on_mastodon":{"url":"https:\/\/pubeurope.com\/@fr\/115356484531499499","error":""},"_links":{"self":[{"href":"https:\/\/www.europesays.com\/fr\/wp-json\/wp\/v2\/posts\/455433","targetHints":{"allow":["GET"]}}],"collection":[{"href":"https:\/\/www.europesays.com\/fr\/wp-json\/wp\/v2\/posts"}],"about":[{"href":"https:\/\/www.europesays.com\/fr\/wp-json\/wp\/v2\/types\/post"}],"author":[{"embeddable":true,"href":"https:\/\/www.europesays.com\/fr\/wp-json\/wp\/v2\/users\/2"}],"replies":[{"embeddable":true,"href":"https:\/\/www.europesays.com\/fr\/wp-json\/wp\/v2\/comments?post=455433"}],"version-history":[{"count":0,"href":"https:\/\/www.europesays.com\/fr\/wp-json\/wp\/v2\/posts\/455433\/revisions"}],"wp:featuredmedia":[{"embeddable":true,"href":"https:\/\/www.europesays.com\/fr\/wp-json\/wp\/v2\/media\/455434"}],"wp:attachment":[{"href":"https:\/\/www.europesays.com\/fr\/wp-json\/wp\/v2\/media?parent=455433"}],"wp:term":[{"taxonomy":"category","embeddable":true,"href":"https:\/\/www.europesays.com\/fr\/wp-json\/wp\/v2\/categories?post=455433"},{"taxonomy":"post_tag","embeddable":true,"href":"https:\/\/www.europesays.com\/fr\/wp-json\/wp\/v2\/tags?post=455433"}],"curies":[{"name":"wp","href":"https:\/\/api.w.org\/{rel}","templated":true}]}}