{"id":455440,"date":"2025-10-11T16:33:10","date_gmt":"2025-10-11T16:33:10","guid":{"rendered":"https:\/\/www.europesays.com\/fr\/455440\/"},"modified":"2025-10-11T16:33:10","modified_gmt":"2025-10-11T16:33:10","slug":"pres-de-nancy-une-mobilisation-inedite-des-associations-pour-alerter-sur-leur-situation-financiere","status":"publish","type":"post","link":"https:\/\/www.europesays.com\/fr\/455440\/","title":{"rendered":"pr\u00e8s de Nancy, une mobilisation in\u00e9dite des associations pour alerter sur leur situation financi\u00e8re"},"content":{"rendered":"<p>Une voix douce, mesur\u00e9e, presque apaisante. Accompagn\u00e9e d\u2019un phras\u00e9 lent. Qui tranche avec la gravit\u00e9 des mots. \u00ab\u00a0La sant\u00e9 des associations se d\u00e9grade\u00a0\u00bb, a commenc\u00e9 le pr\u00e9sident de Lorraine mouvement associatif, Pascal Plumet.<\/p>\n<p>C\u2019\u00e9tait ce samedi 11\u00a0octobre, \u00e0 la maison r\u00e9gionale des sports de <a href=\"https:\/\/www.estrepublicain.fr\/c\/meurthe-et-moselle\/54526-tomblaine\" target=\"_blank\" rel=\"noopener\">Tomblaine<\/a> , pr\u00e8s de Nancy. Les f\u00e9d\u00e9rations s\u2019\u00e9taient donn\u00e9 rendez-vous pour alerter sur la situation \u00e9conomique \u00ab\u00a0alarmante\u00a0\u00bb des associations. <a href=\"https:\/\/www.estrepublicain.fr\/social\/2025\/10\/10\/ca-ne-tient-plus-90-000-emplois-menaces-dans-le-monde-associatif-qui-appelle-a-la-mobilisation\" target=\"_blank\" rel=\"noopener\">Un mouvement national in\u00e9dit pour dire que \u00ab\u00a0cela ne tient plus<\/a> \u00a0\u00bb.<\/p>\n<p>Pendant plusieurs minutes, le pr\u00e9sident lorrain a l\u00e2ch\u00e9 des statistiques pr\u00e9occupantes\u00a0: \u00ab\u00a0une association employeuse sur trois a une tr\u00e9sorerie inf\u00e9rieure \u00e0 trois mois\u00a0\u00bb et \u00ab\u00a0plus de deux associations sur trois d\u00e9clarent une baisse d\u2019activit\u00e9\u00a0\u00bb.<\/p>\n<p>  Baisse des subventions<\/p>\n<p>C\u2019est le cas de l\u2019Union r\u00e9gionale pour l\u2019habitat des jeunes (URHAJ) Grand Est, qui envisagerait des fermetures d\u2019h\u00e9bergements. \u00ab\u00a0Si \u00e7a continue, on va se retrouver dans la m\u00eame pr\u00e9carit\u00e9 que les gens qu\u2019on accueille\u00a0\u00bb, s\u2019est inqui\u00e9t\u00e9 son repr\u00e9sentant.<\/p>\n<p>Les raisons de cette situation\u00a0? Les responsables associatifs en mettent une en haut de leur liste\u00a0: \u00ab\u00a0La baisse des subventions de l\u2019\u00c9tat et des collectivit\u00e9s\u00a0\u00bb, pointe indique Eric Bailly, le directeur de Lorraine mouvement associatif.<\/p>\n<p>Entre\u00a02005 et\u00a02020, \u00ab\u00a0on observe une baisse de 41\u00a0% des subventions\u00a0\u00bb d\u00e9taille-t-il. Ces chiffres sont issus d\u2019une \u00e9tude nationale, mais \u00ab\u00a0la situation est identique en Lorraine (42\u00a0500 associations, N.D.L.R.) o\u00f9 on doit faire face \u00e0 des baisses de financements\u00a0\u00bb, regrette le directeur, convenant qu\u2019en Meurthe-et-Moselle (15\u00a0000 associations), \u00ab\u00a0la baisse \u00e9tait limit\u00e9e par rapport \u00e0 d\u2019autres d\u00e9partements\u00a0\u00bb.<\/p>\n<p>R\u00e9sultats, aussi, des menaces sur l\u2019emploi\u00a0: trois quarts des associations n\u2019excluraient pas une baisse de leur masse salariale. Une potentielle bombe sociale quand on sait le poids que p\u00e8se l\u2019emploi associatif. En Lorraine, par exemple, \u00ab\u00a0c\u2019est 13\u00a0% de l\u2019emploi du secteur priv\u00e9\u00a0\u00bb, rappelle Eric Bailly.<\/p>\n<p>Aujourd\u2019hui, il y a \u00ab\u00a0urgence \u00e0 soutenir les associations\u00a0\u00bb, ont martel\u00e9 les responsables de f\u00e9d\u00e9rations. \u00ab\u00a0Il faut que les \u00e9lus prennent des mesures fortes et que les coupes budg\u00e9taires cessent\u00a0\u00bb, a demand\u00e9 Pascal Plumet, s\u2019adressant aux deux \u00e9lus pr\u00e9sents dans la salle.<\/p>\n<p>  \u00ab\u00a0Un de nos priorit\u00e9s\u00a0\u00bb<\/p>\n<p>\u00ab\u00a0Nous avons maintenu nos subventions\u00a0\u00bb, s\u2019est d\u00e9fendu le maire de Nancy, <a href=\"https:\/\/www.estrepublicain.fr\/p\/mathieu-klein\" target=\"_blank\" rel=\"noopener\">Mathieu Klein<\/a>. En 2025, la ville a attribu\u00e9 environ 25\u00a0millions d\u2019euros de subvention aux associations, d\u2019apr\u00e8s le budget primitif. Une somme similaire \u00e0 celle de\u00a02024 et\u00a02023, <a href=\"https:\/\/www.nancy.fr\/fileadmin\/NAN\/vie-municipale\/Budget_de_la_ville\/PDF\/budget-primitif\/2024-rapport-presentation-budget-primitif.pdf\" target=\"_blank\" rel=\"noopener\">toujours d\u2019apr\u00e8s les budgets de la Ville.<\/a><\/p>\n<p>De son c\u00f4t\u00e9 aussi, le D\u00e9partement a rappel\u00e9 son engagement. \u00ab\u00a0Tant que nous pourrons maintenir notre soutien aux associations, nous le ferons. C\u2019est une de nos propri\u00e9t\u00e9s et un choix politique\u00a0\u00bb, s\u2019est d\u00e9fendue <a href=\"https:\/\/www.estrepublicain.fr\/p\/chaynesse-khirouni\" target=\"_blank\" rel=\"noopener\">Chaynesse Khirouni<\/a>.<\/p>\n<p>Il en irait de l\u2019existence m\u00eame du tissu associatif fran\u00e7ais. Un pays sans\u00a0? Eric Bailly n\u2019ose y croire. \u00ab\u00a0Les parents ne pourraient plus faire garder leurs enfants. Il n\u2019y aurait plus de culture dans les territoires, <a href=\"https:\/\/www.estrepublicain.fr\/culture-loisirs\/2025\/10\/11\/oxmo-puccino-je-sais-qu-a-njp-il-y-a-un-bar-qui-s-appelle-le-lipopette-c-est-un-clin-d-oeil-qui-me-touche-forcement\" target=\"_blank\" rel=\"noopener\">plus de festival<\/a>. Et les <a href=\"https:\/\/www.estrepublicain.fr\/societe\/2025\/09\/02\/des-locaux-renoves-aux-restos-du-coeur\" target=\"_blank\" rel=\"noopener\">Resto du c\u0153ur<\/a> \u00a0? Il n\u2019y aurait plus d\u2019aide aux gens en d\u00e9tresse alimentaire.\u00a0\u00bb<\/p>\n","protected":false},"excerpt":{"rendered":"Une voix douce, mesur\u00e9e, presque apaisante. Accompagn\u00e9e d\u2019un phras\u00e9 lent. Qui tranche avec la gravit\u00e9 des mots. \u00ab\u00a0La&hellip;\n","protected":false},"author":2,"featured_media":455441,"comment_status":"","ping_status":"","sticky":false,"template":"","format":"standard","meta":{"footnotes":""},"categories":[9635],"tags":[1111,11,33,3602,1707,1704,1706,1705,10174,1777,674,1011,27,775,11260,3457,1702,12,25,104,11703,1631],"class_list":{"0":"post-455440","1":"post","2":"type-post","3":"status-publish","4":"format-standard","5":"has-post-thumbnail","7":"category-nancy","8":"tag-actu","9":"tag-actualites","10":"tag-economie","11":"tag-edition-bar-le-duc","12":"tag-edition-luneville","13":"tag-edition-nancy-et-agglomeration","14":"tag-edition-pont-a-mousson","15":"tag-edition-toul","16":"tag-edition-verdun","17":"tag-eu","18":"tag-europe","19":"tag-fr","20":"tag-france","21":"tag-grand-est","22":"tag-metropole-du-grand-nancy-54b4","23":"tag-meurthe-et-moselle","24":"tag-nancy","25":"tag-news","26":"tag-republique-francaise","27":"tag-societe","28":"tag-tomblaine","29":"tag-vie-associative"},"share_on_mastodon":{"url":"https:\/\/pubeurope.com\/@fr\/115356500311744091","error":""},"_links":{"self":[{"href":"https:\/\/www.europesays.com\/fr\/wp-json\/wp\/v2\/posts\/455440","targetHints":{"allow":["GET"]}}],"collection":[{"href":"https:\/\/www.europesays.com\/fr\/wp-json\/wp\/v2\/posts"}],"about":[{"href":"https:\/\/www.europesays.com\/fr\/wp-json\/wp\/v2\/types\/post"}],"author":[{"embeddable":true,"href":"https:\/\/www.europesays.com\/fr\/wp-json\/wp\/v2\/users\/2"}],"replies":[{"embeddable":true,"href":"https:\/\/www.europesays.com\/fr\/wp-json\/wp\/v2\/comments?post=455440"}],"version-history":[{"count":0,"href":"https:\/\/www.europesays.com\/fr\/wp-json\/wp\/v2\/posts\/455440\/revisions"}],"wp:featuredmedia":[{"embeddable":true,"href":"https:\/\/www.europesays.com\/fr\/wp-json\/wp\/v2\/media\/455441"}],"wp:attachment":[{"href":"https:\/\/www.europesays.com\/fr\/wp-json\/wp\/v2\/media?parent=455440"}],"wp:term":[{"taxonomy":"category","embeddable":true,"href":"https:\/\/www.europesays.com\/fr\/wp-json\/wp\/v2\/categories?post=455440"},{"taxonomy":"post_tag","embeddable":true,"href":"https:\/\/www.europesays.com\/fr\/wp-json\/wp\/v2\/tags?post=455440"}],"curies":[{"name":"wp","href":"https:\/\/api.w.org\/{rel}","templated":true}]}}