{"id":455442,"date":"2025-10-11T16:34:18","date_gmt":"2025-10-11T16:34:18","guid":{"rendered":"https:\/\/www.europesays.com\/fr\/455442\/"},"modified":"2025-10-11T16:34:18","modified_gmt":"2025-10-11T16:34:18","slug":"un-nouveau-parking-attendu-a-brabois-pour-2027","status":"publish","type":"post","link":"https:\/\/www.europesays.com\/fr\/455442\/","title":{"rendered":"un nouveau parking attendu \u00e0 Brabois pour 2027"},"content":{"rendered":"<p>            Par<br \/>\n        <strong><br \/>\n            <a href=\"https:\/\/actu.fr\/auteur\/amandine-mehl\" title=\"Consulter tous les articles de Amandine Mehl\" target=\"_blank\" rel=\"noopener\">Amandine Mehl<\/a><br \/>\n        <\/strong><\/p>\n<p>        Publi\u00e9 le<\/p>\n<p>            11 oct. 2025 \u00e0 18h02        <\/p>\n<p>Le d\u00e9veloppement du <a href=\"https:\/\/actu.fr\/grand-est\/nancy_54395\/prix-stationnement-nouveautes-tout-ce-qu-il-faut-savoir-sur-le-nouvel-hopital-du-chru-de-nancy_60641206.html\" target=\"_blank\" rel=\"noopener\">nouvel h\u00f4pital<\/a> du <a href=\"https:\/\/actu.fr\/tag\/chru-de-nancy\" target=\"_blank\" rel=\"noopener\">CHRU de Nancy<\/a>, sur le site de <strong>Brabois<\/strong>, se poursuit.<\/p>\n<p class=\" wall-content\">Le projet du <strong>nouveau parking \u00ab\u2009P5\u2009\u00bb<\/strong> est entr\u00e9 en phase de conception jeudi 2\u00a0octobre 2025.<\/p>\n<p>Le nouveau parking du CHRU de Nancy proposera 748 places de stationnement<\/p>\n<p class=\" wall-content\">Comme indiqu\u00e9 dans un communiqu\u00e9 de presse, le parking sera r\u00e9alis\u00e9 en <strong>structure b\u00e9ton de type silo<\/strong>. L\u2019ouvrage comprendra <strong>cinq niveaux<\/strong>, dont un rez-de-chauss\u00e9e et quatre \u00e9tages, et offrira une capacit\u00e9 totale de <strong>748 places<\/strong> de <a href=\"https:\/\/actu.fr\/tag\/stationnement\" target=\"_blank\" rel=\"noopener\">stationnement<\/a>. Au total, <strong>37<\/strong> d\u2019entre elles seront \u00e9quip\u00e9es de bornes de recharge d\u00e9di\u00e9es aux v\u00e9hicules \u00e9lectriques et <strong>113 autres seront pr\u00e9-\u00e9quip\u00e9es<\/strong> pour permettre une installation ult\u00e9rieure.<\/p>\n<p class=\" wall-content\">\u00ab\u2009Afin de favoriser l\u2019autonomie \u00e9nerg\u00e9tique, un tiers de la surface du dernier niveau sera \u00e9quip\u00e9 de <strong>panneaux photovolta\u00efques<\/strong>, destin\u00e9s \u00e0 alimenter le b\u00e2timent en autoconsommation\u2009\u00bb, peut-on lire \u00e9galement.<\/p>\n<p>Un nouveau parking au CHRU de Nancy pour 7,4 millions d\u2019euros<\/p>\n<p class=\" wall-content\">S\u2019agissant de la <strong>s\u00e9curit\u00e9<\/strong>, le CHRU de Nancy indique que \u00ab\u2009le rez-de-chauss\u00e9e du parking a \u00e9t\u00e9 pens\u00e9 pour offrir un environnement \u00e0 la fois <strong>lumineux<\/strong>, <strong>ventil\u00e9<\/strong> et <strong>rassurant<\/strong> pour les usagers\u2009\u00bb.<\/p>\n<blockquote class=\"ac-article-quote wall-content\">\n<p>L\u2019absence de garde-corps est compens\u00e9e par des murets de sout\u00e8nement, qui assurent la s\u00e9curit\u00e9 des v\u00e9hicules tout en permettant une ouverture maximale du niveau. Cette configuration favorise l\u2019entr\u00e9e de lumi\u00e8re naturelle, am\u00e9liore la ventilation des gaz d\u2019\u00e9chappement \u2014 particuli\u00e8rement importante \u00e0 ce niveau o\u00f9 le flux de v\u00e9hicules est le plus dense \u2014 et renforce le sentiment de s\u00e9curit\u00e9 gr\u00e2ce \u00e0 une visibilit\u00e9 accrue et une capacit\u00e9 d\u2019\u00e9vacuation facilit\u00e9e.<\/p>\n<p>    <strong>CHRU de Nancy<\/strong>\n            <\/p><\/blockquote>\n<p>Votre r\u00e9gion, votre actu !<\/p>\n<p>Recevez chaque jour les infos qui comptent pour vous.<\/p>\n<p>\t<a href=\"https:\/\/actu.fr\/newsletter\" class=\"ac-btn ac-btn--corner ac-btn--medium ac-btn--blue800\" target=\"_blank\" rel=\"noopener\">S&rsquo;incrire<\/a><\/p>\n<p class=\" wall-content\">Attendu pour <strong>mai\u00a02027<\/strong>, ce nouveau parking n\u00e9cessite un investissement de<strong> 7\u2009430\u2009737 euros HT<\/strong>.<\/p>\n<p class=\" wall-content\">Personnalisez votre actualit\u00e9 en ajoutant vos villes et m\u00e9dias en favori avec <a href=\"https:\/\/moncompte.actu.fr\" title=\"D\u00e9couvez Mon Actu\" rel=\"nofollow noopener\" data-trk=\"{&quot;cta&quot;:{&quot;action&quot;:&quot;https:\\\/\\\/moncompte.actu.fr&quot;,&quot;category&quot;:&quot;mon compte&quot;,&quot;from&quot;:&quot;article footer&quot;,&quot;name&quot;:&quot;Mon actu&quot;,&quot;type&quot;:&quot;cta&quot;}}\" target=\"_blank\">Mon Actu<\/a>.<\/p>\n","protected":false},"excerpt":{"rendered":"Par Amandine Mehl Publi\u00e9 le 11 oct. 2025 \u00e0 18h02 Le d\u00e9veloppement du nouvel h\u00f4pital du CHRU de&hellip;\n","protected":false},"author":2,"featured_media":455443,"comment_status":"","ping_status":"","sticky":false,"template":"","format":"standard","meta":{"footnotes":""},"categories":[9635],"tags":[1111,11,12765,1777,674,1011,27,775,1702,12,25,104,6173],"class_list":{"0":"post-455442","1":"post","2":"type-post","3":"status-publish","4":"format-standard","5":"has-post-thumbnail","7":"category-nancy","8":"tag-actu","9":"tag-actualites","10":"tag-chru-de-nancy","11":"tag-eu","12":"tag-europe","13":"tag-fr","14":"tag-france","15":"tag-grand-est","16":"tag-nancy","17":"tag-news","18":"tag-republique-francaise","19":"tag-societe","20":"tag-stationnement"},"share_on_mastodon":{"url":"https:\/\/pubeurope.com\/@fr\/115356504088167513","error":""},"_links":{"self":[{"href":"https:\/\/www.europesays.com\/fr\/wp-json\/wp\/v2\/posts\/455442","targetHints":{"allow":["GET"]}}],"collection":[{"href":"https:\/\/www.europesays.com\/fr\/wp-json\/wp\/v2\/posts"}],"about":[{"href":"https:\/\/www.europesays.com\/fr\/wp-json\/wp\/v2\/types\/post"}],"author":[{"embeddable":true,"href":"https:\/\/www.europesays.com\/fr\/wp-json\/wp\/v2\/users\/2"}],"replies":[{"embeddable":true,"href":"https:\/\/www.europesays.com\/fr\/wp-json\/wp\/v2\/comments?post=455442"}],"version-history":[{"count":0,"href":"https:\/\/www.europesays.com\/fr\/wp-json\/wp\/v2\/posts\/455442\/revisions"}],"wp:featuredmedia":[{"embeddable":true,"href":"https:\/\/www.europesays.com\/fr\/wp-json\/wp\/v2\/media\/455443"}],"wp:attachment":[{"href":"https:\/\/www.europesays.com\/fr\/wp-json\/wp\/v2\/media?parent=455442"}],"wp:term":[{"taxonomy":"category","embeddable":true,"href":"https:\/\/www.europesays.com\/fr\/wp-json\/wp\/v2\/categories?post=455442"},{"taxonomy":"post_tag","embeddable":true,"href":"https:\/\/www.europesays.com\/fr\/wp-json\/wp\/v2\/tags?post=455442"}],"curies":[{"name":"wp","href":"https:\/\/api.w.org\/{rel}","templated":true}]}}