{"id":455444,"date":"2025-10-11T16:36:20","date_gmt":"2025-10-11T16:36:20","guid":{"rendered":"https:\/\/www.europesays.com\/fr\/455444\/"},"modified":"2025-10-11T16:36:20","modified_gmt":"2025-10-11T16:36:20","slug":"un-international-anglais-passe-par-toulon-contraint-darreter-le-rugby-a-cause-de-problemes-cardiaques","status":"publish","type":"post","link":"https:\/\/www.europesays.com\/fr\/455444\/","title":{"rendered":"Un international anglais pass\u00e9 par Toulon contraint d&rsquo;arr\u00eater le rugby \u00e0 cause de probl\u00e8mes cardiaques"},"content":{"rendered":"<p>            Par<br \/>\n        <strong><br \/>\n            <a href=\"https:\/\/actu.fr\/auteur\/lucas-bertolotto\" title=\"Consulter tous les articles de Lucas Bertolotto\" target=\"_blank\" rel=\"noopener\">Lucas Bertolotto<\/a><br \/>\n        <\/strong><\/p>\n<p>        Publi\u00e9 le<\/p>\n<p>            11 oct. 2025 \u00e0 17h56        <\/p>\n<p>C\u2019est lors d\u2019un point m\u00e9dical \u00e0 l\u2019allure anodine que <strong>Gloucester<\/strong> a fait cette lourde annonce. Le talonneur anglais<strong> Jack Singleton<\/strong>, pass\u00e9 par le <strong>RC Toulon<\/strong> lors de la saison 2023-2024, est contraint d\u2019arr\u00eater la pratique du rugby pour une dur\u00e9e ind\u00e9termin\u00e9e \u00e0 cause de probl\u00e8mes cardiaques.<\/p>\n<p>\u00ab Jack a subi une s\u00e9rie d\u2019examens m\u00e9dicaux approfondis \u00bb<\/p>\n<p class=\" wall-content\">C\u2019est au d\u00e9but d\u2019un point m\u00e9dical habituel de <strong>Gloucester<\/strong> qu\u2019est apparu le nom de <strong>Jack Singleton<\/strong> ce vendredi. Le club anglais a annonc\u00e9 que son talonneur, international \u00e0 trois reprises avec le <strong>XV de la Rose<\/strong>, \u00e9tait contraint de stopper la pratique du rugby \u00e0 cause de probl\u00e8mes cardiaques.\u00a0<\/p>\n<p class=\" wall-content\">\n<p class=\" wall-content\">\u00ab <strong>Gloucester<\/strong> a le regret de confirmer l\u2019absence prolong\u00e9e du talonneur <strong>Jack Singleton<\/strong>. Suite \u00e0 un probl\u00e8me cardiaque survenu en septembre, Jack a subi une s\u00e9rie d\u2019examens m\u00e9dicaux approfondis en consultation avec des cardiologues. Jack continuera de b\u00e9n\u00e9ficier du soutien total de l\u2019\u00e9quipe m\u00e9dicale de Gloucester \u00bb a publi\u00e9 l\u2019\u00e9quipe anglaise ce vendredi sur son site internet.\u00a0<\/p>\n<p class=\" wall-content\">Un v\u00e9ritable coup dur pour le talonneur de 29 ans, \u00e9cart\u00e9 des terrains depuis un mois apr\u00e8s avoir disput\u00e9 son seul match de la saison le 12 septembre face \u00e0 <strong>Exeter<\/strong>. Si le club n\u2019annonce pas la fin de carri\u00e8re de son joueur, celle-ci semble compromise vu l\u2019\u00e9tat de sant\u00e9 de <strong>Singleton<\/strong>.<\/p>\n<p>Trois s\u00e9lections avec le XV de la Rose<\/p>\n<p class=\" wall-content\">Pass\u00e9 par le <strong>Rugby Club Toulonnais<\/strong> lors de la saison 2023-2024, le talonneur avait disput\u00e9 21 rencontres avec <a href=\"https:\/\/actu.fr\/provence-alpes-cote-d-azur\/toulon_83137\/insolite-toulon-presente-son-maillot-exterieur-sur-le-porte-avions-charles-de-gaulle_62970871.html\" target=\"_blank\" rel=\"noopener\">le maillot rouge et noir<\/a> en tant que joker m\u00e9dical d\u2019<strong>Anthony \u00c9trillard<\/strong>. <strong>Jack Singleton<\/strong> avait m\u00eame marqu\u00e9 un essai lors de son dernier match dans <a href=\"https:\/\/actu.fr\/tag\/rct-rugby-club-toulonnais\" target=\"_blank\" rel=\"noopener\">le Var<\/a> face \u00e0 La Rochelle avant de repartir vers Gloucester d\u2019o\u00f9 il \u00e9tait simplement pr\u00eat\u00e9.<\/p>\n<p class=\" wall-content\"><strong>Jack Singleton<\/strong> \u00e9tait \u00e9galement international apr\u00e8s avoir eu les honneurs du <strong>XV de la Rose<\/strong> en 2019. Le talonneur a connu trois s\u00e9lections avec l\u2019Angleterre dont une lors de la <strong>Coupe du Monde 2019<\/strong> face aux \u00c9tats-Unis.<\/p>\n<p class=\" wall-content\">Personnalisez votre actualit\u00e9 en ajoutant vos villes et m\u00e9dias en favori avec <a href=\"https:\/\/moncompte.actu.fr\" title=\"D\u00e9couvez Mon Actu\" rel=\"nofollow noopener\" data-trk=\"{&quot;cta&quot;:{&quot;action&quot;:&quot;https:\\\/\\\/moncompte.actu.fr&quot;,&quot;category&quot;:&quot;mon compte&quot;,&quot;from&quot;:&quot;article footer&quot;,&quot;name&quot;:&quot;Mon actu&quot;,&quot;type&quot;:&quot;cta&quot;}}\" target=\"_blank\">Mon Actu<\/a>.<\/p>\n","protected":false},"excerpt":{"rendered":"Par Lucas Bertolotto Publi\u00e9 le 11 oct. 2025 \u00e0 17h56 C\u2019est lors d\u2019un point m\u00e9dical \u00e0 l\u2019allure anodine&hellip;\n","protected":false},"author":2,"featured_media":455445,"comment_status":"","ping_status":"","sticky":false,"template":"","format":"standard","meta":{"footnotes":""},"categories":[9619],"tags":[1111,11,1777,674,1011,27,12,3788,882,6717,25,479,60,2310],"class_list":{"0":"post-455444","1":"post","2":"type-post","3":"status-publish","4":"format-standard","5":"has-post-thumbnail","7":"category-toulon","8":"tag-actu","9":"tag-actualites","10":"tag-eu","11":"tag-europe","12":"tag-fr","13":"tag-france","14":"tag-news","15":"tag-pro","16":"tag-provence-alpes-cote-dazur","17":"tag-rct-rugby-club-toulonnais","18":"tag-republique-francaise","19":"tag-rugby","20":"tag-sports","21":"tag-toulon"},"share_on_mastodon":{"url":"https:\/\/pubeurope.com\/@fr\/115356512066239119","error":""},"_links":{"self":[{"href":"https:\/\/www.europesays.com\/fr\/wp-json\/wp\/v2\/posts\/455444","targetHints":{"allow":["GET"]}}],"collection":[{"href":"https:\/\/www.europesays.com\/fr\/wp-json\/wp\/v2\/posts"}],"about":[{"href":"https:\/\/www.europesays.com\/fr\/wp-json\/wp\/v2\/types\/post"}],"author":[{"embeddable":true,"href":"https:\/\/www.europesays.com\/fr\/wp-json\/wp\/v2\/users\/2"}],"replies":[{"embeddable":true,"href":"https:\/\/www.europesays.com\/fr\/wp-json\/wp\/v2\/comments?post=455444"}],"version-history":[{"count":0,"href":"https:\/\/www.europesays.com\/fr\/wp-json\/wp\/v2\/posts\/455444\/revisions"}],"wp:featuredmedia":[{"embeddable":true,"href":"https:\/\/www.europesays.com\/fr\/wp-json\/wp\/v2\/media\/455445"}],"wp:attachment":[{"href":"https:\/\/www.europesays.com\/fr\/wp-json\/wp\/v2\/media?parent=455444"}],"wp:term":[{"taxonomy":"category","embeddable":true,"href":"https:\/\/www.europesays.com\/fr\/wp-json\/wp\/v2\/categories?post=455444"},{"taxonomy":"post_tag","embeddable":true,"href":"https:\/\/www.europesays.com\/fr\/wp-json\/wp\/v2\/tags?post=455444"}],"curies":[{"name":"wp","href":"https:\/\/api.w.org\/{rel}","templated":true}]}}