{"id":455452,"date":"2025-10-11T16:40:23","date_gmt":"2025-10-11T16:40:23","guid":{"rendered":"https:\/\/www.europesays.com\/fr\/455452\/"},"modified":"2025-10-11T16:40:23","modified_gmt":"2025-10-11T16:40:23","slug":"espoirs-bonus-offensif-face-a-rouen-actualites-union-bordeaux-begles-ubb-rugby","status":"publish","type":"post","link":"https:\/\/www.europesays.com\/fr\/455452\/","title":{"rendered":"Espoirs : Bonus offensif face \u00e0 Rouen &#8211; Actualit\u00e9s &#8211; Union Bordeaux B\u00e8gles (UBB Rugby)"},"content":{"rendered":"<p>                    Nos Girondins remportent leur premi\u00e8re rencontre de la saison au CEVA Campus \u2013 Stade Moga et s\u2019adjugent le bonus offensif face \u00e0 une \u00e9quipe de Rouen qui a su leur poser des difficult\u00e9s (38-7).<\/p>\n<p><img loading=\"lazy\" decoding=\"async\" style=\"undefined\" src=\"https:\/\/www.europesays.com\/fr\/wp-content\/uploads\/2025\/10\/DSC04351-2.jpg\" alt=\"\" width=\"1200\" height=\"1200\"\/>\n<\/p>\n<p>Il fallut quelques minutes aux deux \u00e9quipes pour se mettre dans le bain.<br \/>Rien ne se passait jusqu\u2019\u00e0 la <strong>9e minute<\/strong> o\u00f9, propuls\u00e9 par toute la ligne arri\u00e8re, <strong>Mat\u00e9o Aragon<\/strong> terminait sa course \u00e0 quelques m\u00e8tres de la ligne rouennaise.<br \/>Un plaquage haut sur notre ailier valait un carton jaune \u00e0 Rouen et offrait \u00e0 notre \u00e9quipe une belle opportunit\u00e9 de profiter de la sup\u00e9riorit\u00e9 num\u00e9rique.<br \/>Chose faite, puisque trois minutes plus tard, nos jeunes parvenaient \u00e0 concr\u00e9tiser une p\u00e9naltouche et passaient la ligne gr\u00e2ce \u00e0 <strong>Amir Hattouma<\/strong> pour le premier essai <strong>(12\u2019 ; 5-0)<\/strong>.<br \/>Ce premier essai fut suivi de pr\u00e8s par une nouvelle belle initiative : <strong>Deram<\/strong> per\u00e7ait le rideau d\u00e9fensif et, apr\u00e8s contact, servait Baronnet. La gonfle filait ensuite sur les ext\u00e9rieurs et <strong>Mat\u00e9o Aragon<\/strong> concluait pour inscrire le second essai <strong>(17\u2019 ; 12-0)<\/strong>.<br \/>Alors que le joueur rouennais sanctionn\u00e9 revenait sur le terrain, ce fut au tour de notre \u00e9quipe d\u2019\u00eatre p\u00e9nalis\u00e9e : <strong>Zinedine Aouad<\/strong> quittait temporairement ses co\u00e9quipiers pour dix minutes, n\u2019\u00e9tant pas \u00e0 dix m\u00e8tres sur l\u2019action.<br \/>Ce carton profitait \u00e0 Rouen, qui lan\u00e7ait un maul port\u00e9 efficace se terminant dans l\u2019en-but <strong>(22\u2019 ; 12-7)<\/strong>.<br \/>Mais nos Girondins ne se laissaient pas faire. Sur un bon contre de <strong>Bobby Bissu, Adam Zapedowski<\/strong> parvenait \u00e0 aplatir la gonfle dans l\u2019en-but, redonnant un peu d\u2019air \u00e0 nos Espoirs <strong>(24\u2019 ; 19-7)<\/strong>.<br \/><strong>Malgr\u00e9 quelques tentatives des deux c\u00f4t\u00e9s, le score en restait l\u00e0 \u00e0 la pause : 19-7.<\/strong><\/p>\n<p>\u00a0<\/p>\n<p>Le jeu se concentrait dans le camp de nos Girondins durant les vingt premi\u00e8res minutes de cette seconde mi-temps, mais Rouen ne parvenait pas \u00e0 scorer.<br \/>Il fallut attendre la <strong>68e minute<\/strong> pour enfin voir les premiers points de ce second acte : <strong>Francis Peters<\/strong> se propulsait dans l\u2019en-but \u00e0 la suite d\u2019un bon maul <strong>(26-7)<\/strong>.<br \/>Apr\u00e8s une touche bien n\u00e9goci\u00e9e, <strong>Bobby Bissu<\/strong> venait inscrire un nouvel essai cinq minutes plus tard <strong>(73\u2019 ; 33-7)<\/strong>.<br \/>Enfin d\u00e9brid\u00e9s dans leur jeu, les jeunes Girondins concluaient la rencontre en beaut\u00e9 : <strong>Mathys Argenton<\/strong> aplatissait le dernier essai apr\u00e8s une belle combinaison terminant sur l\u2019ext\u00e9rieur <strong>(38-7)<\/strong>.<\/p>\n<p><strong>Une victoire importante pour rester dans la course, avant d\u2019encha\u00eener trois d\u00e9placements face aux \u00e9quipes du haut de tableau, puis de recevoir Brive le 29 novembre.<\/strong><\/p>\n","protected":false},"excerpt":{"rendered":"Nos Girondins remportent leur premi\u00e8re rencontre de la saison au CEVA Campus \u2013 Stade Moga et s\u2019adjugent le&hellip;\n","protected":false},"author":2,"featured_media":455453,"comment_status":"","ping_status":"","sticky":false,"template":"","format":"standard","meta":{"footnotes":""},"categories":[9587],"tags":[1111,47,11,4402,1997,4404,4401,4356,4400,4357,1983,1777,674,1011,27,1987,1114,2947,955,12,5161,4048,25,9590,479,517,2858,478,4364,4403,1264],"class_list":{"0":"post-455452","1":"post","2":"type-post","3":"status-publish","4":"format-standard","5":"has-post-thumbnail","7":"category-rouen","8":"tag-actu","9":"tag-actualite","10":"tag-actualites","11":"tag-begles","12":"tag-bordeaux","13":"tag-chaban","14":"tag-challenge-cup","15":"tag-coronavirus","16":"tag-covid","17":"tag-covid-19","18":"tag-essai","19":"tag-eu","20":"tag-europe","21":"tag-fr","22":"tag-france","23":"tag-girondins","24":"tag-infos","25":"tag-lnr","26":"tag-match","27":"tag-news","28":"tag-normandie","29":"tag-presse","30":"tag-republique-francaise","31":"tag-rouen","32":"tag-rugby","33":"tag-sport","34":"tag-stade","35":"tag-top-14","36":"tag-ubb","37":"tag-union","38":"tag-victoire"},"share_on_mastodon":{"url":"https:\/\/pubeurope.com\/@fr\/115356528268112522","error":""},"_links":{"self":[{"href":"https:\/\/www.europesays.com\/fr\/wp-json\/wp\/v2\/posts\/455452","targetHints":{"allow":["GET"]}}],"collection":[{"href":"https:\/\/www.europesays.com\/fr\/wp-json\/wp\/v2\/posts"}],"about":[{"href":"https:\/\/www.europesays.com\/fr\/wp-json\/wp\/v2\/types\/post"}],"author":[{"embeddable":true,"href":"https:\/\/www.europesays.com\/fr\/wp-json\/wp\/v2\/users\/2"}],"replies":[{"embeddable":true,"href":"https:\/\/www.europesays.com\/fr\/wp-json\/wp\/v2\/comments?post=455452"}],"version-history":[{"count":0,"href":"https:\/\/www.europesays.com\/fr\/wp-json\/wp\/v2\/posts\/455452\/revisions"}],"wp:featuredmedia":[{"embeddable":true,"href":"https:\/\/www.europesays.com\/fr\/wp-json\/wp\/v2\/media\/455453"}],"wp:attachment":[{"href":"https:\/\/www.europesays.com\/fr\/wp-json\/wp\/v2\/media?parent=455452"}],"wp:term":[{"taxonomy":"category","embeddable":true,"href":"https:\/\/www.europesays.com\/fr\/wp-json\/wp\/v2\/categories?post=455452"},{"taxonomy":"post_tag","embeddable":true,"href":"https:\/\/www.europesays.com\/fr\/wp-json\/wp\/v2\/tags?post=455452"}],"curies":[{"name":"wp","href":"https:\/\/api.w.org\/{rel}","templated":true}]}}