{"id":455456,"date":"2025-10-11T16:44:10","date_gmt":"2025-10-11T16:44:10","guid":{"rendered":"https:\/\/www.europesays.com\/fr\/455456\/"},"modified":"2025-10-11T16:44:10","modified_gmt":"2025-10-11T16:44:10","slug":"victimes-de-violences-ces-femmes-etrangeres-se-battent-pour-se-relever","status":"publish","type":"post","link":"https:\/\/www.europesays.com\/fr\/455456\/","title":{"rendered":"victimes de violences, ces femmes \u00e9trang\u00e8res se battent pour se relever"},"content":{"rendered":"<p>            Par<br \/>\n        <strong><br \/>\n            <a href=\"https:\/\/actu.fr\/auteur\/clemence-pays02-actu-fr\" title=\"Consulter tous les articles de Cl\u00e9mence Pays\" target=\"_blank\" rel=\"noopener\">Cl\u00e9mence Pays<\/a><br \/>\n        <\/strong><\/p>\n<p>        Publi\u00e9 le<\/p>\n<p>            11 oct. 2025 \u00e0 17h45        <\/p>\n<p>Les voix sont parfois encore tremblantes et l\u2019\u00e9motion reste vive lorsque <strong>Marie-Th\u00e9r\u00e8se<\/strong> et <strong>Christelle<\/strong> retracent leur parcours. Pour elles deux, leur histoire a commenc\u00e9 en C\u00f4te d\u2019Ivoire. Malgr\u00e9 des trajectoires diff\u00e9rentes, leur destin se sont entrecrois\u00e9s au gr\u00e9 des obstacles, cr\u00e9ant de malheureux points communs entre ces deux femmes, et tant d\u2019autres. Des <strong>violences psychologiques, physiques et sexuelles<\/strong> ou encore de la<strong> pr\u00e9carit\u00e9,<\/strong> elles ont r\u00e9ussi \u00e0 en faire une force\u2009: celle du collectif et de la <strong>solidarit\u00e9.<\/strong><\/p>\n<p class=\" wall-content\">Christelle et Marie-Th\u00e9r\u00e8se font partie d\u2019<strong>Elles diront d\u2019elles.<\/strong> Cette association bas\u00e9e \u00e0 Rennes permet aux femmes \u2013 \u00e9trang\u00e8res ou d\u2019origine \u00e9trang\u00e8re ayant subi des violences dans leur pays de naissance, en France ou durant leur parcours migratoire \u2013 de se r\u00e9unir, d\u2019\u00e9changer et se soutenir.<\/p>\n<p class=\" wall-content\">Pour Marie-Th\u00e9r\u00e8se, \u00ab\u2009partager les exp\u00e9riences de chacune et aider les primo arrivantes, <strong>cela aide \u00e0 marcher\u2009\u00bb.<\/strong> C\u2019est notamment gr\u00e2ce \u00e0 cela que cette Rennaise \u00e2g\u00e9e d\u2019une cinquantaine d\u2019ann\u00e9es a r\u00e9ussi \u00e0 se relever apr\u00e8s avoir connu l\u2019indicible.<\/p>\n<p>\u00ab\u2009On part dans la joie d\u2019une aventure meilleure\u2009\u00bb<\/p>\n<p class=\" wall-content\">\u00ab\u2009Comme toute personne immigr\u00e9e, je suis <strong>arriv\u00e9e en France par le mariage<\/strong> et la vie est rest\u00e9e compliqu\u00e9e, avec des al\u00e9as. J\u2019ai cherch\u00e9 \u00e0 m\u2019ins\u00e9rer et me battre\u2009\u00bb, raconte Marie-Th\u00e9r\u00e8se.<\/p>\n<p class=\" wall-content\">C\u2019est alors qu\u2019elle est veuve et maman d\u2019une fille qu\u2019elle est mise en relation, par le biais d\u2019une amie, avec un homme fran\u00e7ais \u00ab\u2009qui voyageait\u2009\u00bb. Apr\u00e8s avoir pass\u00e9 la plus grande partie de sa vie en C\u00f4te d\u2019Ivoire et quelque temps au Maroc, Marie-Th\u00e9r\u00e8se d\u00e9cide de changer de vie et de <strong>suivre cet homme qui deviendra son mari.<\/strong> \u00ab\u2009J\u2019avais environ 40\u00a0ans. Et je n\u2019\u00e9tais jamais venue en France.\u2009\u00bb<\/p>\n<blockquote class=\"ac-article-quote wall-content\">\n<p>On ne sait pas ce qu&rsquo;il va nous arriver quand on suit cet homme. On part dans la joie d&rsquo;une aventure meilleure. On quitte un pays pauvre pour quelque chose de mieux.<\/p>\n<p>    <strong>Marie-Th\u00e9r\u00e8se<\/strong>\n            <\/p><\/blockquote>\n<p class=\" wall-content\">Ce qui motive surtout Marie-Th\u00e9r\u00e8se, c\u2019est de pouvoir<strong> subvenir aux besoins de sa fille,<\/strong> alors \u00e9tudiante en m\u00e9decine. \u00ab\u2009On laisse derri\u00e8re nous une famille. J\u2019ai confi\u00e9 ma fille \u00e0 ma s\u0153ur, mais c\u2019\u00e9tait pour payer sa scolarit\u00e9.\u2009\u00bb<\/p>\n<p>Votre r\u00e9gion, votre actu !<\/p>\n<p>Recevez chaque jour les infos qui comptent pour vous.<\/p>\n<p>\t<a href=\"https:\/\/actu.fr\/newsletter\" class=\"ac-btn ac-btn--corner ac-btn--medium ac-btn--blue800\" target=\"_blank\" rel=\"noopener\">S&rsquo;incrire<\/a><br \/>\nDe l\u2019exploitation et des abus<\/p>\n<p class=\" wall-content\">Marie-Th\u00e9r\u00e8se arrive donc en Alsace et s\u2019installe avec son mari. Mais celui qui devait l\u2019aider \u00e0 trouver une vie meilleure change de visage. <strong>\u00ab\u2009Mon mari a confisqu\u00e9 mon passeport\u2009\u00bb,<\/strong> raconte Marie-Th\u00e9r\u00e8se, qui ne peut alors plus poursuivre ses d\u00e9marches pour \u00eatre r\u00e9gularis\u00e9e.<\/p>\n<blockquote class=\"ac-article-quote wall-content\">\n<p>On entre dans un champ de bataille inexpliqu\u00e9.<\/p>\n<p>    <strong>Marie-Th\u00e9r\u00e8se<\/strong>\n            <\/p><\/blockquote>\n<p class=\" wall-content\">Finalement, Marie-Th\u00e9r\u00e8se et son conjoint se s\u00e9parent.<strong> \u00ab\u2009Quand on divorce, notre titre de s\u00e9jour est retir\u00e9.<\/strong> On est livr\u00e9 \u00e0 soi-m\u00eame.\u2009\u00bb D\u00e9marre alors \u00ab\u2009un engrenage de difficult\u00e9s professionnelles, administratives et de libert\u00e9\u2009\u00bb, poursuit la Rennaise.<\/p>\n<p class=\" wall-content\">Seule, loin de son entourage, Marie-Th\u00e9r\u00e8se a \u00ab\u2009les mains li\u00e9es\u2009\u00bb et tente de s\u2019en sortir comme elle peut. Malheureusement, les mauvaises rencontres s\u2019encha\u00eenent. \u00ab\u2009Tu rencontres <strong>de l\u2019exploitation, de l\u2019abus\u2026<\/strong> Ce tourbillon n\u2019est pas sans cons\u00e9quences physiques et mentales.\u2009\u00bb<\/p>\n<p class=\" wall-content\">\u00c0 la rue, sans travail et sans papiers, Marie-Th\u00e9r\u00e8se est <strong>victime de violences et \u00ab\u2009d\u2019abus physiques\u2009\u00bb.<\/strong> Avec pudeur, elle ne s\u2019\u00e9tale pas sur la question.<\/p>\n<blockquote class=\"ac-article-quote wall-content\">\n<p>Il y a beaucoup de dangers auxquels nous sommes confront\u00e9s en tant que femmes immigr\u00e9es. On nous donne peu d&rsquo;espoir. On n&rsquo;a plus de dignit\u00e9. <\/p>\n<p>    <strong>Marie-Th\u00e9r\u00e8se<\/strong>\n            <\/p><\/blockquote>\n<p>L\u2019administration, un \u00ab\u2009long parcours\u2009\u00bb<\/p>\n<p class=\" wall-content\">Heureusement, la vie a mis sur le chemin de Marie-Th\u00e9r\u00e8se \u00ab\u2009des familles\u2009\u00bb qui lui ont offert <strong>\u00ab\u2009un moment de r\u00e9pit\u2009\u00bb.<\/strong> La suite de son parcours l\u2019a conduite \u00e0 <a href=\"https:\/\/actu.fr\/rennes\/\" target=\"_blank\" rel=\"noopener\">Rennes<\/a>, o\u00f9 elle d\u00e9couvre <strong>l\u2019Asfad,<\/strong> une association locale qui vient en aide aux femmes en difficult\u00e9 et victimes de violences conjugales. Elle trouve \u00e9galement du soutien aupr\u00e8s de <a href=\"https:\/\/actu.fr\/bretagne\/rennes_35238\/rennes-une-maison-des-femmes-pour-accueillir-et-soutenir-les-victimes-de-violences_60352750.html\" target=\"_blank\" rel=\"noopener\">la Maison des femmes<\/a>.<\/p>\n<blockquote class=\"ac-article-quote wall-content\">\n<p>J&rsquo;ai appris que j&rsquo;avais le droit.<\/p>\n<p>    <strong>Marie-Th\u00e9r\u00e8se<\/strong>\n            <\/p><\/blockquote>\n<p class=\" wall-content\">Pour Christelle, l\u2019aide est arriv\u00e9e in extremis, un soir, dans une ambulance. <strong>\u00ab\u2009Venir en Europe s\u2019est impos\u00e9 \u00e0 moi,<\/strong> explique-t-elle. J\u2019ai perdu mes parents et ma s\u0153ur \u00e9tait en France, j\u2019ai voulu la rejoindre.\u2009\u00bb<\/p>\n<p class=\" wall-content\">Christelle quitte alors son emploi au sein du groupe Carrefour en C\u00f4te d\u2019Ivoire et, visa en poche, <strong>arrive \u00e0 Paris en 2017.<\/strong><\/p>\n<p class=\" wall-content\">Sur place, elle fait \u00ab\u2009des d\u00e9marches suppl\u00e9mentaires pour <strong>[s]\u2019int\u00e9grer,<\/strong> avoir acc\u00e8s aux soins. C\u2019est <strong>un long parcours,<\/strong> il faut aussi faire des demandes compl\u00e9mentaires pour travailler.\u2009\u00bb<\/p>\n<p>\u00ab\u2009Ils disaient que je voulais juste des papiers\u2009\u00bb<\/p>\n<p class=\" wall-content\">D\u00e9but 2018, Christelle se rend \u00e0 un mariage et rencontre celui qui deviendra son conjoint. \u00ab\u2009D\u00e8s le d\u00e9part, <strong>j\u2019ai \u00e9t\u00e9 honn\u00eate<\/strong> sur le fait de ne pas avoir de papiers. Il disait qu\u2019il m\u2019aimait et qu\u2019il voulait m\u2019aider\u2009\u00bb, confie la Rennaise.<\/p>\n<p class=\" wall-content\">La relation se passe bien, malgr\u00e9 <strong>un entourage m\u00e9fiant.<\/strong> \u00ab\u2009Ses proches disaient que je voulais juste profiter. On s\u2019aimait et c\u2019est ce qui comptait. Je ne lui demandais pas le mariage.\u2009\u00bb<\/p>\n<p class=\" wall-content\">Tout en menant ses d\u00e9marches administratives de front, Christelle encha\u00eene \u00ab\u2009des petits boulots au black pour [se] d\u00e9fendre\u2009\u00bb et trouve une collocation. Au bout de huit mois de relation, son ami lui propose d\u2019am\u00e9nager ensemble et<strong> le couple se pacse.<\/strong><\/p>\n<blockquote class=\"ac-article-quote wall-content\">\n<p>Au d\u00e9but, c&rsquo;\u00e9tait bien. Il \u00e9tait gentil. Mais quand on se promenait, on croisait ses amis, il y avait beaucoup de m\u00e9pris et de racisme. Ils disaient que je voulais juste des papiers. \u00c7a a \u00e9t\u00e9 le d\u00e9but des probl\u00e8mes. <\/p>\n<p>    <strong>Christelle<\/strong>\n            <\/p><\/blockquote>\n<p class=\" wall-content\">L\u2019\u00e9l\u00e9ment d\u00e9clencheur a \u00e9t\u00e9 un ami du conjoint de Christelle. \u00ab\u2009Ils<strong> buvaient beaucoup<\/strong> ensemble et \u00e9taient d\u2019une grande m\u00e9chancet\u00e9\u2009\u00bb, raconte la jeune femme avec \u00e9motion.<\/p>\n<p>La solitude face aux violences<\/p>\n<p class=\" wall-content\">Cette derni\u00e8re se rend compte que son petit ami a un \u00ab\u2009probl\u00e8me d\u2019alcool\u2009\u00bb. \u00ab\u2009Quand il reprenait ses esprits,<strong> c\u2019\u00e9tait la lune de miel. Puis, il recommen\u00e7ait \u00e0 boire<\/strong>\u2026\u2009\u00bb<\/p>\n<p class=\" wall-content\">Les propos agressifs se sont mu\u00e9s en<strong> \u00ab\u2009violence \u00e0 r\u00e9p\u00e9tition\u2009\u00bb.<\/strong> Un jour, \u00ab\u2009il m\u2019a <strong>menac\u00e9 avec un couteau<\/strong> dans la maison\u2009\u00bb. Christelle appelle la police qui se d\u00e9place et constate ses blessures.<\/p>\n<blockquote class=\"ac-article-quote wall-content\">\n<p>Je ne voulais pas appeler ma s\u0153ur. C&rsquo;\u00e9tait une honte pour moi. Je vivais \u00e7a un peu seule.<\/p>\n<p>    <strong>Christelle<\/strong>\n            <\/p><\/blockquote>\n<p class=\" wall-content\">Apr\u00e8s cet \u00e9pisode, Christelle s\u2019interroge. Mais le calme est revenu au sein du foyer. Jusqu\u2019\u00e0 un soir en plein mouvement des <a href=\"https:\/\/actu.fr\/tag\/gilets-jaunes\" target=\"_blank\" rel=\"noopener\">Gilets jaunes<\/a>. Alors que Christelle est partie \u00e0 Rennes \u00ab\u2009pour trouver du travail\u2009\u00bb, son conjoint l\u2019appel \u00ab\u2009ivre\u2009\u00bb. Il lui demande o\u00f9 elle est, la menace. Christelle d\u00e9cide de rentrer \u00e0 Paris.<\/p>\n<p class=\" wall-content\">\u00c0 peine rentr\u00e9e chez elle, Christelle fait face \u00e0 un torrent de violence. \u00ab\u2009Il m\u2019a sorti des toilettes, m\u2019a donn\u00e9 <strong>des coups au visage.<\/strong> J\u2019ai couru dehors. Il \u00e9tait tard, je n\u2019avais rien sur moi, pas de manteau. C\u2019\u00e9tait le froid total. Je me suis <strong>\u00e9vanouie<\/strong> par terre.\u2009\u00bb<\/p>\n<p>\u00ab\u2009J\u2019ai beaucoup bataill\u00e9\u2009\u00bb<\/p>\n<p class=\" wall-content\">\u00ab\u2009J\u2019ai ouvert les yeux dans l\u2019ambulance\u2009\u00bb, poursuit Christelle la voix tremblante. C\u2019est finalement \u00e0 partir de ce moment qu\u2019elle trouve une aide pour sortir de cette situation. <strong>Hospitalis\u00e9e<\/strong> pendant pr\u00e8s d\u2019une semaine, un policier \u2013 qui \u00e9tait d\u00e9j\u00e0 venu \u00e0 son domicile \u2013 lui conseille de <strong>porter plainte<\/strong> contre son conjoint. \u00ab\u2009Mais j\u2019avais peur des menaces. J\u2019avais vraiment peur. Mais le policier m\u2019a soutenue.\u2009\u00bb<\/p>\n<p class=\" wall-content\">Des associations viennent aussi \u00e0 sa rencontre et contactent <a href=\"https:\/\/actu.fr\/societe\/violences-conjugales-le-3919-bientot-joignable-24h-24-7-jours-sur-7_42128462.html\" target=\"_blank\" rel=\"noopener\">le 3919<\/a>, le num\u00e9ro d\u2019aide r\u00e9serv\u00e9 aux femmes victimes de violences. \u00ab\u2009Ils m\u2019ont trouv\u00e9 une place \u00e0 Rennes.\u2009\u00bb<\/p>\n<p class=\" wall-content\">Les premiers mois elle reste <strong>\u00e0 l\u2019h\u00f4tel<\/strong> en attendant qu\u2019une place se lib\u00e8re au centre d\u2019h\u00e9bergement de l\u2019Asfad. \u00ab\u2009Il fallait toujours <strong>renouveler mes droits aupr\u00e8s du 115.<\/strong> Je me d\u00e9fendais avec la maraude de la Croix rouge.\u2009\u00bb<\/p>\n<p class=\" wall-content\">Quelques mois plus tard, une place se lib\u00e8re. Christelle obtient \u00e9galement<strong> un titre de s\u00e9jour<\/strong> et <strong>travaille dans le m\u00e9nage<\/strong> pour une maison de retraite. La situation de Christelle se d\u00e9bloque petit \u00e0 petit. Avec une assistante sociale, elle fait une demande de logement fin 2021, trouve du soutien aupr\u00e8s d\u2019une psychologue et \u00e9volue professionnellement.<\/p>\n<p class=\" wall-content\">\u00ab\u2009Je voulais \u00eatre dans les soins.\u2009\u00bb La Rennaise, qui a aussi travaill\u00e9 \u00e0 l\u2019h\u00f4pital Guillaume-R\u00e9gnier, suit actuellement <strong>une formation pour devenir aide-soignante.<\/strong><\/p>\n<blockquote class=\"ac-article-quote wall-content\">\n<p>J&rsquo;ai beaucoup bataill\u00e9. L\u00e0 encore, je lutte pour les papiers et renouveler mon titre de s\u00e9jour.<\/p>\n<p>    <strong>Christelle<\/strong>\n            <\/p><\/blockquote>\n<p>Continuer le combat pour toutes les autres<\/p>\n<p class=\" wall-content\">En parall\u00e8le, Christelle m\u00e8ne un autre <strong>combat judiciaire,<\/strong> face \u00e0 son ex-conjoint, \u00ab\u2009en tant que victime de violence\u2009\u00bb.<\/p>\n<p class=\" wall-content\">\u00ab\u2009Pour mon dossier, je suis aid\u00e9e par une juriste d\u2019Elles diront d\u2019elles\u2009\u00bb, pr\u00e9cise Christelle qui s\u2019est investie elle aussi dans l\u2019association. \u00ab\u2009Les <strong>groupes de parole,<\/strong> c\u2019est important pour entendre les victimes et d\u2019apporter une aide pour les orienter.\u2009\u00bb<\/p>\n<p class=\" wall-content\"><strong>\u00ab\u2009Cette fraternit\u00e9 nous aide,<\/strong> on se donne des informations, confirme Marie-Th\u00e9r\u00e8se. Nous ne voulons pas que les autres soient confront\u00e9es aux m\u00eames choses que nous.\u2009\u00bb<\/p>\n<p class=\" wall-content\">Et m\u00eame si la Rennaise a obtenu sa carte de s\u00e9jour et vient de se marier avec \u00ab\u2009un gentil\u2009\u00bb, elle compte \u00ab\u2009rester dans le militantisme et disponible pour aider les autres\u2009\u00bb.<\/p>\n<p class=\" wall-content\">\u00ab\u2009Cela nous <strong>donne de la force, de rester dans la bataille<\/strong> pour les autres\u2009\u00bb, conclut Marie-Th\u00e9r\u00e8se.<\/p>\n<p class=\" wall-content\">Personnalisez votre actualit\u00e9 en ajoutant vos villes et m\u00e9dias en favori avec <a href=\"https:\/\/moncompte.actu.fr\" title=\"D\u00e9couvez Mon Actu\" rel=\"nofollow noopener\" data-trk=\"{&quot;cta&quot;:{&quot;action&quot;:&quot;https:\\\/\\\/moncompte.actu.fr&quot;,&quot;category&quot;:&quot;mon compte&quot;,&quot;from&quot;:&quot;article footer&quot;,&quot;name&quot;:&quot;Mon actu&quot;,&quot;type&quot;:&quot;cta&quot;}}\" target=\"_blank\">Mon Actu<\/a>.<\/p>\n","protected":false},"excerpt":{"rendered":"Par Cl\u00e9mence Pays Publi\u00e9 le 11 oct. 2025 \u00e0 17h45 Les voix sont parfois encore tremblantes et l\u2019\u00e9motion&hellip;\n","protected":false},"author":2,"featured_media":455457,"comment_status":"","ping_status":"","sticky":false,"template":"","format":"standard","meta":{"footnotes":""},"categories":[2821],"tags":[1111,11,829,1777,674,1011,27,1061,12,584,25,104,798,799],"class_list":{"0":"post-455456","1":"post","2":"type-post","3":"status-publish","4":"format-standard","5":"has-post-thumbnail","7":"category-rennes","8":"tag-actu","9":"tag-actualites","10":"tag-bretagne","11":"tag-eu","12":"tag-europe","13":"tag-fr","14":"tag-france","15":"tag-immigration","16":"tag-news","17":"tag-rennes","18":"tag-republique-francaise","19":"tag-societe","20":"tag-violences-conjugales","21":"tag-violences-sexuelles"},"share_on_mastodon":{"url":"https:\/\/pubeurope.com\/@fr\/115356543556322207","error":""},"_links":{"self":[{"href":"https:\/\/www.europesays.com\/fr\/wp-json\/wp\/v2\/posts\/455456","targetHints":{"allow":["GET"]}}],"collection":[{"href":"https:\/\/www.europesays.com\/fr\/wp-json\/wp\/v2\/posts"}],"about":[{"href":"https:\/\/www.europesays.com\/fr\/wp-json\/wp\/v2\/types\/post"}],"author":[{"embeddable":true,"href":"https:\/\/www.europesays.com\/fr\/wp-json\/wp\/v2\/users\/2"}],"replies":[{"embeddable":true,"href":"https:\/\/www.europesays.com\/fr\/wp-json\/wp\/v2\/comments?post=455456"}],"version-history":[{"count":0,"href":"https:\/\/www.europesays.com\/fr\/wp-json\/wp\/v2\/posts\/455456\/revisions"}],"wp:featuredmedia":[{"embeddable":true,"href":"https:\/\/www.europesays.com\/fr\/wp-json\/wp\/v2\/media\/455457"}],"wp:attachment":[{"href":"https:\/\/www.europesays.com\/fr\/wp-json\/wp\/v2\/media?parent=455456"}],"wp:term":[{"taxonomy":"category","embeddable":true,"href":"https:\/\/www.europesays.com\/fr\/wp-json\/wp\/v2\/categories?post=455456"},{"taxonomy":"post_tag","embeddable":true,"href":"https:\/\/www.europesays.com\/fr\/wp-json\/wp\/v2\/tags?post=455456"}],"curies":[{"name":"wp","href":"https:\/\/api.w.org\/{rel}","templated":true}]}}