{"id":455462,"date":"2025-10-11T16:47:24","date_gmt":"2025-10-11T16:47:24","guid":{"rendered":"https:\/\/www.europesays.com\/fr\/455462\/"},"modified":"2025-10-11T16:47:24","modified_gmt":"2025-10-11T16:47:24","slug":"dans-6-jours-un-show-de-catch-debarque-a-cote-de-strasbourg","status":"publish","type":"post","link":"https:\/\/www.europesays.com\/fr\/455462\/","title":{"rendered":"dans 6 jours, un show de catch d\u00e9barque \u00e0 c\u00f4t\u00e9 de Strasbourg !"},"content":{"rendered":"<p>    <img loading=\"lazy\" width=\"1800\" height=\"900\" src=\"https:\/\/www.europesays.com\/fr\/wp-content\/uploads\/2025\/08\/jeanne-callthepolice.jpg\" class=\"attachment-full size-full\" alt=\"\" id=\"imageLove\" decoding=\"async\"  \/><\/p>\n<p id=\"breadcrumbs\"><a href=\"https:\/\/pokaa.fr\/\" target=\"_blank\" rel=\"noopener\">Accueil<\/a> \/ <a href=\"https:\/\/pokaa.fr\/categories\/ses-sorties\/\" target=\"_blank\" rel=\"noopener\">Sorties<\/a> \/ Spectaculaire : dans 6 jours, un show de catch d\u00e9barque \u00e0 c\u00f4t\u00e9 de Strasbourg !<\/p>\n<p>                    Sorties<\/p>\n<p><b>Exit John Cena. \u00c0 Oberschaeffolsheim, \u00e0 c\u00f4t\u00e9 de Strasbourg, une vingtaine de passionn\u00e9(e)s tentent de faire retrouver au catch sa place mythique des ann\u00e9es 60-70 au sein du club UFW. Pour l\u2019occasion, l\u2019\u00e9quipe pr\u00e9sentera le 18 octobre prochain son grand show Ascension. Entre prises spectaculaires et ambiance \u00e9lectrique, la soir\u00e9e s\u2019annonce m\u00e9morable.<\/b><\/p>\n<p><strong>Cr\u00e9\u00e9 en 2015,<\/strong> le club UFW (Ultimate French Wrestler) voit le jour avec pour but de <strong>ressusciter les ann\u00e9es folles<\/strong> du catch en France. Car oui, cette discipline <strong>a une vraie histoire<\/strong> dans l\u2019Hexagone. Apr\u00e8s la Seconde Guerre mondiale, deux \u00e9missions t\u00e9l\u00e9vis\u00e9es par semaine \u00e9taient d\u00e9di\u00e9es au catch. Une p\u00e9riode qui a permis de mettre en lumi\u00e8re des figures mythiques, comme <strong>Andr\u00e9 le G\u00e9ant ou l\u2019Ange Blanc.<\/strong><\/p>\n<p>Puis, cette pratique est <strong>tomb\u00e9e petit \u00e0 petit dans l\u2019oubli<\/strong> apr\u00e8s les ann\u00e9es 80. Aujourd\u2019hui, ce sont les clubs amateurs comme l\u2019UFW qui se chargent de <strong>ranimer la flamme<\/strong> \u00e0 leur mani\u00e8re\u00a0: <strong>locale, authentique et spectaculaire.<\/strong><\/p>\n<p>    <img width=\"800\" height=\"538\" src=\"https:\/\/www.europesays.com\/fr\/wp-content\/uploads\/2025\/10\/fb-img-1757671057874-e1759867887239-800x538.jpg\" class=\"attachment-image-size-L size-image-size-L\" alt=\"Saut catch\" decoding=\"async\" loading=\"lazy\"  \/>         \u00a9 UFW \/ Document remis <\/p>\n<p>Un jeu comme au th\u00e9\u00e2tre<\/p>\n<p>Aujourd\u2019hui, le catch est encore <strong>peu pratiqu\u00e9<\/strong>\u00a0en Alsace, d\u2019o\u00f9 la volont\u00e9 du club de le maintenir vivant. L\u2019UFW est une <strong>\u00e9quipe de passionn\u00e9(e)s<\/strong> qui \u00e9volue et recrute de nouveaux\/lles membres chaque ann\u00e9e. Elle se r\u00e9unit chaque <strong>dimanche de 9h \u00e0 12h<\/strong> \u00e0 l\u2019Espace multi-sports du Muhlbach \u00e0 Oberschaeffolsheim pour s\u2019entra\u00eener, mais surtout, pour faire <strong>vibrer leur passion.<\/strong><\/p>\n<p>Outre le show, le catch est une <strong>discipline exigeante,<\/strong> o\u00f9 l\u2019engagement physique se m\u00eale \u00e0 la <strong>mise en sc\u00e8ne,<\/strong> et qui n\u00e9cessite de la <strong>confiance<\/strong>\u00a0: \u00ab Le catch est \u00e0 mes yeux la meilleure forme de divertissement qui puisse exister, car on y trouve tous types d\u2019\u00e9motions. C\u2019est un sport qui apporte autant de plaisir que de confiance en soi. On peut dire que \u00e7a a chang\u00e9 ma vie ! \u00bb, livre l\u2019un des sportifs, membre de l\u2019\u00e9quipe <strong>depuis 3 ans.<\/strong> <\/p>\n<p>    <img width=\"437\" height=\"600\" src=\"https:\/\/www.europesays.com\/fr\/wp-content\/uploads\/2025\/10\/fb-img-1757671067904-e1759867671875-437x600.jpg\" class=\"attachment-image-size-M size-image-size-M\" alt=\"UFW catch\" decoding=\"async\" loading=\"lazy\"  \/>         \u00a9 UFW \/ Document remis <\/p>\n<p>C\u2019est cette <strong>double dimension sport\/spectacle<\/strong> qui rend les shows de l\u2019UFW aussi <strong>intenses et vibrants.<\/strong> Et \u00e7a marche\u00a0: les \u00e9v\u00e9nements rassemblent entre <strong>200 et 400 spectateurs\/rices, <\/strong>preuve que le catch amateur a bel et bien <strong>une place<\/strong> au sein de la <strong>culture locale et nationale.\u00a0<\/strong><\/p>\n<p>Pour les curieux\/ses de plus de 16 ans, le club <strong>recrute<\/strong> r\u00e9guli\u00e8rement de <strong>nouveaux\/lles adh\u00e9rent(e)s.<\/strong> Pas besoin d\u2019avoir d\u00e9j\u00e0 soulev\u00e9 120 kilos au d\u00e9velopp\u00e9 couch\u00e9\u00a0: ce qui compte, c\u2019est <strong>l\u2019envie, la motivation<\/strong> et un peu de tol\u00e9rance aux bleus !<\/p>\n<p>                <img width=\"368\" height=\"500\" src=\"https:\/\/www.europesays.com\/fr\/wp-content\/uploads\/2025\/10\/fb-img-1757671459341-e1759867752820-368x500.jpg\" class=\"attachment-gallery size-gallery\" alt=\"UFW catch prise 2\" data-full-url=\"https:\/\/pokaa.fr\/wp-content\/uploads\/2025\/10\/07\/fb-img-1757671459341-e1759867752820.jpg\" decoding=\"async\" loading=\"lazy\"  \/>            <\/p>\n<p>                <img width=\"357\" height=\"500\" src=\"https:\/\/www.europesays.com\/fr\/wp-content\/uploads\/2025\/10\/fb-img-1757671428017-e1759867719294-357x500.jpg\" class=\"attachment-gallery size-gallery\" alt=\"Entr\u00e9e UFW catch\" data-full-url=\"https:\/\/pokaa.fr\/wp-content\/uploads\/2025\/10\/07\/fb-img-1757671428017-e1759867719294.jpg\" decoding=\"async\" loading=\"lazy\"  \/>            <\/p>\n<p>                <img width=\"333\" height=\"500\" src=\"https:\/\/www.europesays.com\/fr\/wp-content\/uploads\/2025\/10\/fb-img-1757671128542-333x500.jpg\" class=\"attachment-gallery size-gallery\" alt=\"UFW catch 2\" data-full-url=\"https:\/\/pokaa.fr\/wp-content\/uploads\/2025\/10\/07\/fb-img-1757671128542.jpg\" decoding=\"async\" loading=\"lazy\"  \/>            <\/p>\n<p>                    \u00a9 UFW \/ Documents remis<\/p>\n<p>Un show unique<\/p>\n<p>Le ring de l\u2019UFW prendra une nouvelle fois vie le <strong>18 octobre prochain<\/strong> lors de son <strong>grand show annuel Ascension<\/strong> \u00e0 Oberschaeffolsheim.<\/p>\n<p>\u00c7a sera l\u2019occasion de d\u00e9couvrir une culture sportive souvent <strong>caricatur\u00e9e,<\/strong> mais qui prend une tout autre dimension en direct avec <strong>l\u2019\u00e9nergie d\u00e9bordante<\/strong> qui circule entre l\u2019ar\u00e8ne et les gradins.<\/p>\n<p>                <img width=\"751\" height=\"500\" src=\"https:\/\/www.europesays.com\/fr\/wp-content\/uploads\/2025\/10\/fb-img-1757671100474-751x500.jpg\" class=\"attachment-gallery size-gallery\" alt=\"UFW catch prise\" data-full-url=\"https:\/\/pokaa.fr\/wp-content\/uploads\/2025\/10\/07\/fb-img-1757671100474-1500x998.jpg\" decoding=\"async\" loading=\"lazy\"  \/>            <\/p>\n<p>                <img width=\"752\" height=\"500\" src=\"https:\/\/www.europesays.com\/fr\/wp-content\/uploads\/2025\/10\/fb-img-1757671150737-752x500.jpg\" class=\"attachment-gallery size-gallery\" alt=\"UFW catch saut\" data-full-url=\"https:\/\/pokaa.fr\/wp-content\/uploads\/2025\/10\/07\/fb-img-1757671150737-1500x998.jpg\" decoding=\"async\" loading=\"lazy\"  \/>            <\/p>\n<p>                    \u00a9 UFW \/ Documents remis<\/p>\n<p>\u00c0 l\u2019affiche, on retrouvera quelques <strong>visages bien connus<\/strong> de la sc\u00e8ne ind\u00e9pendante\u00a0: <strong>Michael Tennessee <\/strong>et<strong> Lucius Aureus, champions par \u00e9quipe UFW,<\/strong> ou encore <strong>Hooligan Jo, d\u00e9tenteur du titre supr\u00eame.<\/strong><\/p>\n<p>Autour d\u2019eux, une ribambelle de combattant(e)s qui vont <strong>enflammer la soir\u00e9e<\/strong> avec des <strong>prises saisissantes et des cascades millim\u00e9tr\u00e9es.\u00a0<\/strong><\/p>\n<p>                <img width=\"380\" height=\"500\" src=\"https:\/\/www.europesays.com\/fr\/wp-content\/uploads\/2025\/10\/fb-img-1757671474791-e1759867786624-380x500.jpg\" class=\"attachment-gallery size-gallery\" alt=\"Entr\u00e9e UFW catch 2\" data-full-url=\"https:\/\/pokaa.fr\/wp-content\/uploads\/2025\/10\/07\/fb-img-1757671474791-e1759867786624.jpg\" decoding=\"async\" loading=\"lazy\"  \/>            <\/p>\n<p>                <img width=\"764\" height=\"500\" src=\"https:\/\/www.europesays.com\/fr\/wp-content\/uploads\/2025\/10\/fb-img-1757671513912-e1759867815493-764x500.jpg\" class=\"attachment-gallery size-gallery\" alt=\"Victoire UFW catch\" data-full-url=\"https:\/\/pokaa.fr\/wp-content\/uploads\/2025\/10\/07\/fb-img-1757671513912-e1759867815493-1500x982.jpg\" decoding=\"async\" loading=\"lazy\"  \/>            <\/p>\n<p>                    \u00a9 UFW \/ Documents remis<\/p>\n<p>Les portes ouvriront \u00e0 <strong>18h<\/strong> et le spectacle <strong>commencera \u00e0 20h<\/strong>. Les billets sont disponibles <a href=\"https:\/\/www.helloasso.com\/associations\/ufw\/evenements\/ufw-prevente-show-18-octobre-2025\" target=\"_blank\" rel=\"noopener\">en pr\u00e9vente en ligne<\/a> (12\u20ac) ou sur place (15\u20ac)<strong>.<\/strong> Alors, si vous cherchez une <strong>sortie originale,<\/strong> l\u2019UFW est pr\u00eat \u00e0 vous <strong>faire hurler<\/strong> \u00e0 en <strong>perdre votre voix.\u00a0<\/strong><\/p>\n<p>            \u00ab Ascension \u00bb<\/p>\n<p>            Quoi ? <\/p>\n<p>Show de catch<\/p>\n<p>                Quand ?<\/p>\n<p>Le 18 octobre 2025<\/p>\n<p>            o\u00f9 ?<\/p>\n<p>Espace multi-sports du Muhlbach, rue du Lavoir, \u00e0 Oberschaeffolsheim<\/p>\n<p>                Plus d&rsquo;infos ?<\/p>\n<ul>\n<li>Ouverture des portes \u00e0 18h, d\u00e9but du show \u00e0 20h<\/li>\n<li>Pour les pr\u00e9ventes,<a href=\"https:\/\/www.helloasso.com\/associations\/ufw\/evenements\/ufw-prevente-show-18-octobre-2025\" target=\"_blank\" rel=\"noopener\"> il suffit de cliquer ici<\/a> (jusqu\u2019au 15 octobre)<\/li>\n<li>Parking gratuit<\/li>\n<\/ul>\n<p>    <img width=\"480\" height=\"600\" src=\"https:\/\/www.europesays.com\/fr\/wp-content\/uploads\/2025\/10\/fb-img-1757671037003-480x600.jpg\" class=\"attachment-image-size-M size-image-size-M\" alt=\"Affiche Ascension catch\" decoding=\"async\" loading=\"lazy\"  \/>         \u00a9 UFW \/ Document remis <\/p>\n","protected":false},"excerpt":{"rendered":"Accueil \/ Sorties \/ Spectaculaire : dans 6 jours, un show de catch d\u00e9barque \u00e0 c\u00f4t\u00e9 de Strasbourg&hellip;\n","protected":false},"author":2,"featured_media":455463,"comment_status":"","ping_status":"","sticky":false,"template":"","format":"standard","meta":{"footnotes":""},"categories":[2820],"tags":[1111,11,2389,7039,1777,674,1011,27,775,12,25,9905,517,640],"class_list":{"0":"post-455462","1":"post","2":"type-post","3":"status-publish","4":"format-standard","5":"has-post-thumbnail","7":"category-strasbourg","8":"tag-actu","9":"tag-actualites","10":"tag-alsace","11":"tag-catch","12":"tag-eu","13":"tag-europe","14":"tag-fr","15":"tag-france","16":"tag-grand-est","17":"tag-news","18":"tag-republique-francaise","19":"tag-show","20":"tag-sport","21":"tag-strasbourg"},"share_on_mastodon":{"url":"https:\/\/pubeurope.com\/@fr\/115356556105786030","error":""},"_links":{"self":[{"href":"https:\/\/www.europesays.com\/fr\/wp-json\/wp\/v2\/posts\/455462","targetHints":{"allow":["GET"]}}],"collection":[{"href":"https:\/\/www.europesays.com\/fr\/wp-json\/wp\/v2\/posts"}],"about":[{"href":"https:\/\/www.europesays.com\/fr\/wp-json\/wp\/v2\/types\/post"}],"author":[{"embeddable":true,"href":"https:\/\/www.europesays.com\/fr\/wp-json\/wp\/v2\/users\/2"}],"replies":[{"embeddable":true,"href":"https:\/\/www.europesays.com\/fr\/wp-json\/wp\/v2\/comments?post=455462"}],"version-history":[{"count":0,"href":"https:\/\/www.europesays.com\/fr\/wp-json\/wp\/v2\/posts\/455462\/revisions"}],"wp:featuredmedia":[{"embeddable":true,"href":"https:\/\/www.europesays.com\/fr\/wp-json\/wp\/v2\/media\/455463"}],"wp:attachment":[{"href":"https:\/\/www.europesays.com\/fr\/wp-json\/wp\/v2\/media?parent=455462"}],"wp:term":[{"taxonomy":"category","embeddable":true,"href":"https:\/\/www.europesays.com\/fr\/wp-json\/wp\/v2\/categories?post=455462"},{"taxonomy":"post_tag","embeddable":true,"href":"https:\/\/www.europesays.com\/fr\/wp-json\/wp\/v2\/tags?post=455462"}],"curies":[{"name":"wp","href":"https:\/\/api.w.org\/{rel}","templated":true}]}}