{"id":455464,"date":"2025-10-11T16:49:13","date_gmt":"2025-10-11T16:49:13","guid":{"rendered":"https:\/\/www.europesays.com\/fr\/455464\/"},"modified":"2025-10-11T16:49:13","modified_gmt":"2025-10-11T16:49:13","slug":"video-a-levo-nice-des-milliers-de-passionnes-saffrontent-joyeusement-pour-le-championnat-du-monde-de-jeux-video-de-combat","status":"publish","type":"post","link":"https:\/\/www.europesays.com\/fr\/455464\/","title":{"rendered":"VID\u00c9O. \u00c0 l&rsquo;Evo Nice, des milliers de passionn\u00e9s s&rsquo;affrontent (joyeusement) pour le championnat du monde de jeux vid\u00e9o de combat"},"content":{"rendered":"<p class=\"article__intro\">\u00ab\u00a0Hadouken!\u00a0\u00bb Dans une ambiance survolt\u00e9e, des milliers de passionn\u00e9s s&rsquo;affrontent depuis vendredi dans un dojo r\u00e9solument moderne &#8211; le palais des expositions de Nice &#8211; \u00e0 l&rsquo;occasion de l&rsquo;Evo, un \u00e9v\u00e9nement in\u00e9dit en Europe qui met \u00e0 l&rsquo;honneur les plus c\u00e9l\u00e8bres jeux vid\u00e9o de combat.<\/p>\n<p>\n      La Quotidienne Soci\u00e9t\u00e9\n    <\/p>\n<p>\n      De la vie quotidienne aux grands enjeux, recevez tous les jours les sujets qui font la soci\u00e9t\u00e9 locale, comme la justice, l\u2019\u00e9ducation, la sant\u00e9 et la famille.\n    <\/p>\n<p>    France T\u00e9l\u00e9visions utilise votre adresse e-mail afin de vous envoyer la newsletter \u00ab\u00a0La Quotidienne Soci\u00e9t\u00e9\u00a0\u00bb. Vous pouvez vous d\u00e9sinscrire \u00e0 tout moment via le lien en bas de cette newsletter. <a target=\"_blank\" href=\"https:\/\/www.francetelevisions.fr\/groupe\/confidentialite\/politique-de-confidentialite\/politique-de-confidentialite-de-france-televisions-6503\" rel=\"nofollow noopener\">Notre politique de confidentialit\u00e9<\/a><\/p>\n<p>\u00c0 la mi-journ\u00e9e ce samedi 11 octobre, \u00ab\u00a0tout roule\u00a0\u00bb pour Julien Thomas, alias Alphen, l&rsquo;un des meilleurs joueurs fran\u00e7ais de Street Fighter 6, f\u00e9licit\u00e9 par ses amis apr\u00e8s sa quatri\u00e8me victoire cons\u00e9cutive sur l&rsquo;un des 300 postes install\u00e9s dans la salle du tournoi.<br \/>\u00ab\u00a0J&rsquo;ai gagn\u00e9 2-0 \u00e0 chaque fois, je me sens solide. C&rsquo;est une occasion en or de se mesurer \u00e0 des adversaires du monde entier, il faut essayer d&rsquo;aller le plus loin possible\u00a0\u00bb, affirme le joueur de 23 ans interrog\u00e9 par l&rsquo;AFP, venu de la r\u00e9gion parisienne avec plusieurs de ses partenaires d&rsquo;entra\u00eenement.<\/p>\n<p>Tout le groupe s&rsquo;est inscrit depuis des mois \u00e0 l<a href=\"https:\/\/www.instagram.com\/evo_france\/\" target=\"_blank\" rel=\"noopener nofollow\">&lsquo;Evo France, <\/a>la premi\u00e8re \u00e9dition europ\u00e9enne du plus grand tournoi mondial de jeux de combat, cr\u00e9\u00e9 aux \u00c9tats-Unis en 1996 et qui rassemble 5.000 joueurs ce week-end.<\/p>\n<p>D\u00e9j\u00e0 ce vendredi, l&rsquo;ambiance \u00e9tait folle :<\/p>\n<\/p>\n<p>Manette ou joystick en main, tous les combattants sont r\u00e9partis dans un arbre de tournoi gigantesque et s&rsquo;affrontent en un contre un avec des avatars &#8211; Ryu, Ken ou encore Blanka &#8211; pour esp\u00e9rer faire partie du top 8 final, qui se d\u00e9roulera sur la grande sc\u00e8ne dimanche devant des fans d\u00e9cha\u00een\u00e9s.<\/p>\n<p>\u00a0\u00ab\u00a0Troph\u00e9e ultime\u00a0\u00bb\u00a0<\/p>\n<p>Nahil \u00ab\u00a0Pepito\u00a0\u00bb Gassim, joueur de Street Fighter sponsoris\u00e9 par l&rsquo;\u00e9quipe pro Solary, a pass\u00e9 les six premiers tours avant de s&rsquo;incliner face \u00e0 Zhen, l&rsquo;un des meilleurs chinois. \u00ab\u00a0J&rsquo;aurais aim\u00e9 faire mieux, la route est longue pour arriver au sommet\u00a0\u00bb, glisse-t-il, un peu d\u00e9\u00e7u.<br \/>L&rsquo;acc\u00e8s au top 8 de l&rsquo;un des jeux phares permet de se partager une partie des 100 000 EUR de dotation globale, mais c&rsquo;est surtout pour le prestige qu&rsquo;il r\u00eavait de continuer son parcours.<\/p>\n<blockquote>\n<p class=\"ftvi_citation_quote\">Gagner l&rsquo;Evo, c&rsquo;est devenir une l\u00e9gende de son jeu. C&rsquo;est le troph\u00e9e ultime, celui qui peut marquer une carri\u00e8re \u00e0 vie<\/p>\n<\/blockquote>\n<p>Seuls deux Fran\u00e7ais ont r\u00e9ussi \u00e0 remporter l&rsquo;Evo aux \u00c9tats-Unis, historiquement domin\u00e9 par des joueurs am\u00e9ricains, japonais et cor\u00e9ens : Olivier \u00ab\u00a0Luffy\u00a0\u00bb Hay en 2014 sur Street Fighter 4 et Marwan \u00ab\u00a0Wawa\u00a0\u00bb Berthe sur Dragon Ball FighterZ en 2022.<br \/>Le format de la comp\u00e9tition, un tournoi ouvert \u00e0 tous, permet aux joueurs amateurs de tomber d&rsquo;entr\u00e9e sur des v\u00e9t\u00e9rans aguerris &#8211; comme un judoka ceinture blanche se mesurerait \u00e0 Teddy Riner&#8230; le risque de blessure en moins.<\/p>\n<p><a data-article-figure=\"\" href=\"https:\/\/france3-regions.franceinfo.fr\/image\/u8vEhIj2vyg4UZQQ-BbS7ybu1ig\/4032x3024\/regions\/2025\/10\/11\/whatsapp-image-2025-10-10-at-15-10-20-68ea78234cbda416143039.jpg\" data-pswp-width=\"4032\" data-pswp-height=\"3024\" target=\"_blank\" rel=\"nofollow noopener\"><\/p>\n<p>          <img width=\"600\" height=\"400\" class=\"article-image lazy\" data-src=\"https:\/\/www.europesays.com\/fr\/wp-content\/uploads\/2025\/10\/whatsapp-image-2025-10-10-at-15-10-20-68ea78234cbda416143039.jpg\" alt=\"Des milliers de passionn\u00e9s s'affrontent depuis vendredi dans un dojo r\u00e9solument moderne - le palais des expositions de Nice - \u00e0 l'occasion de l'Evo, un \u00e9v\u00e9nement in\u00e9dit en Europe qui met \u00e0 l'honneur les plus c\u00e9l\u00e8bres jeux vid\u00e9o de combat.\" fetchpriority=\"high\" as=\"image\"\/><\/p>\n<p>\n            Des milliers de passionn\u00e9s s&rsquo;affrontent depuis vendredi dans un dojo r\u00e9solument moderne &#8211; le palais des expositions de Nice &#8211; \u00e0 l&rsquo;occasion de l&rsquo;Evo, un \u00e9v\u00e9nement in\u00e9dit en Europe qui met \u00e0 l&rsquo;honneur les plus c\u00e9l\u00e8bres jeux vid\u00e9o de combat.<br \/>\n                           \u2022<br \/>\n                                      \u00a9 Daniel Gerner FTV\n                      <\/p>\n<p><\/a><\/p>\n<blockquote class=\"ftvi_content_quote\">\n<p class=\"ftvi_citation_quote\">Si on doit comparer, c&rsquo;est un peu les JO du jeu de combat. Il y a plusieurs disciplines, c&rsquo;est ouvert \u00e0 tout le monde et le parcours pour gagner est long et p\u00e9rilleux.<\/p>\n<p>Bertrand Amar, co-organisateur de l&rsquo;\u00e9v\u00e9nement.<\/p>\n<\/blockquote>\n<p>Apr\u00e8s deux jours de comp\u00e9tition, il se f\u00e9licite du d\u00e9roulement de cette premi\u00e8re \u00e9dition. \u00ab\u00a0C&rsquo;est le plus grand tournoi de jeux de combat organis\u00e9 en Europe et le plus international\u00a0\u00bb, glisse-t-il, ravi, prenant d\u00e9j\u00e0 rendez-vous en 2026 \u00e0 Nice pour un 2e Evo. Pas moins de 93 pays sont repr\u00e9sent\u00e9s.<\/p>\n<p>  <script async src=\"\/\/www.instagram.com\/embed.js\"><\/script><\/p>\n","protected":false},"excerpt":{"rendered":"\u00ab\u00a0Hadouken!\u00a0\u00bb Dans une ambiance survolt\u00e9e, des milliers de passionn\u00e9s s&rsquo;affrontent depuis vendredi dans un dojo r\u00e9solument moderne &#8211;&hellip;\n","protected":false},"author":2,"featured_media":455465,"comment_status":"","ping_status":"","sticky":false,"template":"","format":"standard","meta":{"footnotes":""},"categories":[2819],"tags":[1111,11,1777,674,1011,27,12,2401,882,25],"class_list":{"0":"post-455464","1":"post","2":"type-post","3":"status-publish","4":"format-standard","5":"has-post-thumbnail","7":"category-nice","8":"tag-actu","9":"tag-actualites","10":"tag-eu","11":"tag-europe","12":"tag-fr","13":"tag-france","14":"tag-news","15":"tag-nice","16":"tag-provence-alpes-cote-dazur","17":"tag-republique-francaise"},"share_on_mastodon":{"url":"https:\/\/pubeurope.com\/@fr\/115356563178716312","error":""},"_links":{"self":[{"href":"https:\/\/www.europesays.com\/fr\/wp-json\/wp\/v2\/posts\/455464","targetHints":{"allow":["GET"]}}],"collection":[{"href":"https:\/\/www.europesays.com\/fr\/wp-json\/wp\/v2\/posts"}],"about":[{"href":"https:\/\/www.europesays.com\/fr\/wp-json\/wp\/v2\/types\/post"}],"author":[{"embeddable":true,"href":"https:\/\/www.europesays.com\/fr\/wp-json\/wp\/v2\/users\/2"}],"replies":[{"embeddable":true,"href":"https:\/\/www.europesays.com\/fr\/wp-json\/wp\/v2\/comments?post=455464"}],"version-history":[{"count":0,"href":"https:\/\/www.europesays.com\/fr\/wp-json\/wp\/v2\/posts\/455464\/revisions"}],"wp:featuredmedia":[{"embeddable":true,"href":"https:\/\/www.europesays.com\/fr\/wp-json\/wp\/v2\/media\/455465"}],"wp:attachment":[{"href":"https:\/\/www.europesays.com\/fr\/wp-json\/wp\/v2\/media?parent=455464"}],"wp:term":[{"taxonomy":"category","embeddable":true,"href":"https:\/\/www.europesays.com\/fr\/wp-json\/wp\/v2\/categories?post=455464"},{"taxonomy":"post_tag","embeddable":true,"href":"https:\/\/www.europesays.com\/fr\/wp-json\/wp\/v2\/tags?post=455464"}],"curies":[{"name":"wp","href":"https:\/\/api.w.org\/{rel}","templated":true}]}}