{"id":455466,"date":"2025-10-11T16:50:26","date_gmt":"2025-10-11T16:50:26","guid":{"rendered":"https:\/\/www.europesays.com\/fr\/455466\/"},"modified":"2025-10-11T16:50:26","modified_gmt":"2025-10-11T16:50:26","slug":"la-reconduction-de-sebastien-lecornu-fait-reagir-en-loire-atlantique","status":"publish","type":"post","link":"https:\/\/www.europesays.com\/fr\/455466\/","title":{"rendered":"La reconduction de S\u00e9bastien Lecornu fait r\u00e9agir en Loire-Atlantique"},"content":{"rendered":"<p>Emmanuel Macron a nomm\u00e9 S\u00e9bastien Lecornu, vendredi 10\u00a0octobre 2025, peu apr\u00e8s 22\u00a0heures,<a href=\"https:\/\/rennes.maville.com\/actu\/actudet_-sebastien-lecornu-accepte-par-devoir-de-redevenir-premier-ministre-_53511-7014932_actu.Htm\" target=\"_self\" rel=\"nofollow noopener\"> au poste de Premier ministre<\/a>.\u00a0Celui qui avait d\u00e9missionn\u00e9 lundi a \u00e9t\u00e9 reconduit.<\/p>\n<p>Cette reconduction a fait r\u00e9agir en Loire-Atlantique. Pour Johanna Rolland, maire PS de Nantes et num\u00e9ro\u00a02 du Parti socialiste, \u00a0le Pr\u00e9sident s\u2019ent\u00eate et s\u2019enferre. Cette nomination sonne comme un jour sans fin. Un irrespect total vis-\u00e0-vis des Fran\u00e7aises et des Fran\u00e7ais et vis-\u00e0-vis des institutions. Un spectacle navrant si loin de leurs pr\u00e9occupations l\u00e9gitimes\u00a0\u00bb.<\/p>\n<p>\n                Nous avons bloqu\u00e9 l\u2019affichage de ce contenu pour respecter vos choix en mati\u00e8re de cookies.<br \/>En cliquant sur \u00abConsulter\u00bb, vous acceptez le d\u00e9p\u00f4t de cookies par des services de r\u00e9seaux sociaux tels que Twitter.<br \/>\n                Consulter\n            <\/p>\n<blockquote class=\"twitter-tweet\" wp_automatic_readability=\"6.6266666666667\">\n<p lang=\"fr\" dir=\"ltr\">Le Pr\u00e9sident s&rsquo;ent\u00eate et s&rsquo;enferre. Cette nomination sonne comme un jour sans fin. Un irrespect total vis-\u00e0-vis des Fran\u00e7aises et des Fran\u00e7ais et vis-\u00e0-vis des institutions. Un spectacle navrant si loin de leurs pr\u00e9occupations l\u00e9gitimes.<\/p>\n<p>\u2014 Johanna Rolland (@JRolland_Nantes) <a href=\"https:\/\/twitter.com\/JRolland_Nantes\/status\/1976770569086349374?ref_src=twsrc%5Etfw\" rel=\"nofollow noopener\" target=\"_blank\">October 10, 2025<\/a><\/p><\/blockquote>\n<p>Mathias tavel, d\u00e9put\u00e9 LFI de Loire-Atlantique, a r\u00e9agi d\u00e8s la nomination vendredi soir\u00a0: \u00a0Matignon\u00a0: Macron renomme Macron.  Une seule r\u00e9ponse\u00a0: Dehors\u00a0! \u00a0\u00bb<\/p>\n<p>?A LIRE AUSSI\u00a0: <a href=\"https:\/\/rennes.maville.com\/actu\/actudet_-retraites-nouveau-gouvernement-budget...-ce-qu-il-faut-retenir-de-l-interview-de-sebastien-lecornu-_53511-7011571_actu.Htm\" target=\"_self\" rel=\"nofollow noopener\">Retraites, nouveau gouvernement, budget\u2026 Ce qu\u2019il faut retenir de l\u2019interview de S\u00e9bastien Lecornu<\/a><\/p>\n<p>Un nouveau gouvernement<\/p>\n<p>S\u00e9bastien Lecornu doit d\u00e9sormais former un nouveau gouvernement. Bruno Retailleau, ministre de l\u2019Int\u00e9rieur d\u00e9missionnaire, a annonc\u00e9 ce samedi 11\u00a0octobre qu\u2019il n\u2019en ferait pas partie. \u00a0Le moine soldat devient kamikaze\u00a0! Censure, dissolution, d\u00e9mission\u00a0! \u00bb, s\u2019est exprim\u00e9 sur X le d\u00e9put\u00e9 LFI de Loire-Atlantique Andy Kerbrat.<\/p>\n<p>\u00a0<\/p>\n<p>\t\t<script async src=\"https:\/\/platform.twitter.com\/widgets.js\" charset=\"utf-8\"><\/script><\/p>\n","protected":false},"excerpt":{"rendered":"Emmanuel Macron a nomm\u00e9 S\u00e9bastien Lecornu, vendredi 10\u00a0octobre 2025, peu apr\u00e8s 22\u00a0heures, au poste de Premier ministre.\u00a0Celui qui&hellip;\n","protected":false},"author":2,"featured_media":455467,"comment_status":"","ping_status":"","sticky":false,"template":"","format":"standard","meta":{"footnotes":""},"categories":[2818],"tags":[1111,11,1777,674,21,1011,27,51445,3047,766,12,2636,11806,58077,25,17417],"class_list":{"0":"post-455466","1":"post","2":"type-post","3":"status-publish","4":"format-standard","5":"has-post-thumbnail","7":"category-nantes","8":"tag-actu","9":"tag-actualites","10":"tag-eu","11":"tag-europe","12":"tag-fait","13":"tag-fr","14":"tag-france","15":"tag-lecornu","16":"tag-loire-atlantique","17":"tag-nantes","18":"tag-news","19":"tag-pays-de-la-loire","20":"tag-reagir","21":"tag-reconduction","22":"tag-republique-francaise","23":"tag-sebastien"},"share_on_mastodon":{"url":"https:\/\/pubeurope.com\/@fr\/115356567111772097","error":""},"_links":{"self":[{"href":"https:\/\/www.europesays.com\/fr\/wp-json\/wp\/v2\/posts\/455466","targetHints":{"allow":["GET"]}}],"collection":[{"href":"https:\/\/www.europesays.com\/fr\/wp-json\/wp\/v2\/posts"}],"about":[{"href":"https:\/\/www.europesays.com\/fr\/wp-json\/wp\/v2\/types\/post"}],"author":[{"embeddable":true,"href":"https:\/\/www.europesays.com\/fr\/wp-json\/wp\/v2\/users\/2"}],"replies":[{"embeddable":true,"href":"https:\/\/www.europesays.com\/fr\/wp-json\/wp\/v2\/comments?post=455466"}],"version-history":[{"count":0,"href":"https:\/\/www.europesays.com\/fr\/wp-json\/wp\/v2\/posts\/455466\/revisions"}],"wp:featuredmedia":[{"embeddable":true,"href":"https:\/\/www.europesays.com\/fr\/wp-json\/wp\/v2\/media\/455467"}],"wp:attachment":[{"href":"https:\/\/www.europesays.com\/fr\/wp-json\/wp\/v2\/media?parent=455466"}],"wp:term":[{"taxonomy":"category","embeddable":true,"href":"https:\/\/www.europesays.com\/fr\/wp-json\/wp\/v2\/categories?post=455466"},{"taxonomy":"post_tag","embeddable":true,"href":"https:\/\/www.europesays.com\/fr\/wp-json\/wp\/v2\/tags?post=455466"}],"curies":[{"name":"wp","href":"https:\/\/api.w.org\/{rel}","templated":true}]}}