{"id":455470,"date":"2025-10-11T16:52:10","date_gmt":"2025-10-11T16:52:10","guid":{"rendered":"https:\/\/www.europesays.com\/fr\/455470\/"},"modified":"2025-10-11T16:52:10","modified_gmt":"2025-10-11T16:52:10","slug":"en-litige-avec-la-mairie-ce-pizzaiolo-star-prend-un-retard-colossal-sur-louverture-de-sa-pizzeria-a-bordeaux","status":"publish","type":"post","link":"https:\/\/www.europesays.com\/fr\/455470\/","title":{"rendered":"En litige avec la mairie, ce pizza\u00efolo star prend un retard colossal sur l&rsquo;ouverture de sa pizzeria \u00e0 Bordeaux"},"content":{"rendered":"<p>            Par<br \/>\n        <strong><br \/>\n            <a href=\"https:\/\/actu.fr\/auteur\/sports33\" title=\"Consulter tous les articles de Nicolas Gosselin\" target=\"_blank\" rel=\"noopener\">Nicolas Gosselin<\/a><br \/>\n        <\/strong><\/p>\n<p>        Publi\u00e9 le<\/p>\n<p>            11 oct. 2025 \u00e0 17h38        <\/p>\n<p>C\u2019est \u00e0 se demander si elle va bien ouvrir un jour\u2026 Annonc\u00e9e au printemps 2024, <a href=\"https:\/\/actu.fr\/nouvelle-aquitaine\/bordeaux_33063\/bordeaux-l-ouverture-tant-attendue-de-la-pizzeria-peppe-retardee-a-cause-d-une-bourde-durant-les-travaux_61645714.html?fbclid=IwZXh0bgNhZW0CMTAAYnJpZBExajJEMUlNcklzamxYRElhTgEeETiqTaKTqBYtaLMej5vNiImN8j2M4JhHmtAV88BHdg0Q0o_yx4XeNVfcYKc_aem_rRzO-YkoDCxvfa6WWQOCEg\" target=\"_blank\" rel=\"noopener\">l\u2019ouverture de la pizzeria de Peppe Cutraro<\/a> \u00e0 Bordeaux a \u00e9t\u00e9 renvoy\u00e9e aux calendes grecques, suite \u00e0 <strong>un litige avec la mairie<\/strong>. Pour autant, l\u2019Italien ne perd pas le nord et reste confiant sur l\u2019issue du projet mais d\u2019apr\u00e8s nos informations, son optimisme interpelle.<\/p>\n<p class=\" wall-content\">Contact\u00e9 par <a href=\"https:\/\/actu.fr\/bordeaux\/\" target=\"_blank\" rel=\"noopener\">actu Bordeaux<\/a>, le <strong>champion du monde de la pizza napolitaine<\/strong> (titr\u00e9 en 2019) r\u00e9pond par l\u2019interm\u00e9diaire de son \u00e9quipe que \u00ab\u00a0les travaux sont en cours et que l\u2019ouverture aura bien lieu\u00a0\u00bb. Sans toutefois \u00eatre en mesure de pr\u00e9ciser une date.<\/p>\n<p>Un chantier lanc\u00e9 dans l\u2019ill\u00e9galit\u00e9<\/p>\n<p class=\" wall-content\">De son c\u00f4t\u00e9, la mairie donne une version bien diff\u00e9rente et \u00e9voque <strong>\u00ab\u00a0un projet toujours en stand-by\u00a0\u00bb<\/strong>. En effet, un arr\u00eat\u00e9 municipal de <strong>mise en s\u00e9curit\u00e9 ordinaire<\/strong>\u00a0avait \u00e9t\u00e9 pris le 28 juin 2024 par la collectivit\u00e9 suite \u00e0 la <strong>destruction d\u2019un mur porteur<\/strong>, en l\u2019absence de sout\u00e8nement suffisant.<\/p>\n<p class=\" wall-content\">Une<strong> grosse fissure<\/strong> \u00e9tait alors apparue dans les appartements des \u00e9tages sup\u00e9rieurs de l\u2019immeuble situ\u00e9 au num\u00e9ro 49 de la rue Saint-R\u00e9mi.<\/p>\n<p class=\" wall-content\">Les travaux du restaurant avaient \u00e9t\u00e9 lanc\u00e9s <strong>sans autorisation pr\u00e9alable<\/strong> et le chantier avait \u00e9t\u00e9 arr\u00eat\u00e9 sur le champ. Un an et trois mois plus tard, les services de la Ville restent dans l\u2019attente de propositions viables et l\u00e9gales du porteur de projet contrevenant, a appris actu Bordeaux, ce mercredi 8 octobre.<\/p>\n<p>La copropri\u00e9t\u00e9 est concern\u00e9e<\/p>\n<p class=\" wall-content\">\u00ab\u00a0Elles devront ensuite \u00eatre valid\u00e9es par un bureau d\u2019\u00e9tudes structure, seule condition \u00e0 l\u2019obtention d\u2019un permis de construire. La <strong>situation <\/strong>est<strong> complexe<\/strong> car elle ne rel\u00e8ve pas seulement du <a href=\"https:\/\/actu.fr\/tag\/urbanisme\" target=\"_blank\" rel=\"noopener\">droit de l\u2019urbanisme<\/a> mais aussi du droit priv\u00e9 et de la r\u00e9glementation sur les p\u00e9rils, en raison des enjeux de reconstruction en lien avec la copropri\u00e9t\u00e9\u00a0\u00bb, pr\u00e9cise la mairie.<\/p>\n<p class=\" wall-content\">Questionn\u00e9 par actu Bordeaux, Peppe Cutraro n\u2019a pas donn\u00e9 de d\u00e9tails. Le pizza\u00efolo star, \u00e0 la t\u00eate de plusieurs restaurants r\u00e9put\u00e9s \u00e0 Paris, adopte <strong>une attitude qui interroge<\/strong>\u00a0les services municipaux. \u00c0 quoi joue-t-il rue Saint-R\u00e9mi ? Pourquoi laisse-t-il tra\u00eener les choses ? Depuis des mois, le chantier semble continuellement d\u00e9sert.<\/p>\n<p class=\" wall-content\">Personnalisez votre actualit\u00e9 en ajoutant vos villes et m\u00e9dias en favori avec <a href=\"https:\/\/moncompte.actu.fr\" title=\"D\u00e9couvez Mon Actu\" rel=\"nofollow noopener\" data-trk=\"{&quot;cta&quot;:{&quot;action&quot;:&quot;https:\\\/\\\/moncompte.actu.fr&quot;,&quot;category&quot;:&quot;mon compte&quot;,&quot;from&quot;:&quot;article footer&quot;,&quot;name&quot;:&quot;Mon actu&quot;,&quot;type&quot;:&quot;cta&quot;}}\" target=\"_blank\">Mon Actu<\/a>.<\/p>\n","protected":false},"excerpt":{"rendered":"Par Nicolas Gosselin Publi\u00e9 le 11 oct. 2025 \u00e0 17h38 C\u2019est \u00e0 se demander si elle va bien&hellip;\n","protected":false},"author":2,"featured_media":455471,"comment_status":"","ping_status":"","sticky":false,"template":"","format":"standard","meta":{"footnotes":""},"categories":[2817],"tags":[1111,11,1997,1777,674,1011,27,12,2219,25,1340,104,2086,1352],"class_list":{"0":"post-455470","1":"post","2":"type-post","3":"status-publish","4":"format-standard","5":"has-post-thumbnail","7":"category-bordeaux","8":"tag-actu","9":"tag-actualites","10":"tag-bordeaux","11":"tag-eu","12":"tag-europe","13":"tag-fr","14":"tag-france","15":"tag-news","16":"tag-nouvelle-aquitaine","17":"tag-republique-francaise","18":"tag-restaurant","19":"tag-societe","20":"tag-travaux","21":"tag-urbanisme"},"share_on_mastodon":{"url":"https:\/\/pubeurope.com\/@fr\/115356574989122864","error":""},"_links":{"self":[{"href":"https:\/\/www.europesays.com\/fr\/wp-json\/wp\/v2\/posts\/455470","targetHints":{"allow":["GET"]}}],"collection":[{"href":"https:\/\/www.europesays.com\/fr\/wp-json\/wp\/v2\/posts"}],"about":[{"href":"https:\/\/www.europesays.com\/fr\/wp-json\/wp\/v2\/types\/post"}],"author":[{"embeddable":true,"href":"https:\/\/www.europesays.com\/fr\/wp-json\/wp\/v2\/users\/2"}],"replies":[{"embeddable":true,"href":"https:\/\/www.europesays.com\/fr\/wp-json\/wp\/v2\/comments?post=455470"}],"version-history":[{"count":0,"href":"https:\/\/www.europesays.com\/fr\/wp-json\/wp\/v2\/posts\/455470\/revisions"}],"wp:featuredmedia":[{"embeddable":true,"href":"https:\/\/www.europesays.com\/fr\/wp-json\/wp\/v2\/media\/455471"}],"wp:attachment":[{"href":"https:\/\/www.europesays.com\/fr\/wp-json\/wp\/v2\/media?parent=455470"}],"wp:term":[{"taxonomy":"category","embeddable":true,"href":"https:\/\/www.europesays.com\/fr\/wp-json\/wp\/v2\/categories?post=455470"},{"taxonomy":"post_tag","embeddable":true,"href":"https:\/\/www.europesays.com\/fr\/wp-json\/wp\/v2\/tags?post=455470"}],"curies":[{"name":"wp","href":"https:\/\/api.w.org\/{rel}","templated":true}]}}