{"id":455476,"date":"2025-10-11T16:55:11","date_gmt":"2025-10-11T16:55:11","guid":{"rendered":"https:\/\/www.europesays.com\/fr\/455476\/"},"modified":"2025-10-11T16:55:11","modified_gmt":"2025-10-11T16:55:11","slug":"que-sest-il-passe-dans-cette-commune-proche-de-toulouse","status":"publish","type":"post","link":"https:\/\/www.europesays.com\/fr\/455476\/","title":{"rendered":"que s&rsquo;est-il pass\u00e9 dans cette commune proche de Toulouse\u00a0?"},"content":{"rendered":"<p>            Par<br \/>\n        <strong><br \/>\n            <a href=\"https:\/\/actu.fr\/auteur\/mareva-laville-actu-fr\" title=\"Consulter tous les articles de Mar\u00e9va Laville\" rel=\"nofollow noopener\" target=\"_blank\">Mar\u00e9va Laville<\/a><br \/>\n        <\/strong><\/p>\n<p>        Publi\u00e9 le<\/p>\n<p>            11 oct. 2025 \u00e0 18h51        <\/p>\n<p>Les travaux n\u2019ont pas fait bon m\u00e9nage \u00e0 <strong>Fontenilles<\/strong> ce samedi 11\u00a0octobre 2025, \u00e0 l\u2019ouest de <a href=\"http:\/\/www.actu.fr\/toulouse\" rel=\"nofollow noopener\" target=\"_blank\">Toulouse<\/a>. Un engin de chantier a arrach\u00e9 une canalisation moyenne pression, provoquant une<strong> fuite de gaz \u00e0 l\u2019air libre<\/strong> dans la matin\u00e9e.<\/p>\n<p>    <a href=\"https:\/\/www.google.com\/maps\/embed?pb=!1m14!1m12!1m3!1d5783.20521711774!2d1.1885891119768033!3d43.55232497098665!2m3!1f0!2f0!3f0!3m2!1i1024!2i768!4f13.1!5e0!3m2!1sfr!2sfr!4v1760200922481!5m2!1sfr!2sfr\" title=\"Ouvrie le lien\" rel=\"nofollow noopener\" target=\"_blank\">Cliquez ici pour visualiser le contenu<\/a><\/p>\n<p>15\u00a0habitants \u00e9vacu\u00e9s<\/p>\n<p class=\" wall-content\">Vers 9h45, une \u00e9quipe de 13 sapeurs-pompiers se sont d\u00e9plac\u00e9s sur les lieux, situ\u00e9s rue du 11\u00a0novembre 1918, un<strong> secteur pavillonnaire.<\/strong><\/p>\n<p class=\" wall-content\">\u00ab\u2009Rapidement, un p\u00e9rim\u00e8tre d\u2019exclusion a \u00e9t\u00e9 mis en place\u2009\u00bb, explique le Sdis 31. Dans ce cadre-l\u00e0, <strong>15\u00a0personnes ont \u00e9t\u00e9 \u00e9vacu\u00e9es<\/strong> du pavillon situ\u00e9 pr\u00e8s de \u00ab<strong>\u2009l\u2019importante fuite de gaz<\/strong>\u2009\u00bb.<\/p>\n<p>Le gaz et l\u2019\u00e9lectricit\u00e9 coup\u00e9s<\/p>\n<p class=\" wall-content\"><strong>Le gaz a \u00e9t\u00e9 coup\u00e9<\/strong> pendant plusieurs heures, privant quelque <strong>200 abonn\u00e9s<\/strong> de cette \u00e9nergie. Enedis a \u00e9galement coup\u00e9<strong> la ligne \u00e9lectrique 10\u00a0kV<\/strong> directement expos\u00e9e au risque.<\/p>\n<p>Vid\u00e9os : en ce moment sur Actu<\/p>\n<p class=\" wall-content\">\u00ab\u2009Une<strong> lance \u00e0 incendie<\/strong> a \u00e9t\u00e9 \u00e9tablie en p\u00e9riph\u00e9rique du sinistre\u2009\u00bb, pr\u00e9cise le Sdis 31, en appui de l\u2019intervention de GRDF. La gendarmerie et un \u00e9lu local \u00e9taient \u00e9galement pr\u00e9sents pour s\u00e9curiser les lieux, avant un retour \u00e0 la normale.<\/p>\n<p class=\" wall-content\">Personnalisez votre actualit\u00e9 en ajoutant vos villes et m\u00e9dias en favori avec <a href=\"https:\/\/moncompte.actu.fr\" title=\"D\u00e9couvez Mon Actu\" rel=\"nofollow noopener\" data-trk=\"{&quot;cta&quot;:{&quot;action&quot;:&quot;https:\\\/\\\/moncompte.actu.fr&quot;,&quot;category&quot;:&quot;mon compte&quot;,&quot;from&quot;:&quot;article footer&quot;,&quot;name&quot;:&quot;Mon actu&quot;,&quot;type&quot;:&quot;cta&quot;}}\" target=\"_blank\">Mon Actu<\/a>.<\/p>\n","protected":false},"excerpt":{"rendered":"Par Mar\u00e9va Laville Publi\u00e9 le 11 oct. 2025 \u00e0 18h51 Les travaux n\u2019ont pas fait bon m\u00e9nage \u00e0&hellip;\n","protected":false},"author":2,"featured_media":455477,"comment_status":"","ping_status":"","sticky":false,"template":"","format":"standard","meta":{"footnotes":""},"categories":[2816],"tags":[1111,11,3674,1777,674,118,1011,27,843,12,2680,1311,25,2312],"class_list":{"0":"post-455476","1":"post","2":"type-post","3":"status-publish","4":"format-standard","5":"has-post-thumbnail","7":"category-toulouse","8":"tag-actu","9":"tag-actualites","10":"tag-enedis","11":"tag-eu","12":"tag-europe","13":"tag-faits-divers","14":"tag-fr","15":"tag-france","16":"tag-gaz","17":"tag-news","18":"tag-occitanie","19":"tag-pompiers","20":"tag-republique-francaise","21":"tag-toulouse"},"share_on_mastodon":{"url":"https:\/\/pubeurope.com\/@fr\/115356586680206186","error":""},"_links":{"self":[{"href":"https:\/\/www.europesays.com\/fr\/wp-json\/wp\/v2\/posts\/455476","targetHints":{"allow":["GET"]}}],"collection":[{"href":"https:\/\/www.europesays.com\/fr\/wp-json\/wp\/v2\/posts"}],"about":[{"href":"https:\/\/www.europesays.com\/fr\/wp-json\/wp\/v2\/types\/post"}],"author":[{"embeddable":true,"href":"https:\/\/www.europesays.com\/fr\/wp-json\/wp\/v2\/users\/2"}],"replies":[{"embeddable":true,"href":"https:\/\/www.europesays.com\/fr\/wp-json\/wp\/v2\/comments?post=455476"}],"version-history":[{"count":0,"href":"https:\/\/www.europesays.com\/fr\/wp-json\/wp\/v2\/posts\/455476\/revisions"}],"wp:featuredmedia":[{"embeddable":true,"href":"https:\/\/www.europesays.com\/fr\/wp-json\/wp\/v2\/media\/455477"}],"wp:attachment":[{"href":"https:\/\/www.europesays.com\/fr\/wp-json\/wp\/v2\/media?parent=455476"}],"wp:term":[{"taxonomy":"category","embeddable":true,"href":"https:\/\/www.europesays.com\/fr\/wp-json\/wp\/v2\/categories?post=455476"},{"taxonomy":"post_tag","embeddable":true,"href":"https:\/\/www.europesays.com\/fr\/wp-json\/wp\/v2\/tags?post=455476"}],"curies":[{"name":"wp","href":"https:\/\/api.w.org\/{rel}","templated":true}]}}