{"id":455478,"date":"2025-10-11T16:57:10","date_gmt":"2025-10-11T16:57:10","guid":{"rendered":"https:\/\/www.europesays.com\/fr\/455478\/"},"modified":"2025-10-11T16:57:10","modified_gmt":"2025-10-11T16:57:10","slug":"dans-ces-rues-de-lille-les-proprietaires-dimmeubles-vont-devoir-faire-un-diagnostic-structurel","status":"publish","type":"post","link":"https:\/\/www.europesays.com\/fr\/455478\/","title":{"rendered":"Dans ces rues de Lille, les propri\u00e9taires d&rsquo;immeubles vont devoir faire un diagnostic structurel"},"content":{"rendered":"<p>            Par<br \/>\n        <strong><br \/>\n            <a href=\"https:\/\/actu.fr\/auteur\/nicolas-demollien\" title=\"Consulter tous les articles de Nicolas Demollien\" rel=\"nofollow noopener\" target=\"_blank\">Nicolas Demollien<\/a><br \/>\n        <\/strong><\/p>\n<p>        Publi\u00e9 le<\/p>\n<p>            11 oct. 2025 \u00e0 18h32        <\/p>\n<p>A la suite des <a href=\"https:\/\/actu.fr\/hauts-de-france\/lille_59350\/un-immeuble-s-effondre-en-plein-centre-ville-de-lille-de-gros-moyens-deployes_55151533.html\" rel=\"nofollow noopener\" target=\"_blank\">effondrements qui se sont d\u00e9roul\u00e9s rue Pierre Mauroy<\/a>, le 12 novembre 2022, la Ville de <a href=\"https:\/\/actu.fr\/hauts-de-france\/lille_59350\" rel=\"nofollow noopener\" target=\"_blank\">Lille<\/a> avait sollicit\u00e9 le ministre du Logement afin que la loi permette aux villes, qui le souhaitent, d\u2019exp\u00e9rimenter un <b>dispositif de contr\u00f4le structurel<\/b> d\u2019une dur\u00e9e de 10 ans \u00e0 la charge des propri\u00e9taires. C\u2019est d\u00e9sormais chose faite, la municipalit\u00e9 vient de d\u00e9finir le <b>p\u00e9rim\u00e8tre dans lequel ce dispositif sera d\u00e9ploy\u00e9<\/b>.<\/p>\n<p>Des contr\u00f4les structurels \u00e0 la charge des propri\u00e9taires dans ces rues de Lille<\/p>\n<p class=\" wall-content\">Car la loi Habitat D\u00e9grad\u00e9 du 9 avril 2024 \u2013 et le d\u00e9cret et arr\u00eat\u00e9 minist\u00e9riel du 12 et du 22 ao\u00fbt 2025 \u2013, sont venus instaurer l\u2019<b>obligation d\u2019un diagnostic structurel des b\u00e2timents<\/b>. \u00ab\u00a0Elle a mis en place la possibilit\u00e9 pour les communes de d\u00e9finir des secteurs dans lesquels tout b\u00e2timent d\u2019habitation collectif doit faire l\u2019objet, \u00e0 l\u2019expiration d\u2019un d\u00e9lai de 15 ans \u00e0 compter de la r\u00e9ception des travaux de construction du b\u00e2timent, et <b>au moins une fois tous les 10 ans, d\u2019un diagnostic structurel du b\u00e2timent<\/b>\u00ab\u00a0, rappelle la Ville de Lille.<\/p>\n<p class=\" wall-content\">Charge \u00e0 elle de notifier, par courrier recommand\u00e9 avec accus\u00e9 de r\u00e9ception, aux propri\u00e9taires et aux syndics de copropri\u00e9t\u00e9 la n\u00e9cessit\u00e9 d\u2019effectuer le diagnostic.\u00a0<\/p>\n<p class=\" wall-content\">Ces derniers disposeront, d\u00e8s lors, d\u2019un <b>d\u00e9lai de 18 mois<\/b> pour produire le diagnostic, qui aura \u00e9t\u00e9 r\u00e9alis\u00e9 par des professionnels en ayant les qualifications requises, et le transmettre \u00e0 la Ville.<\/p>\n<p class=\" wall-content\"><b>Premi\u00e8re ville de France<\/b> \u00e0 mettre en \u0153uvre cette loi, Lille a adopt\u00e9 le principe d\u2019une exp\u00e9rimentation visant la mise en place de ce diagnostic structurel obligatoire sur le <b>p\u00e9rim\u00e8tre \u00e9tabli le long des rues suivantes<\/b>, dont le bilan sera \u00e9tabli \u00e0 l\u2019issue de deux ann\u00e9es de mise en \u0153uvre :<\/p>\n<ul class=\" wall-content\">\n<li>Rue de la Monnaie ;<\/li>\n<li>Grand Place : sur la portion depuis la rue Esquermoise jusqu\u2019\u00e0 la rue de la Bourse ;<\/li>\n<li>Rue des D\u00e9bris Saint Etienne ;<\/li>\n<li>Rue Lepelletier ;<\/li>\n<li>Rue Grande Chauss\u00e9e ;<\/li>\n<li>Rue Pierre Mauroy (depuis la place du Th\u00e9\u00e2tre jusqu\u2019\u00e0 la rue du Sec Arembault) ;<\/li>\n<li>Rue L\u00e9on Gambetta (depuis la place de la R\u00e9publique jusqu\u2019\u00e0 la rue du maire Andr\u00e9) ;<\/li>\n<li>Rue Pierre Legrand (de la rue de Belle Vue jusqu\u2019\u00e0 la rue du Jambon).<\/li>\n<\/ul>\n<p class=\" wall-content\">\u00ab\u00a0En amont des notifications r\u00e8glementaires aux propri\u00e9taires concern\u00e9s, qui devront \u00eatre r\u00e9alis\u00e9es par la Ville, une communication g\u00e9n\u00e9rale adress\u00e9e aux propri\u00e9taires, aux gestionnaires, et aux hommes de l\u2019art sera organis\u00e9e, afin qu\u2019ils puissent anticiper cette obligation\u00a0\u00bb, promet la Ville.<\/p>\n<p class=\" wall-content\">Personnalisez votre actualit\u00e9 en ajoutant vos villes et m\u00e9dias en favori avec <a href=\"https:\/\/moncompte.actu.fr\" title=\"D\u00e9couvez Mon Actu\" rel=\"nofollow noopener\" data-trk=\"{&quot;cta&quot;:{&quot;action&quot;:&quot;https:\\\/\\\/moncompte.actu.fr&quot;,&quot;category&quot;:&quot;mon compte&quot;,&quot;from&quot;:&quot;article footer&quot;,&quot;name&quot;:&quot;Mon actu&quot;,&quot;type&quot;:&quot;cta&quot;}}\" target=\"_blank\">Mon Actu<\/a>.<\/p>\n","protected":false},"excerpt":{"rendered":"Par Nicolas Demollien Publi\u00e9 le 11 oct. 2025 \u00e0 18h32 A la suite des effondrements qui se sont&hellip;\n","protected":false},"author":2,"featured_media":455479,"comment_status":"","ping_status":"","sticky":false,"template":"","format":"standard","meta":{"footnotes":""},"categories":[2815],"tags":[1111,11,1777,674,1011,27,811,1116,1307,12,25,104],"class_list":{"0":"post-455478","1":"post","2":"type-post","3":"status-publish","4":"format-standard","5":"has-post-thumbnail","7":"category-lille","8":"tag-actu","9":"tag-actualites","10":"tag-eu","11":"tag-europe","12":"tag-fr","13":"tag-france","14":"tag-hauts-de-france","15":"tag-immobilier","16":"tag-lille","17":"tag-news","18":"tag-republique-francaise","19":"tag-societe"},"share_on_mastodon":{"url":"https:\/\/pubeurope.com\/@fr\/115356594657293974","error":""},"_links":{"self":[{"href":"https:\/\/www.europesays.com\/fr\/wp-json\/wp\/v2\/posts\/455478","targetHints":{"allow":["GET"]}}],"collection":[{"href":"https:\/\/www.europesays.com\/fr\/wp-json\/wp\/v2\/posts"}],"about":[{"href":"https:\/\/www.europesays.com\/fr\/wp-json\/wp\/v2\/types\/post"}],"author":[{"embeddable":true,"href":"https:\/\/www.europesays.com\/fr\/wp-json\/wp\/v2\/users\/2"}],"replies":[{"embeddable":true,"href":"https:\/\/www.europesays.com\/fr\/wp-json\/wp\/v2\/comments?post=455478"}],"version-history":[{"count":0,"href":"https:\/\/www.europesays.com\/fr\/wp-json\/wp\/v2\/posts\/455478\/revisions"}],"wp:featuredmedia":[{"embeddable":true,"href":"https:\/\/www.europesays.com\/fr\/wp-json\/wp\/v2\/media\/455479"}],"wp:attachment":[{"href":"https:\/\/www.europesays.com\/fr\/wp-json\/wp\/v2\/media?parent=455478"}],"wp:term":[{"taxonomy":"category","embeddable":true,"href":"https:\/\/www.europesays.com\/fr\/wp-json\/wp\/v2\/categories?post=455478"},{"taxonomy":"post_tag","embeddable":true,"href":"https:\/\/www.europesays.com\/fr\/wp-json\/wp\/v2\/tags?post=455478"}],"curies":[{"name":"wp","href":"https:\/\/api.w.org\/{rel}","templated":true}]}}