{"id":455490,"date":"2025-10-11T17:04:13","date_gmt":"2025-10-11T17:04:13","guid":{"rendered":"https:\/\/www.europesays.com\/fr\/455490\/"},"modified":"2025-10-11T17:04:13","modified_gmt":"2025-10-11T17:04:13","slug":"en-israel-le-suicide-dun-survivant-de-lattaque-du-7-octobre-provoque-une-vive-emotion-et-des-reactions-politiques","status":"publish","type":"post","link":"https:\/\/www.europesays.com\/fr\/455490\/","title":{"rendered":"En Isra\u00ebl, le suicide d&rsquo;un survivant de l&rsquo;attaque du 7-Octobre provoque une vive \u00e9motion et des r\u00e9actions politiques"},"content":{"rendered":"\n<p class=\"c-chapo \">\n  La petite amie de Roei Shalev, Mapal Adam, et son meilleur ami, Hili Solomon, avaient \u00e9t\u00e9 tu\u00e9s sous ses yeux lors du festival de musique Nova dans le sud d&rsquo;Isra\u00ebl, le 7 octobre 2023.\n<\/p>\n<p>      lire plus tard<\/p>\n<p id=\"dialog__title\" class=\"dialog__title\">Pour sauvegarder cet article, connectez-vous ou cr\u00e9ez un compte franceinfo<\/p>\n<p class=\"dialog__description\">Sans paiement. Sans abonnement.<\/p>\n<p>        Fermer la fen\u00eatre d\u2019activation des notifications France Info<\/p>\n<p>      cr\u00e9er votre compte<\/p>\n<p>      se connecter<\/p>\n<p>        Fermer la fen\u00eatre de pr\u00e9sentation<\/p>\n<p>    <img loading=\"lazy\" decoding=\"async\" class=\"signature__image lazyload\" width=\"100\" height=\"100\" data- alt=\"\" src=\"https:\/\/www.europesays.com\/fr\/wp-content\/uploads\/2025\/05\/64a68815cd1a7_placeholder-36b69ec8.png\"\/><\/p>\n<p>    Publi\u00e9 le 11\/10\/2025 18:12<\/p>\n<p>      Mis \u00e0 jour le 11\/10\/2025 18:50<\/p>\n<p>        Temps de lecture : 2min<\/p>\n<p>    <img decoding=\"async\"  alt=\"Des manifestants r\u00e9clament la lib\u00e9ration des otages isra\u00e9liens retenus \u00e0 Gaza par le Hamas, le 9 octobre 2025 \u00e0 Tel-Aviv (Isra\u00ebl). (MOSTAFA ALKHAROUF \/ ANADOLU \/ AFP)\" width=\"432\" height=\"243\" src=\"https:\/\/www.europesays.com\/fr\/wp-content\/uploads\/2025\/10\/068-aa-09102025-2461842-68ea812004c52139589138.jpg\" fetchpriority=\"high\"\/><\/p>\n<p>      Des manifestants r\u00e9clament la lib\u00e9ration des otages isra\u00e9liens retenus \u00e0 Gaza par le Hamas, le 9 octobre 2025 \u00e0 Tel-Aviv (Isra\u00ebl). (MOSTAFA ALKHAROUF \/ ANADOLU \/ AFP)<\/p>\n<p>Le suicide de Roei Shalev, un survivant du massacre perp\u00e9tr\u00e9 par le Hamas le 7 octobre 2023 au festival de musique Nova, dont la compagne et le meilleur ami avaient \u00e9t\u00e9 tu\u00e9s, a \u00e9t\u00e9 d\u00e9couvert vendredi soir dans sa voiture br\u00fbl\u00e9e au nord de Tel-Aviv, selon les m\u00e9dias isra\u00e9liens. \u00ab\u00a0Je ne peux plus supporter cette douleur, je br\u00fble de l&rsquo;int\u00e9rieur (&#8230;) Je veux juste que cette douleur s&rsquo;arr\u00eate\u00a0\u00bb, avait-il \u00e9crit quelques heures auparavant sur son compte Instagram.<\/p>\n<p>Roei Shalev avait \u00e9t\u00e9 lui-m\u00eame bless\u00e9 par les commandos venus de la bande de Gaza. Avec plus de 370\u00a0morts, le festival Nova <a href=\"https:\/\/www.franceinfo.fr\/monde\/israel\/pendant-deux-ans-je-n-ai-pas-ose-venir-les-visages-des-victimes-du-7-octobre-affiches-sur-les-lieux-du-nova-festival-deux-ans-apres-la-tuerie_7537336.html\" rel=\"nofollow noopener\" target=\"_blank\">a \u00e9t\u00e9 le th\u00e9\u00e2tre du pire massacre<\/a> commis le 7\u00a0octobre 2023 lors de l&rsquo;attaque sans pr\u00e9c\u00e9dent du Hamas, qui a d\u00e9clench\u00e9 la guerre dans la bande de Gaza. Deux semaines apr\u00e8s le massacre, la m\u00e8re de Roei Shalev s&rsquo;\u00e9tait suicid\u00e9e. Selon plusieurs m\u00e9dias isra\u00e9liens, elle \u00e9tait tr\u00e8s proche de la compagne de son fils, et avait \u00e9t\u00e9 an\u00e9antie par sa mort.<\/p>\n<p>Plusieurs personnalit\u00e9s politiques de l&rsquo;opposition, qui, contrairement \u00e0 la majorit\u00e9 des membres de la coalition gouvernementale, continuent d&rsquo;utiliser les r\u00e9seaux sociaux pendant le shabbat (le repos hebdomadaire juif), lui ont rendu hommage. Certains d&rsquo;entre eux ont appel\u00e9 \u00e0 une meilleure prise en charge des survivants des attaques du 7-Octobre, une demande qui revient r\u00e9guli\u00e8rement dans le d\u00e9bat public isra\u00e9lien.<\/p>\n<p>\u00ab\u00a0Il est temps que l&rsquo;Etat d&rsquo;Isra\u00ebl traite ceux qui souffrent de probl\u00e8mes de sant\u00e9 mentale comme des h\u00e9ros \u2013 pas comme des statistiques\u00a0\u00bb, a \u00e9crit Avigdor Lieberman, chef du parti nationaliste Isra\u00ebl Beiteinou, et ancien ministre. \u00ab\u00a0Roei n&rsquo;a pas pu supporter la douleur, mais d&rsquo;autres sont encore l\u00e0, se battant, faisant face, essayant de vivre. Nous devons leur apporter toute l&rsquo;aide possible \u2013 afin qu&rsquo;ils ne se sentent pas seuls\u00a0\u00bb, a \u00e9galement comment\u00e9 Ya\u00efr Golan, chef de la formation de gauche Les D\u00e9mocrates.<\/p>\n","protected":false},"excerpt":{"rendered":"La petite amie de Roei Shalev, Mapal Adam, et son meilleur ami, Hili Solomon, avaient \u00e9t\u00e9 tu\u00e9s sous&hellip;\n","protected":false},"author":2,"featured_media":455491,"comment_status":"","ping_status":"","sticky":false,"template":"","format":"standard","meta":{"footnotes":""},"categories":[1888],"tags":[1111,1928,11,1927,1777,674,1011,27,12,1926,626,1925,25],"class_list":{"0":"post-455490","1":"post","2":"type-post","3":"status-publish","4":"format-standard","5":"has-post-thumbnail","7":"category-paris","8":"tag-actu","9":"tag-actu-paris","10":"tag-actualites","11":"tag-actualites-paris","12":"tag-eu","13":"tag-europe","14":"tag-fr","15":"tag-france","16":"tag-news","17":"tag-news-paris","18":"tag-paris","19":"tag-paris-news","20":"tag-republique-francaise"},"share_on_mastodon":{"url":"https:\/\/pubeurope.com\/@fr\/115356622730842134","error":""},"_links":{"self":[{"href":"https:\/\/www.europesays.com\/fr\/wp-json\/wp\/v2\/posts\/455490","targetHints":{"allow":["GET"]}}],"collection":[{"href":"https:\/\/www.europesays.com\/fr\/wp-json\/wp\/v2\/posts"}],"about":[{"href":"https:\/\/www.europesays.com\/fr\/wp-json\/wp\/v2\/types\/post"}],"author":[{"embeddable":true,"href":"https:\/\/www.europesays.com\/fr\/wp-json\/wp\/v2\/users\/2"}],"replies":[{"embeddable":true,"href":"https:\/\/www.europesays.com\/fr\/wp-json\/wp\/v2\/comments?post=455490"}],"version-history":[{"count":0,"href":"https:\/\/www.europesays.com\/fr\/wp-json\/wp\/v2\/posts\/455490\/revisions"}],"wp:featuredmedia":[{"embeddable":true,"href":"https:\/\/www.europesays.com\/fr\/wp-json\/wp\/v2\/media\/455491"}],"wp:attachment":[{"href":"https:\/\/www.europesays.com\/fr\/wp-json\/wp\/v2\/media?parent=455490"}],"wp:term":[{"taxonomy":"category","embeddable":true,"href":"https:\/\/www.europesays.com\/fr\/wp-json\/wp\/v2\/categories?post=455490"},{"taxonomy":"post_tag","embeddable":true,"href":"https:\/\/www.europesays.com\/fr\/wp-json\/wp\/v2\/tags?post=455490"}],"curies":[{"name":"wp","href":"https:\/\/api.w.org\/{rel}","templated":true}]}}