{"id":455492,"date":"2025-10-11T17:05:17","date_gmt":"2025-10-11T17:05:17","guid":{"rendered":"https:\/\/www.europesays.com\/fr\/455492\/"},"modified":"2025-10-11T17:05:17","modified_gmt":"2025-10-11T17:05:17","slug":"la-course-les-20km-de-paris-diffusee-en-direct-ce-dimanche-matin","status":"publish","type":"post","link":"https:\/\/www.europesays.com\/fr\/455492\/","title":{"rendered":"La course Les 20km de Paris diffus\u00e9e en direct ce dimanche matin."},"content":{"rendered":"<p>Environ 30.000 coureurs &#8211; il y a toujours un nombre non n\u00e9gligeable de d\u00e9sistements le jour J &#8211; pour la course Les 20 kilom\u00e8tres de Paris. L\u2019\u00e9dition 2025 a lieu ce dimanche 12 octobre et les conditions m\u00e9t\u00e9o seront tr\u00e8s bonnes dans la capitale : soleil et absence de vent.<\/p>\n<p>Cette ann\u00e9e, le th\u00e8me choisi est celui des fleurs, symbole de vitalit\u00e9, de diversit\u00e9 et de partage. Coureurs et spectateurs plongeront dans une ambiance color\u00e9e et festive, du village install\u00e9 au stade Emile Anthoine jusqu\u2019\u00e0 la ligne d\u2019arriv\u00e9e.<\/p>\n<p>Le parcours offrira une nouvelle fois un panorama unique sur la capitale : d\u00e9part depuis le pont d\u2019I\u00e9na, face \u00e0 la Tour Eiffel, mont\u00e9e vers l\u2019Arc de Triomphe, travers\u00e9e du bois de Boulogne, avec un passage \u00e0 proximit\u00e9 de Roland-Garros, retour le long de la Seine, entre le Grand Palais et le Louvre, franchissement du Pont Royal, descente sur les quais, arriv\u00e9e sous la Tour Eiffel, point d\u2019orgue de la course.<\/p>\n<p>Diffusion \u00e0 partir de 8h30 sur la plateforme france.tv et sur France 3 \u00eele-de-France.<\/p>\n<p><strong>Pour recevoir France 3 Paris Ile-de-France :<\/strong><\/p>\n<ul>\n<li><strong>Satellite : Canalsat(368) &#8211; Fransat (317) &#8211; TNTSat (319) <\/strong><\/li>\n<li><strong>ADSL : Bbox (488) &#8211; Darty (300) &#8211; Free (320) &#8211; Orange (319) &#8211; SFR\/Num\u00e9ricable (449)<\/strong><\/li>\n<\/ul>\n<p>Pour faire vivre la course sous toutes ses facettes, ici Paris \u00cele-de-France r\u00e9unit :<\/p>\n<ul>\n<li>Beno\u00eet Durand, journaliste sportif de France T\u00e9l\u00e9visions, et Jean-Baptiste Protais, ancien marathonien, pour d\u00e9crypter la performance et les enjeux sportifs ;<\/li>\n<li>Yvan Hallouin, journaliste et pr\u00e9sentateur de Paname, pour mettre en lumi\u00e8re l\u2019histoire et la richesse des lieux travers\u00e9s ;<\/li>\n<li>Fran\u00e7ois-Xavier de Chateaufort, journaliste commentateur sportif sp\u00e9cialis\u00e9 en athl\u00e9tisme, sur la moto de t\u00eate avec les \u00e9lites ;<\/li>\n<li>Christian Mirabeau, journaliste \u00e0 France 3 Paris \u00cele-de-France, sur la ligne de d\u00e9part et arriv\u00e9e.<\/li>\n<\/ul>\n","protected":false},"excerpt":{"rendered":"Environ 30.000 coureurs &#8211; il y a toujours un nombre non n\u00e9gligeable de d\u00e9sistements le jour J &#8211;&hellip;\n","protected":false},"author":2,"featured_media":455493,"comment_status":"","ping_status":"","sticky":false,"template":"","format":"standard","meta":{"footnotes":""},"categories":[1888],"tags":[1111,1928,11,1927,1777,674,1011,27,12,1926,626,1925,25],"class_list":{"0":"post-455492","1":"post","2":"type-post","3":"status-publish","4":"format-standard","5":"has-post-thumbnail","7":"category-paris","8":"tag-actu","9":"tag-actu-paris","10":"tag-actualites","11":"tag-actualites-paris","12":"tag-eu","13":"tag-europe","14":"tag-fr","15":"tag-france","16":"tag-news","17":"tag-news-paris","18":"tag-paris","19":"tag-paris-news","20":"tag-republique-francaise"},"share_on_mastodon":{"url":"https:\/\/pubeurope.com\/@fr\/115356626073914591","error":""},"_links":{"self":[{"href":"https:\/\/www.europesays.com\/fr\/wp-json\/wp\/v2\/posts\/455492","targetHints":{"allow":["GET"]}}],"collection":[{"href":"https:\/\/www.europesays.com\/fr\/wp-json\/wp\/v2\/posts"}],"about":[{"href":"https:\/\/www.europesays.com\/fr\/wp-json\/wp\/v2\/types\/post"}],"author":[{"embeddable":true,"href":"https:\/\/www.europesays.com\/fr\/wp-json\/wp\/v2\/users\/2"}],"replies":[{"embeddable":true,"href":"https:\/\/www.europesays.com\/fr\/wp-json\/wp\/v2\/comments?post=455492"}],"version-history":[{"count":0,"href":"https:\/\/www.europesays.com\/fr\/wp-json\/wp\/v2\/posts\/455492\/revisions"}],"wp:featuredmedia":[{"embeddable":true,"href":"https:\/\/www.europesays.com\/fr\/wp-json\/wp\/v2\/media\/455493"}],"wp:attachment":[{"href":"https:\/\/www.europesays.com\/fr\/wp-json\/wp\/v2\/media?parent=455492"}],"wp:term":[{"taxonomy":"category","embeddable":true,"href":"https:\/\/www.europesays.com\/fr\/wp-json\/wp\/v2\/categories?post=455492"},{"taxonomy":"post_tag","embeddable":true,"href":"https:\/\/www.europesays.com\/fr\/wp-json\/wp\/v2\/tags?post=455492"}],"curies":[{"name":"wp","href":"https:\/\/api.w.org\/{rel}","templated":true}]}}