{"id":455494,"date":"2025-10-11T17:06:12","date_gmt":"2025-10-11T17:06:12","guid":{"rendered":"https:\/\/www.europesays.com\/fr\/455494\/"},"modified":"2025-10-11T17:06:12","modified_gmt":"2025-10-11T17:06:12","slug":"michel-colombe-du-louvre-a-tours","status":"publish","type":"post","link":"https:\/\/www.europesays.com\/fr\/455494\/","title":{"rendered":"Michel Colombe, du Louvre \u00e0 Tours"},"content":{"rendered":"<p>Tours, Mus\u00e9e des Beaux-Arts, du 16 mai au 3 novembre 2025.<br class=\"autobr\"\/><br \/>\nL\u2019exposition se poursuit dans la cath\u00e9drale Saint-Gatien.<\/p>\n<dt>\n\t\t<a href=\"https:\/\/www.latribunedelart.com\/IMG\/jpg\/vue_expo_colombe_tours_3.jpg?76406\/1030533467f32b450130608e926d4a1f6356ddf349c27851d11435d7448cab9c\" title=\"\" type=\"image\/jpeg\" rel=\"nofollow noopener\" target=\"_blank\"><br \/>\n\t\t\t<img loading=\"lazy\" decoding=\"async\" src=\"https:\/\/www.europesays.com\/fr\/wp-content\/uploads\/2025\/10\/vue_expo_colombe_tours_3-fd001.jpg\" width=\"500\" height=\"332\" alt=\"\" itemprop=\"contentUrl\"\/><br \/>\n\t\t<\/a>\n\t<\/dt>\n<dd class=\"crayon document-descriptif-76406 spip_doc_descriptif\" style=\"width:350px;\" itemprop=\"description\">1. Vue de l\u2019exposition \u00ab\u00a0Renaissance d\u2019une \u0153uvre. La Vierge \u00e0 l\u2019Enfant de Michel Colombe\u00a0\u00bb au Mus\u00e9e des Beaux-Arts de Tours<br class=\"autobr\"\/><br \/>\nPhoto\u00a0: Ville de Tours\/F. Lafite\n<\/dd>\n<dd class=\"spip_doc_lien-galerie\">\n\t\t<a href=\"https:\/\/www.latribunedelart.com\/spip.php?page=docbig&amp;id_document=76406&amp;id_article=12807\" rel=\"nofollow noopener\" target=\"_blank\">Voir l\u00b4image dans sa page<\/a>\n\t<\/dd>\n<p>Justifi\u00e9e par la pr\u00e9sence de plusieurs \u0153uvres fragiles, cette pr\u00e9sentation ne nuit pas \u00e0 la sculpture, bien au contraire\u00a0: parfaitement contextualis\u00e9e, celle-ci m\u00e9rite m\u00eame tous nos \u00e9loges, l\u2019intelligente s\u00e9lection d\u2019\u0153uvres s\u2019accompagnant d\u2019une assez riche m\u00e9diation. On conseillera toutefois, \u00e0 nos lecteurs qui n\u2019auraient pas le temps d\u2019une escapade \u00e0 Tours, la parfaite conf\u00e9rence du cycle \u00ab\u00a0L\u2019\u0153uvre en sc\u00e8ne\u00a0\u00bb du Louvre, qui est <a href=\"https:\/\/www.louvre.fr\/louvreplus\/video-la-vierge-a-l-enfant-de-michel-colombe\" class=\"spip_out\" rel=\"external nofollow noopener\" target=\"_blank\">d\u00e9sormais disponible en ligne<\/a> avec tant d\u2019autres communications int\u00e9ressantes. Volontiers critique du grand mus\u00e9e parisien, nous ne manquons pas de saluer cette acquisition tout comme sa restauration et sa valorisation \u00e0 travers cette exposition. Faisant d\u2019abord appel aux collections de la r\u00e9gion, Tours a su concevoir un parcours\u2026<\/p>\n<p>Pour avoir acc\u00e8s \u00e0 ce contenu, vous devez vous abonner \u00e0 La Tribune de l\u2019Art. Les avantages et les conditions de cet abonnement, qui vous permettra par ailleurs de soutenir La Tribune de l\u2019Art, sont d\u00e9crits sur <a href=\"https:\/\/www.latribunedelart.com\/s-abonner\" rel=\"nofollow noopener\" target=\"_blank\">la page d\u2019abonnement<\/a>.<\/p>\n","protected":false},"excerpt":{"rendered":"Tours, Mus\u00e9e des Beaux-Arts, du 16 mai au 3 novembre 2025. L\u2019exposition se poursuit dans la cath\u00e9drale Saint-Gatien.&hellip;\n","protected":false},"author":2,"featured_media":455495,"comment_status":"","ping_status":"","sticky":false,"template":"","format":"standard","meta":{"footnotes":""},"categories":[1888],"tags":[11,1777,674,1011,27,12,626,25],"class_list":{"0":"post-455494","1":"post","2":"type-post","3":"status-publish","4":"format-standard","5":"has-post-thumbnail","7":"category-paris","8":"tag-actualites","9":"tag-eu","10":"tag-europe","11":"tag-fr","12":"tag-france","13":"tag-news","14":"tag-paris","15":"tag-republique-francaise"},"share_on_mastodon":{"url":"https:\/\/pubeurope.com\/@fr\/115356630587522646","error":""},"_links":{"self":[{"href":"https:\/\/www.europesays.com\/fr\/wp-json\/wp\/v2\/posts\/455494","targetHints":{"allow":["GET"]}}],"collection":[{"href":"https:\/\/www.europesays.com\/fr\/wp-json\/wp\/v2\/posts"}],"about":[{"href":"https:\/\/www.europesays.com\/fr\/wp-json\/wp\/v2\/types\/post"}],"author":[{"embeddable":true,"href":"https:\/\/www.europesays.com\/fr\/wp-json\/wp\/v2\/users\/2"}],"replies":[{"embeddable":true,"href":"https:\/\/www.europesays.com\/fr\/wp-json\/wp\/v2\/comments?post=455494"}],"version-history":[{"count":0,"href":"https:\/\/www.europesays.com\/fr\/wp-json\/wp\/v2\/posts\/455494\/revisions"}],"wp:featuredmedia":[{"embeddable":true,"href":"https:\/\/www.europesays.com\/fr\/wp-json\/wp\/v2\/media\/455495"}],"wp:attachment":[{"href":"https:\/\/www.europesays.com\/fr\/wp-json\/wp\/v2\/media?parent=455494"}],"wp:term":[{"taxonomy":"category","embeddable":true,"href":"https:\/\/www.europesays.com\/fr\/wp-json\/wp\/v2\/categories?post=455494"},{"taxonomy":"post_tag","embeddable":true,"href":"https:\/\/www.europesays.com\/fr\/wp-json\/wp\/v2\/tags?post=455494"}],"curies":[{"name":"wp","href":"https:\/\/api.w.org\/{rel}","templated":true}]}}