{"id":455498,"date":"2025-10-11T17:08:18","date_gmt":"2025-10-11T17:08:18","guid":{"rendered":"https:\/\/www.europesays.com\/fr\/455498\/"},"modified":"2025-10-11T17:08:18","modified_gmt":"2025-10-11T17:08:18","slug":"ukraine-zelensky-exhorte-trump-a-mettre-fin-a-la-guerre-comme-au-moyen-orient","status":"publish","type":"post","link":"https:\/\/www.europesays.com\/fr\/455498\/","title":{"rendered":"Ukraine\u00a0: Zelensky exhorte Trump \u00e0 mettre fin \u00e0 la guerre, comme \u00ab\u00a0au Moyen-Orient\u00a0\u00bb"},"content":{"rendered":"<p>Le pr\u00e9sident ukrainien Volodymyr Zelensky a exhort\u00e9 samedi son homologue am\u00e9ricain Donald Trump \u00e0 n\u00e9gocier la paix en Ukraine, <a href=\"https:\/\/www.letelegramme.fr\/monde\/direct-cessez-le-feu-a-gaza-des-milliers-de-personnes-sur-les-routes-plusieurs-zones-restent-extremement-dangereuses-6906549.php\" target=\"_blank\" rel=\"nofollow noopener\">apr\u00e8s \u00eatre parvenu \u00e0 un accord sur Gaza<\/a>, au moment o\u00f9 la Russie continue de bombarder le pays et son syst\u00e8me \u00e9nerg\u00e9tique. \u00ab Si une guerre peut \u00eatre arr\u00eat\u00e9e dans une r\u00e9gion, alors d\u2019autres guerres peuvent certainement aussi \u00eatre arr\u00eat\u00e9es, y compris la guerre men\u00e9e par la Russie \u00bb, a-t-il dit, apr\u00e8s un entretien t\u00e9l\u00e9phonique avec Donald Trump qu\u2019il a qualifi\u00e9 de \u00ab tr\u00e8s positif \u00bb.<\/p>\n<p>\u00ab Il doit y avoir une volont\u00e9 du c\u00f4t\u00e9 russe de s\u2019engager dans une v\u00e9ritable diplomatie &#8211; cela peut \u00eatre r\u00e9alis\u00e9 par la force \u00bb, a encore d\u00e9clar\u00e9 M. Zelensky. Donald Trump s\u2019est montr\u00e9 ces derni\u00e8res semaines de plus en plus frustr\u00e9 \u00e0 l\u2019\u00e9gard de Vladimir Poutine. Le pr\u00e9sident russe a r\u00e9cemment accus\u00e9 l\u2019Europe d\u2019emp\u00eacher un r\u00e8glement de la guerre en Ukraine et de mener \u00ab une escalade permanente \u00bb du conflit.<\/p>\n<p>Cet entretien t\u00e9l\u00e9phonique s\u2019est d\u00e9roul\u00e9 au lendemain de l\u2019un des plus importants <a href=\"https:\/\/www.letelegramme.fr\/monde\/des-attaques-de-missiles-et-drones-russes-tuent-un-enfant-dans-la-region-de-zaporijjia-et-privent-partiellement-kiev-delectricite-6906405.php\" target=\"_blank\" rel=\"nofollow noopener\">pilonnages russes du syst\u00e8me \u00e9nerg\u00e9tique ukrainien<\/a>, qui a plong\u00e9 dans le noir une grande partie de la capitale Kiev et neuf autres r\u00e9gions. \u00ab Nous avons discut\u00e9 des opportunit\u00e9s de renforcer notre d\u00e9fense a\u00e9rienne \u00bb, a dit le dirigeant ukrainien, sans plus de pr\u00e9cisions. Il avait appel\u00e9 vendredi les pays occidentaux \u00e0 renforcer leurs sanctions contre Moscou.<\/p>\n","protected":false},"excerpt":{"rendered":"Le pr\u00e9sident ukrainien Volodymyr Zelensky a exhort\u00e9 samedi son homologue am\u00e9ricain Donald Trump \u00e0 n\u00e9gocier la paix en&hellip;\n","protected":false},"author":2,"featured_media":455499,"comment_status":"","ping_status":"","sticky":false,"template":"","format":"standard","meta":{"footnotes":""},"categories":[1591],"tags":[11,765,1887,2069,74,12,1885,1886,132],"class_list":{"0":"post-455498","1":"post","2":"type-post","3":"status-publish","4":"format-standard","5":"has-post-thumbnail","7":"category-russie","8":"tag-actualites","9":"tag-en-continu","10":"tag-federation-de-russie","11":"tag-guerre-ukraine-russie","12":"tag-monde","13":"tag-news","14":"tag-russia","15":"tag-russian-federation","16":"tag-russie"},"share_on_mastodon":{"url":"https:\/\/pubeurope.com\/@fr\/115356637881480143","error":""},"_links":{"self":[{"href":"https:\/\/www.europesays.com\/fr\/wp-json\/wp\/v2\/posts\/455498","targetHints":{"allow":["GET"]}}],"collection":[{"href":"https:\/\/www.europesays.com\/fr\/wp-json\/wp\/v2\/posts"}],"about":[{"href":"https:\/\/www.europesays.com\/fr\/wp-json\/wp\/v2\/types\/post"}],"author":[{"embeddable":true,"href":"https:\/\/www.europesays.com\/fr\/wp-json\/wp\/v2\/users\/2"}],"replies":[{"embeddable":true,"href":"https:\/\/www.europesays.com\/fr\/wp-json\/wp\/v2\/comments?post=455498"}],"version-history":[{"count":0,"href":"https:\/\/www.europesays.com\/fr\/wp-json\/wp\/v2\/posts\/455498\/revisions"}],"wp:featuredmedia":[{"embeddable":true,"href":"https:\/\/www.europesays.com\/fr\/wp-json\/wp\/v2\/media\/455499"}],"wp:attachment":[{"href":"https:\/\/www.europesays.com\/fr\/wp-json\/wp\/v2\/media?parent=455498"}],"wp:term":[{"taxonomy":"category","embeddable":true,"href":"https:\/\/www.europesays.com\/fr\/wp-json\/wp\/v2\/categories?post=455498"},{"taxonomy":"post_tag","embeddable":true,"href":"https:\/\/www.europesays.com\/fr\/wp-json\/wp\/v2\/tags?post=455498"}],"curies":[{"name":"wp","href":"https:\/\/api.w.org\/{rel}","templated":true}]}}