{"id":455502,"date":"2025-10-11T17:10:21","date_gmt":"2025-10-11T17:10:21","guid":{"rendered":"https:\/\/www.europesays.com\/fr\/455502\/"},"modified":"2025-10-11T17:10:21","modified_gmt":"2025-10-11T17:10:21","slug":"trump-est-en-excellente-sante-selon-son-bulletin-medical","status":"publish","type":"post","link":"https:\/\/www.europesays.com\/fr\/455502\/","title":{"rendered":"Trump est en \u00ab\u00a0excellente sant\u00e9\u00a0\u00bb, selon son bulletin m\u00e9dical"},"content":{"rendered":"<p><a href=\"https:\/\/www.20minutes.fr\/dossier\/donald_trump\" class=\"c-link c-link--is-underlined\" target=\"_blank\" rel=\"noopener\">Donald Trump<\/a> est \u00ab\u00a0en excellente sant\u00e9\u00a0\u00bb, peut-on lire sur le bulletin m\u00e9dical du pr\u00e9sident am\u00e9ricain, publi\u00e9 vendredi apr\u00e8s une visite de routine.<\/p>\n<p>Ag\u00e9 de 79 ans, le r\u00e9publicain a effectu\u00e9 sa deuxi\u00e8me visite m\u00e9dicale depuis son retour \u00e0 la <a href=\"https:\/\/www.20minutes.fr\/dossier\/maison_blanche\" class=\"c-link c-link--is-underlined\" target=\"_blank\" rel=\"noopener\">Maison-Blanche<\/a> en janvier \u00e0 l\u2019h\u00f4pital militaire Walter Reed, proche de <a href=\"https:\/\/www.20minutes.fr\/dossier\/washington\" class=\"c-link c-link--is-underlined\" target=\"_blank\" rel=\"noopener\">Washington<\/a>. Durant cet examen, il a \u00e9t\u00e9 \u00e9tabli que son \u00e2ge cardiaque \u00e9tait \u00ab\u00a0d\u2019environ 14 ans plus jeune que son \u00e2ge chronologique\u00a0\u00bb, indique le bulletin de sant\u00e9 transmis par sa porte-parole.<\/p>\n<p>Rappel du vaccin contre le Covid-19<\/p>\n<p>\u00ab\u00a0Le pr\u00e9sident Donald Trump continue d\u2019avoir une sant\u00e9 exceptionnelle, avec de bonnes performances cardiovasculaires, pulmonaires, neurologiques et physiques\u00a0\u00bb, poursuit le document sign\u00e9 par le m\u00e9decin de la pr\u00e9sidence am\u00e9ricaine, Sean Barbabella.<\/p>\n<p>Il est \u00e9galement indiqu\u00e9 que le pr\u00e9sident a re\u00e7u un rappel du vaccin contre le <a href=\"https:\/\/www.20minutes.fr\/societe\/covid-19\/\" class=\"c-link c-link--is-underlined\" target=\"_blank\" rel=\"noopener\">Covid-19<\/a>, \u00ab\u00a0en vue d\u2019un d\u00e9placement international\u00a0\u00bb, alors que son ministre de la Sant\u00e9, RFK Jr., connu pour ses positions vaccinosceptiques, a restreint l\u2019acc\u00e8s aux vaccins contre le Covid-19.<\/p>\n<p>Cette \u00ab\u00a0visite m\u00e9dicale annuelle de routine\u00a0\u00bb, annonc\u00e9e mercredi par la Maison-Blanche, succ\u00e8de \u00e0 un examen de sant\u00e9 d\u00e9j\u00e0 effectu\u00e9 en avril par le r\u00e9publicain, lors duquel son m\u00e9decin l\u2019avait d\u00e9j\u00e0 jug\u00e9 en tr\u00e8s bonne sant\u00e9.<\/p>\n<p>Sp\u00e9culations sur sa sant\u00e9<\/p>\n<p>Donald Trump, pr\u00e9sident le plus \u00e2g\u00e9 \u00e0 avoir pr\u00eat\u00e9 serment aux Etats-Unis, n\u2019\u00e9chappe pas aux questions et sp\u00e9culations sur sa sant\u00e9, m\u00eame si elles sont loin d\u2019atteindre l\u2019intensit\u00e9 de celles pos\u00e9es pour son pr\u00e9d\u00e9cesseur, le d\u00e9mocrate <a href=\"https:\/\/www.20minutes.fr\/dossier\/joe_biden\" class=\"c-link c-link--is-underlined\" target=\"_blank\" rel=\"noopener\">Joe Biden<\/a>.<\/p>\n<\/p>\n<p>Le milliardaire a \u00e9t\u00e9 vu avec des h\u00e9matomes sur la main droite. Des photos r\u00e9centes le montrent avec une \u00e9paisse couche de maquillage \u00e0 cet endroit. La Maison-Blanche avait affirm\u00e9 en juillet que ces bleus \u00e9taient dus \u00e0 \u00ab\u00a0des serrages de main fr\u00e9quents\u00a0\u00bb et \u00e0 sa prise d\u2019aspirine comme traitement cardiovasculaire standard.<\/p>\n<p><a href=\"https:\/\/www.20minutes.fr\/dossier\/donald_trump\" class=\"c-link c-btn c-btn--primary\" target=\"_blank\" rel=\"noopener\">Notre dossier sur Donald Trump<\/a><\/p>\n<p>L\u2019ex\u00e9cutif am\u00e9ricain avait \u00e9galement r\u00e9v\u00e9l\u00e9 que Donald Trump souffrait <a href=\"https:\/\/www.20minutes.fr\/monde\/etats-unis\/4164210-20250718-etats-unis-insuffisance-veineuse-chronique-dont-souffre-donald-trump\" class=\"c-link c-link--is-underlined\" target=\"_blank\" rel=\"noopener\">d\u2019insuffisance veineuse chronique<\/a>, une affection r\u00e9pandue et b\u00e9nigne, se manifestant dans son cas notamment par des gonflements au niveau des chevilles.<\/p>\n","protected":false},"excerpt":{"rendered":"Donald Trump est \u00ab\u00a0en excellente sant\u00e9\u00a0\u00bb, peut-on lire sur le bulletin m\u00e9dical du pr\u00e9sident am\u00e9ricain, publi\u00e9 vendredi apr\u00e8s&hellip;\n","protected":false},"author":2,"featured_media":455503,"comment_status":"","ping_status":"","sticky":false,"template":"","format":"standard","meta":{"footnotes":""},"categories":[1589],"tags":[47,11,4357,75,73,1866,78,74,12,71,1864,1865,1863,308,2744],"class_list":{"0":"post-455502","1":"post","2":"type-post","3":"status-publish","4":"format-standard","5":"has-post-thumbnail","7":"category-etats-unis","8":"tag-actualite","9":"tag-actualites","10":"tag-covid-19","11":"tag-donald-trump","12":"tag-etats-unis","13":"tag-etats-unis-damerique","14":"tag-maison-blanche","15":"tag-monde","16":"tag-news","17":"tag-sante","18":"tag-united-states","19":"tag-united-states-of-america","20":"tag-us","21":"tag-usa","22":"tag-washington"},"share_on_mastodon":{"url":"https:\/\/pubeurope.com\/@fr\/115356645706267576","error":""},"_links":{"self":[{"href":"https:\/\/www.europesays.com\/fr\/wp-json\/wp\/v2\/posts\/455502","targetHints":{"allow":["GET"]}}],"collection":[{"href":"https:\/\/www.europesays.com\/fr\/wp-json\/wp\/v2\/posts"}],"about":[{"href":"https:\/\/www.europesays.com\/fr\/wp-json\/wp\/v2\/types\/post"}],"author":[{"embeddable":true,"href":"https:\/\/www.europesays.com\/fr\/wp-json\/wp\/v2\/users\/2"}],"replies":[{"embeddable":true,"href":"https:\/\/www.europesays.com\/fr\/wp-json\/wp\/v2\/comments?post=455502"}],"version-history":[{"count":0,"href":"https:\/\/www.europesays.com\/fr\/wp-json\/wp\/v2\/posts\/455502\/revisions"}],"wp:featuredmedia":[{"embeddable":true,"href":"https:\/\/www.europesays.com\/fr\/wp-json\/wp\/v2\/media\/455503"}],"wp:attachment":[{"href":"https:\/\/www.europesays.com\/fr\/wp-json\/wp\/v2\/media?parent=455502"}],"wp:term":[{"taxonomy":"category","embeddable":true,"href":"https:\/\/www.europesays.com\/fr\/wp-json\/wp\/v2\/categories?post=455502"},{"taxonomy":"post_tag","embeddable":true,"href":"https:\/\/www.europesays.com\/fr\/wp-json\/wp\/v2\/tags?post=455502"}],"curies":[{"name":"wp","href":"https:\/\/api.w.org\/{rel}","templated":true}]}}