{"id":455506,"date":"2025-10-11T17:12:21","date_gmt":"2025-10-11T17:12:21","guid":{"rendered":"https:\/\/www.europesays.com\/fr\/455506\/"},"modified":"2025-10-11T17:12:21","modified_gmt":"2025-10-11T17:12:21","slug":"plusieurs-blesses-par-balles-apres-des-tirs-sur-la-place-du-marche-de-giessen-en-allemagne","status":"publish","type":"post","link":"https:\/\/www.europesays.com\/fr\/455506\/","title":{"rendered":"Plusieurs bless\u00e9s par balles apr\u00e8s des tirs sur la place du march\u00e9 de Giessen en Allemagne"},"content":{"rendered":"<p>\n    Un homme a tir\u00e9 plusieurs coups de feu avant de prendre la fuite, dans cette ville du centre de l\u2019Allemagne. Selon la police cit\u00e9e par Bild, trois personnes auraient \u00e9t\u00e9 bless\u00e9es.<\/p>\n<p class=\"fig-paragraph\">Plusieurs personnes ont \u00e9t\u00e9 bless\u00e9es par balles \u00e0 Giessen (centre est de l\u2019<a href=\"http:\/\/www.lefigaro.fr\/international\/expulsions-de-migrants-l-allemagne-finalise-un-accord-avec-les-talibans-pour-renvoyer-des-demandeurs-d-asile-afghans-dans-leur-pays-d-origine-20251011\" data-fig-type=\"NewsFlash\" data-gtm-custom-categorie=\"navigation\" data-gtm-custom-action=\"crossclick\" data-gtm-custom-label=\"Contextuel\" data-gtm-event=\"customEventSPE\" data-fig-domain=\"LEFIGARO\" target=\"_blank\" rel=\"noopener\">Allemagne<\/a>) ce samedi apr\u00e8s-midi, a confirm\u00e9 la pr\u00e9fecture de police \u00e0 plusieurs m\u00e9dias allemands.<\/p>\n<p class=\"fig-paragraph\">\u00c0 15h10, un individu non identifi\u00e9 et toujours en fuite, a ouvert le feu sur d\u2019autres personnes dans un bureau de paris sportifs sur la place du march\u00e9 de la ville. Plusieurs d\u2019entre elles ont \u00e9t\u00e9 bless\u00e9es.<\/p>\n<p>                                    <a class=\"fig-a11y-skip a11y-hidden\" href=\"#fig-a11y-skip-main-inarticle\"><br \/>\n        Passer la publicit\u00e9<br \/>\n    <\/a><\/p>\n<p class=\"fig-paragraph\">La police recueille pour le moment des preuves sur place, dans la rue et \u00e0 l\u2019int\u00e9rieur du bureau de paris. Les acc\u00e8s \u00e0 la place du march\u00e9 ont \u00e9t\u00e9 partiellement boucl\u00e9s pour une dur\u00e9e ind\u00e9termin\u00e9e.<\/p>\n<p class=\"fig-paragraph\">La police estime toutefois qu\u2019en raison de la mani\u00e8re dont le crime a \u00e9t\u00e9 commis, il n\u2019y a pas de danger pour le public.<\/p>\n","protected":false},"excerpt":{"rendered":"Un homme a tir\u00e9 plusieurs coups de feu avant de prendre la fuite, dans cette ville du centre&hellip;\n","protected":false},"author":2,"featured_media":455507,"comment_status":"","ping_status":"","sticky":false,"template":"","format":"standard","meta":{"footnotes":""},"categories":[1587],"tags":[11,672,1804,1805,1803,1777,674,3832,1801,12,1802],"class_list":{"0":"post-455506","1":"post","2":"type-post","3":"status-publish","4":"format-standard","5":"has-post-thumbnail","7":"category-allemagne","8":"tag-actualites","9":"tag-allemagne","10":"tag-bundesrepublik-deutschland","11":"tag-de","12":"tag-deutschland","13":"tag-eu","14":"tag-europe","15":"tag-fusillade","16":"tag-germany","17":"tag-news","18":"tag-republique-federale-dallemagne"},"share_on_mastodon":{"url":"https:\/\/pubeurope.com\/@fr\/115356653610472087","error":""},"_links":{"self":[{"href":"https:\/\/www.europesays.com\/fr\/wp-json\/wp\/v2\/posts\/455506","targetHints":{"allow":["GET"]}}],"collection":[{"href":"https:\/\/www.europesays.com\/fr\/wp-json\/wp\/v2\/posts"}],"about":[{"href":"https:\/\/www.europesays.com\/fr\/wp-json\/wp\/v2\/types\/post"}],"author":[{"embeddable":true,"href":"https:\/\/www.europesays.com\/fr\/wp-json\/wp\/v2\/users\/2"}],"replies":[{"embeddable":true,"href":"https:\/\/www.europesays.com\/fr\/wp-json\/wp\/v2\/comments?post=455506"}],"version-history":[{"count":0,"href":"https:\/\/www.europesays.com\/fr\/wp-json\/wp\/v2\/posts\/455506\/revisions"}],"wp:featuredmedia":[{"embeddable":true,"href":"https:\/\/www.europesays.com\/fr\/wp-json\/wp\/v2\/media\/455507"}],"wp:attachment":[{"href":"https:\/\/www.europesays.com\/fr\/wp-json\/wp\/v2\/media?parent=455506"}],"wp:term":[{"taxonomy":"category","embeddable":true,"href":"https:\/\/www.europesays.com\/fr\/wp-json\/wp\/v2\/categories?post=455506"},{"taxonomy":"post_tag","embeddable":true,"href":"https:\/\/www.europesays.com\/fr\/wp-json\/wp\/v2\/tags?post=455506"}],"curies":[{"name":"wp","href":"https:\/\/api.w.org\/{rel}","templated":true}]}}