{"id":455510,"date":"2025-10-11T17:14:14","date_gmt":"2025-10-11T17:14:14","guid":{"rendered":"https:\/\/www.europesays.com\/fr\/455510\/"},"modified":"2025-10-11T17:14:14","modified_gmt":"2025-10-11T17:14:14","slug":"les-controles-biometriques-aux-frontieres-entrent-en-vigueur-ce-dimanche","status":"publish","type":"post","link":"https:\/\/www.europesays.com\/fr\/455510\/","title":{"rendered":"Les contr\u00f4les biom\u00e9triques aux fronti\u00e8res entrent en vigueur, ce dimanche"},"content":{"rendered":"<p>Dimanche 12\u00a0octobre entre en vigueur le nouveau syst\u00e8me d&rsquo;entr\u00e9e-sortie dans l&rsquo;espace Schengen. La France a pr\u00e9vu de d\u00e9ployer l&rsquo;Entry Exit System (EES) dans\u00a0120\u00a0sites\u00a0: ports, a\u00e9roports et gares internationales. Ce syst\u00e8me remplacera le tampon manuel sur le passeport par un enregistrement num\u00e9rique des voyageurs non europ\u00e9ens\u00a0: noms, num\u00e9ros de passeport, photo biom\u00e9trique de face et empreintes digitales de la main droite, conserv\u00e9s jusqu&rsquo;\u00e0 cinq ans. L&rsquo;objectif est de contr\u00f4ler 100\u00a0% des entr\u00e9es d&rsquo;ici \u00e0 six mois.\u00a0L&rsquo;EES \u00e9tait pr\u00e9vu en\u00a02024\u00a0mais a \u00e9t\u00e9 report\u00e9 apr\u00e8s les Jeux olympiques pour \u00e9viter d&rsquo;ajouter une contrainte.<\/p>\n<p>Ce nouveau syst\u00e8me concerne les voyageurs \u00e9trangers ressortissants de pays tiers qui se rendent dans l&rsquo;espace Schengen pour un court s\u00e9jour, c&rsquo;est-\u00e0-dire d&rsquo;une dur\u00e9e maximale de\u00a090\u00a0jours sur une p\u00e9riode de\u00a0180\u00a0jours, qu&rsquo;ils soient soumis ou non \u00e0 l&rsquo;obligation de d\u00e9tenir un visa.<\/p>\n<p>Des temps d&rsquo;attente \u00ab\u00a0plus longs\u00a0\u00bb<\/p>\n<p>Pour d\u00e9finir les voyageurs concern\u00e9s par l&rsquo;EES, il est plus simple de prendre en compte les voyageurs non concern\u00e9s, c&rsquo;est-\u00e0-dire les ressortissants de pays qui font partie de l&rsquo;espace Schengen \u00e9largi\u00a0: Allemagne, Autriche, Belgique, Bulgarie, Croatie, Danemark, Espagne, Estonie, Finlande, France, Gr\u00e8ce, Hongrie, Islande (hors UE), Italie, Lettonie, Liechtenstein (hors UE), Lituanie, Luxembourg, Malte, Norv\u00e8ge (hors UE), Pays-Bas, Pologne, Portugal, R\u00e9publique tch\u00e8que, Roumanie, Slovaquie, Slov\u00e9nie, Su\u00e8de, Suisse (hors UE).\u00a0Tous les autres pays de la plan\u00e8te sont concern\u00e9s. On note que les passagers des \u00c9tats-Unis, du Canada, du Maghreb, d&rsquo;Afrique de l&rsquo;Ouest,\u00a0etc., qui repr\u00e9sentent de gros flux dans les a\u00e9roports, sont astreints \u00e0 l&rsquo;EES.<\/p>\n<p> Ma\u00eetre d&rsquo;\u0153uvre, le minist\u00e8re de l&rsquo;Int\u00e9rieur reconna\u00eet que les temps d&rsquo;attente seront \u00ab\u00a0plus longs\u00a0\u00bb, dus \u00e0 la saisie, par les gardes-fronti\u00e8res, de nombreuses donn\u00e9es au lieu du coup de tampon actuel. Toutefois, des bornes de pr\u00e9enregistrement sont mises en place, limitant le r\u00f4le du fonctionnaire \u00e0 un contr\u00f4le des donn\u00e9es saisies par le voyageur.\u00a0En cas de saturation, il sera possible de suspendre temporairement la biom\u00e9trie pour revenir aux contr\u00f4les classiques.<\/p>\n<p>Le voyageur n&rsquo;aura \u00e0 effectuer l&rsquo;EES qu&rsquo;une fois lors de sa premi\u00e8re arriv\u00e9e dans l&rsquo;espace Schengen. Il sera automatiquement \u00ab\u00a0reconnu\u00a0\u00bb lors des voyages suivants.\u00a0Les points de passage frontaliers \u00e9quip\u00e9s des dispositifs de pr\u00e9-enregistrement EES sont des a\u00e9roports (Roissy-Charles-de-Gaulle, Orly, B\u00e2le-Mulhouse, Beauvais, Bordeaux, Lyon, Marseille, Montpellier, Nantes, Nice, Strasbourg, Toulouse), des gares (gare du Nord, Eurostar\u00a0; gare de St Pancras \u00e0 Londres, Eurostar\u00a0; Terminal de Coquelles en France, Eurotunnel\u00a0; Terminal de Folkestone au Royaume-Uni, Eurotunnel)\u00a0et des ports (Caen, Calais, Cherbourg, Dieppe, Douvres, Dunkerque, Le Havre, Marseille, Roscoff, Saint-Malo, S\u00e8te).<\/p>\n<p>Toute l\u2019actualit\u00e9 \u00e0 1\u20ac le premier mois<\/p>\n<p><a href=\"https:\/\/abo.lepoint.fr\/?provenance=21EDI020098\" class=\"btn\" title=\"S&#039;abonner\" data-gtm=\"click:abo|display:abo\" data-campaign=\"paywall_maison\" target=\"_blank\" rel=\"noopener\">S&rsquo;abonner<\/a><\/p>\n<p>ou<\/p>\n","protected":false},"excerpt":{"rendered":"Dimanche 12\u00a0octobre entre en vigueur le nouveau syst\u00e8me d&rsquo;entr\u00e9e-sortie dans l&rsquo;espace Schengen. La France a pr\u00e9vu de d\u00e9ployer&hellip;\n","protected":false},"author":2,"featured_media":455511,"comment_status":"","ping_status":"","sticky":false,"template":"","format":"standard","meta":{"footnotes":""},"categories":[1586],"tags":[11,1777,674,1779,1011,27,12,25,602,1778,364],"class_list":{"0":"post-455510","1":"post","2":"type-post","3":"status-publish","4":"format-standard","5":"has-post-thumbnail","7":"category-europe","8":"tag-actualites","9":"tag-eu","10":"tag-europe","11":"tag-european-union","12":"tag-fr","13":"tag-france","14":"tag-news","15":"tag-republique-francaise","16":"tag-tourisme","17":"tag-ue","18":"tag-union-europeenne"},"share_on_mastodon":{"url":"https:\/\/pubeurope.com\/@fr\/115356661472133753","error":""},"_links":{"self":[{"href":"https:\/\/www.europesays.com\/fr\/wp-json\/wp\/v2\/posts\/455510","targetHints":{"allow":["GET"]}}],"collection":[{"href":"https:\/\/www.europesays.com\/fr\/wp-json\/wp\/v2\/posts"}],"about":[{"href":"https:\/\/www.europesays.com\/fr\/wp-json\/wp\/v2\/types\/post"}],"author":[{"embeddable":true,"href":"https:\/\/www.europesays.com\/fr\/wp-json\/wp\/v2\/users\/2"}],"replies":[{"embeddable":true,"href":"https:\/\/www.europesays.com\/fr\/wp-json\/wp\/v2\/comments?post=455510"}],"version-history":[{"count":0,"href":"https:\/\/www.europesays.com\/fr\/wp-json\/wp\/v2\/posts\/455510\/revisions"}],"wp:featuredmedia":[{"embeddable":true,"href":"https:\/\/www.europesays.com\/fr\/wp-json\/wp\/v2\/media\/455511"}],"wp:attachment":[{"href":"https:\/\/www.europesays.com\/fr\/wp-json\/wp\/v2\/media?parent=455510"}],"wp:term":[{"taxonomy":"category","embeddable":true,"href":"https:\/\/www.europesays.com\/fr\/wp-json\/wp\/v2\/categories?post=455510"},{"taxonomy":"post_tag","embeddable":true,"href":"https:\/\/www.europesays.com\/fr\/wp-json\/wp\/v2\/tags?post=455510"}],"curies":[{"name":"wp","href":"https:\/\/api.w.org\/{rel}","templated":true}]}}