{"id":455515,"date":"2025-10-11T17:17:15","date_gmt":"2025-10-11T17:17:15","guid":{"rendered":"https:\/\/www.europesays.com\/fr\/455515\/"},"modified":"2025-10-11T17:17:15","modified_gmt":"2025-10-11T17:17:15","slug":"en-direct-football-coupe-de-france-suivez-laffiche-du-5e-tour-as-chatenoy","status":"publish","type":"post","link":"https:\/\/www.europesays.com\/fr\/455515\/","title":{"rendered":"En direct. Football\u00a0(Coupe de France)\u00a0: Suivez l\u2019affiche du 5e tour AS Ch\u00e2tenoy"},"content":{"rendered":"<p>&#13;<br \/>\n                                                    En direct&#13;<br \/>\n                        &#13;\n                                            <\/p>\n<p>Ce samedi, l\u2019AS Ch\u00e2tenoy accueille le DFCO, pensionnaire de National, au 5e tour de la Coupe de France. Autant dire un immense d\u00e9fi pour les Ch\u00e2tenoyens \u00e9voluant en R3 et donc s\u00e9par\u00e9s par cinq divisions avec les Dijonnais. L\u2019ASCR r\u00e9ussira-t-elle \u00e0 faire douter les Dijonnais\u00a0? D\u00e9but du direct \u00e0 19 heures et coup d\u2019envoi \u00e0 19h30.<\/p>\n<p>&#13;<br \/>\n              GM &#8211; &#13;<br \/>\n        &#13;<br \/>\n          Aujourd&rsquo;hui \u00e0 18:00&#13;<br \/>\n    &#13;<br \/>\n                  | mis \u00e0 jour aujourd&rsquo;hui \u00e0 19:16&#13;<br \/>\n              &#8211; Temps de lecture : &#13;<br \/>\n  &#13;\n<\/p>\n<p>                        &#13;<br \/>\n    &#13;<br \/>\n    &#13;<br \/>\n    <a href=\"https:\/\/cdn-s-www.lejsl.com\/images\/A73EF614-A6B3-45A1-9673-FB89D7743E9C\/NW_raw\/vainqueur-de-mellecey-mercurey-au-4e-tour-chatenoy-(en-blanc)-defie-le-dfco-pensionnaire-de-national-au-stade-du-treffort-ce-samedi-photo-p-monperrus-1760123298.jpg\" title=\"Vainqueur de Mellecey-Mercurey au 4e tour, Ch\u00e2tenoy (en blanc) d\u00e9fie le DFCO, pensionnaire de National, au stade du Treffort ce samedi. Photo P. Monperrus\" class=\"chocolat-image GA-tracking\" data-ga_type=\"click\" data-ga_category=\"D\u00e9tail\" data-ga_action=\"zoomer\" data-ga_label=\"aggrandir image\" target=\"_blank\" rel=\"noopener\">&#13;<br \/>\n        <img src=\"https:\/\/www.europesays.com\/fr\/wp-content\/uploads\/2025\/10\/vainqueur-de-mellecey-mercurey-au-4e-tour-chatenoy-(en-blanc)-defie-le-dfco-pensionnaire-de-national.jpeg\"   alt=\"Vainqueur de Mellecey-Mercurey au 4e tour, Ch\u00e2tenoy (en blanc) d\u00e9fie le DFCO, pensionnaire de National, au stade du Treffort ce samedi. Photo P. Monperrus\" fetchpriority=\"high\" decoding=\"async\" data-mobile=\"NW_detail_M|1760123298\" data-base=\"NW_detail|1760123298\"\/>&#13;<br \/>\n    <\/a>&#13;<\/p>\n<p>Vainqueur de Mellecey-Mercurey au 4e tour, Ch\u00e2tenoy (en blanc) d\u00e9fie le DFCO, pensionnaire de National, au stade du Treffort ce samedi. Photo P. Monperrus<\/p>\n","protected":false},"excerpt":{"rendered":"&#13; En direct&#13; &#13; Ce samedi, l\u2019AS Ch\u00e2tenoy accueille le DFCO, pensionnaire de National, au 5e tour de&hellip;\n","protected":false},"author":2,"featured_media":455516,"comment_status":"","ping_status":"","sticky":false,"template":"","format":"standard","meta":{"footnotes":""},"categories":[4],"tags":[11,11030,11031,58078,27018,15922,11032,107,1701,1795,63,1011,27,12,25,6003,517],"class_list":{"0":"post-455515","1":"post","2":"type-post","3":"status-publish","4":"format-standard","5":"has-post-thumbnail","7":"category-france","8":"tag-actualites","9":"tag-chalon","10":"tag-chalon-bassin","11":"tag-chatenoy-en-bresse","12":"tag-chatenoy-le-royal","13":"tag-coupe-de-france-de-football","14":"tag-edition-chalon-sur-saone","15":"tag-fil-info","16":"tag-fil-info-sport","17":"tag-fil-web","18":"tag-football","19":"tag-fr","20":"tag-france","21":"tag-news","22":"tag-republique-francaise","23":"tag-saone-et-loire","24":"tag-sport"},"share_on_mastodon":{"url":"https:\/\/pubeurope.com\/@fr\/115356673722676692","error":""},"_links":{"self":[{"href":"https:\/\/www.europesays.com\/fr\/wp-json\/wp\/v2\/posts\/455515","targetHints":{"allow":["GET"]}}],"collection":[{"href":"https:\/\/www.europesays.com\/fr\/wp-json\/wp\/v2\/posts"}],"about":[{"href":"https:\/\/www.europesays.com\/fr\/wp-json\/wp\/v2\/types\/post"}],"author":[{"embeddable":true,"href":"https:\/\/www.europesays.com\/fr\/wp-json\/wp\/v2\/users\/2"}],"replies":[{"embeddable":true,"href":"https:\/\/www.europesays.com\/fr\/wp-json\/wp\/v2\/comments?post=455515"}],"version-history":[{"count":0,"href":"https:\/\/www.europesays.com\/fr\/wp-json\/wp\/v2\/posts\/455515\/revisions"}],"wp:featuredmedia":[{"embeddable":true,"href":"https:\/\/www.europesays.com\/fr\/wp-json\/wp\/v2\/media\/455516"}],"wp:attachment":[{"href":"https:\/\/www.europesays.com\/fr\/wp-json\/wp\/v2\/media?parent=455515"}],"wp:term":[{"taxonomy":"category","embeddable":true,"href":"https:\/\/www.europesays.com\/fr\/wp-json\/wp\/v2\/categories?post=455515"},{"taxonomy":"post_tag","embeddable":true,"href":"https:\/\/www.europesays.com\/fr\/wp-json\/wp\/v2\/tags?post=455515"}],"curies":[{"name":"wp","href":"https:\/\/api.w.org\/{rel}","templated":true}]}}