{"id":455527,"date":"2025-10-11T17:26:11","date_gmt":"2025-10-11T17:26:11","guid":{"rendered":"https:\/\/www.europesays.com\/fr\/455527\/"},"modified":"2025-10-11T17:26:11","modified_gmt":"2025-10-11T17:26:11","slug":"corinne-diacre-reussit-ses-debuts-a-rodez-sur-le-banc-des-marseillaises","status":"publish","type":"post","link":"https:\/\/www.europesays.com\/fr\/455527\/","title":{"rendered":"Corinne Diacre r\u00e9ussit ses d\u00e9buts \u00e0 Rodez sur le banc des Marseillaises"},"content":{"rendered":"<p>Les Marseillaises se sont encore une fois appuy\u00e9es sur <a href=\"https:\/\/www.laprovence.com\/article\/om\/3216814915186614\/om-d1-feminine-avec-9-buts-en-autant-de-matches-mathilde-bourdieu-est-dans-une-forme-olympique\" target=\"_blank\" rel=\"nofollow noopener\">l\u2019in\u00e9vitable Mathilde Bourdieu<\/a>, qui a d\u00e9bloqu\u00e9 la situation au retour des vestiaires en signant son 13e but en autant de matches depuis son arriv\u00e9e en Provence (1-0, 49). Dans la foul\u00e9e, l\u2019Espagnole Marta Carro a inscrit son premier but sous les couleurs olympiennes (2-0, 51), et malgr\u00e9 la r\u00e9duction de l\u2019\u00e9cart ruth\u00e9noise \u00e0 l\u2019heure de jeu, l\u2019OM a su tenir le r\u00e9sultat jusqu\u2019au bout.<\/p>\n<p>\u00ab\u00a0Je suis satisfaite du r\u00e9sultat, la victoire, a appr\u00e9ci\u00e9 Corinne Diacre pour sa grande premi\u00e8re. On savait que le match ne serait pas facile, face \u00e0 une \u00e9quipe de 2e division forc\u00e9ment motiv\u00e9e de jouer contre nous. On a eu un peu de mal \u00e0 mettre notre jeu de place, notamment en premi\u00e8re p\u00e9riode. En revanche on a r\u00e9ussi \u00e0 trouver deux solutions sur les deux buts qu\u2019on marque en d\u00e9but de seconde p\u00e9riode, m\u00eame si on se fait surprendre sur la r\u00e9duction de l\u2019\u00e9cart juste apr\u00e8s. Je suis plut\u00f4t satisfaite du r\u00e9sultat, c\u2019est une certitude. Apr\u00e8s, sur le contenu, il y a de bonnes choses, mais aussi d\u2019autres \u00e0 travailler et \u00e0 peaufiner. Mais ce que je retiens, c\u2019est l\u2019\u00e9tat d\u2019esprit, toutes les joueuses \u00e9taient concern\u00e9es, m\u00eame celles qui n\u2019ont pas d\u00e9but\u00e9. C\u2019est une journ\u00e9e plut\u00f4t positive.\u00a0\u00bb<\/p>\n","protected":false},"excerpt":{"rendered":"Les Marseillaises se sont encore une fois appuy\u00e9es sur l\u2019in\u00e9vitable Mathilde Bourdieu, qui a d\u00e9bloqu\u00e9 la situation au&hellip;\n","protected":false},"author":2,"featured_media":455528,"comment_status":"","ping_status":"","sticky":false,"template":"","format":"standard","meta":{"footnotes":""},"categories":[1410],"tags":[17,58080,45068,58081,63,1011,27,149,11146,26119,2407,60],"class_list":{"0":"post-455527","1":"post","2":"type-post","3":"status-publish","4":"format-standard","5":"has-post-thumbnail","7":"category-football","8":"tag-17","9":"tag-corinne","10":"tag-debuts","11":"tag-diacre","12":"tag-football","13":"tag-fr","14":"tag-france","15":"tag-om","16":"tag-reussit","17":"tag-rodez","18":"tag-ses","19":"tag-sports"},"share_on_mastodon":{"url":"https:\/\/pubeurope.com\/@fr\/115356708692365680","error":""},"_links":{"self":[{"href":"https:\/\/www.europesays.com\/fr\/wp-json\/wp\/v2\/posts\/455527","targetHints":{"allow":["GET"]}}],"collection":[{"href":"https:\/\/www.europesays.com\/fr\/wp-json\/wp\/v2\/posts"}],"about":[{"href":"https:\/\/www.europesays.com\/fr\/wp-json\/wp\/v2\/types\/post"}],"author":[{"embeddable":true,"href":"https:\/\/www.europesays.com\/fr\/wp-json\/wp\/v2\/users\/2"}],"replies":[{"embeddable":true,"href":"https:\/\/www.europesays.com\/fr\/wp-json\/wp\/v2\/comments?post=455527"}],"version-history":[{"count":0,"href":"https:\/\/www.europesays.com\/fr\/wp-json\/wp\/v2\/posts\/455527\/revisions"}],"wp:featuredmedia":[{"embeddable":true,"href":"https:\/\/www.europesays.com\/fr\/wp-json\/wp\/v2\/media\/455528"}],"wp:attachment":[{"href":"https:\/\/www.europesays.com\/fr\/wp-json\/wp\/v2\/media?parent=455527"}],"wp:term":[{"taxonomy":"category","embeddable":true,"href":"https:\/\/www.europesays.com\/fr\/wp-json\/wp\/v2\/categories?post=455527"},{"taxonomy":"post_tag","embeddable":true,"href":"https:\/\/www.europesays.com\/fr\/wp-json\/wp\/v2\/tags?post=455527"}],"curies":[{"name":"wp","href":"https:\/\/api.w.org\/{rel}","templated":true}]}}