{"id":455529,"date":"2025-10-11T17:27:13","date_gmt":"2025-10-11T17:27:13","guid":{"rendered":"https:\/\/www.europesays.com\/fr\/455529\/"},"modified":"2025-10-11T17:27:13","modified_gmt":"2025-10-11T17:27:13","slug":"prince-william-le-mari-de-kate-middleton-va-bientot-senvoler-pour-le-bresil-en-compagnie-de-gisele-bundchen","status":"publish","type":"post","link":"https:\/\/www.europesays.com\/fr\/455529\/","title":{"rendered":"Prince William : le mari de Kate Middleton va bient\u00f4t s\u2019envoler pour le Br\u00e9sil en compagnie de\u2026 Gisele B\u00fcndchen !"},"content":{"rendered":"<p data-start=\"268\" data-end=\"459\">Dans quelques semaines, le<br \/>\nprince William s\u2019envolera pour le Br\u00e9sil. Alors que le mois de<br \/>\nnovembre est souvent morose en Angleterre, il profitera quant \u00e0 lui<br \/>\ndu soleil de l\u2019Am\u00e9rique latine. Mais en r\u00e9alit\u00e9, <a href=\"https:\/\/www.closermag.fr\/royautes\/william-et-kate-hypocrites-cette-annonce-sur-leur-nouvelle-maison-passe-tres-mal-3585775\" rel=\"nofollow noopener\" target=\"_blank\"><br \/>\nle mari de Kate Middleton<\/a> ne part pas en vacances : il s\u2019agit<br \/>\nd\u2019un d\u00e9placement professionnel. Et pour ce voyage, il sera en<br \/>\nexcellente compagnie, puisqu\u2019un ancien ange de Victoria\u2019s Secret<br \/>\nsera du voyage.<\/p>\n<p data-start=\"686\" data-end=\"1122\">Le prince William, 43 ans,<br \/>\ncontinue de multiplier les actions en faveur de la protection de<br \/>\nl\u2019environnement \u00e0 travers son prix Earthshot, qui r\u00e9compense chaque<br \/>\nann\u00e9e des projets innovants pour sauver la plan\u00e8te. Et pour cette<br \/>\ncinqui\u00e8me \u00e9dition, organis\u00e9e le 5 novembre prochain \u00e0 Rio de<br \/>\nJaneiro, il a trouv\u00e9 une alli\u00e9e de choix : la mannequin br\u00e9silienne<br \/>\nGisele B\u00fcndchen, qui rejoint officiellement le conseil du prix.<\/p>\n<p>Le prince William bient\u00f4t aux<br \/>\nc\u00f4t\u00e9s de Gisele B\u00fcndchen<\/p>\n<p data-start=\"1186\" data-end=\"1502\">Ic\u00f4ne de mode, militante<br \/>\n\u00e9cologiste et figure respect\u00e9e au Br\u00e9sil, Gisele apportera une<br \/>\ntouche de glamour \u00e0 cette c\u00e9r\u00e9monie qui s\u2019annonce d\u00e9j\u00e0 m\u00e9morable.<br \/>\nElle devient par ailleurs la premi\u00e8re Br\u00e9silienne \u00e0 si\u00e9ger<br \/>\n<strong>au conseil du prix Earthshot.<\/strong><\/p>\n<p data-start=\"1504\" data-end=\"2001\"><a href=\"https:\/\/www.closermag.fr\/people\/gisele-bundchen-maman-pour-la-troisieme-fois-lex-top-model-de-44-ans-pouponne-trois-ans-apres-son-divorce-3515473\" rel=\"nofollow noopener\" target=\"_blank\"><br \/>\nL\u2019ex-mannequin de Victoria\u2019s Secret<\/a> n\u2019est pas seulement<br \/>\n<strong>une ic\u00f4ne de mode.<\/strong> Depuis plusieurs ann\u00e9es<a href=\"https:\/\/www.closermag.fr\/people\/gisele-bundchen-la-mannequin-totalement-meconnaissable-en-une-de-vogue-pour-sa-premiere-apparition-depuis-son-divorce-1695152\" rel=\"nofollow noopener\" target=\"_blank\">,<br \/>\nGisele B\u00fcndchen<\/a> consacre une grande partie de son temps et de<br \/>\nsa fortune \u00e0 des projets environnementaux et humanitaires. \u00c0<br \/>\ntravers sa Fondation Luz, elle soutient des <strong>actions pour la<br \/>\ncondition f\u00e9minine<\/strong>, l\u2019\u00e9ducation et la pr\u00e9servation des<br \/>\n\u00e9cosyst\u00e8mes br\u00e9siliens. Elle est \u00e9galement engag\u00e9e dans la<br \/>\nreforestation, la protection de la faune et la sensibilisation \u00e0<br \/>\nl\u2019eau propre dans son pays natal.<\/p>\n<p>Gisele B\u00fcndchen engag\u00e9e dans la protection de l\u2019environnement<\/p>\n<p data-start=\"2072\" data-end=\"2490\">L\u00a0\u00bbarriv\u00e9e au conseil<br \/>\nd\u2019Earthshot de <a href=\"https:\/\/www.closermag.fr\/people\/gisele-bundchen-attend-son-troisieme-enfant-lex-de-tom-brady-enceinte-et-on-sait-qui-est-le-pere-3489650\" rel=\"nofollow noopener\" target=\"_blank\"><br \/>\nla m\u00e8re de trois enfants<\/a> a \u00e9t\u00e9 salu\u00e9e par Jason Knauf, PDG du<br \/>\nprix, qui n\u2019a pas manqu\u00e9 de faire son \u00e9loge, retranscrit par<br \/>\n<a href=\"https:\/\/people.com\/prince-william-gisele-bundchen-team-up-earthshot-prize-brazil-11827970\" target=\"_blank\" rel=\"nofollow noopener\">People<\/a> : \u00ab Son parcours unique en mati\u00e8re de leadership et de progr\u00e8s<br \/>\nenvironnemental. Sa passion et son engagement envers le mouvement<br \/>\nenvironnemental au Br\u00e9sil et au-del\u00e0, ainsi que son d\u00e9vouement \u00e0<br \/>\npromouvoir des solutions seront d&rsquo;<strong>une valeur inestimable<br \/>\npour notre mission.<\/strong> \u00bb<\/p>\n<p data-start=\"2492\" data-end=\"2761\">De son c\u00f4t\u00e9, <a href=\"https:\/\/www.closermag.fr\/people\/gisele-bundchen-divorcee-de-tom-brady-elle-soffre-une-maison-hors-de-prix-3260176\" rel=\"nofollow noopener\" target=\"_blank\"><br \/>\nGisele B\u00fcndchen est tr\u00e8s heureuse<\/a> de la confiance que le<br \/>\nconseil lui accorde : \u00ab La<br \/>\nprotection de la nature m&rsquo;a toujours tenu \u00e0 c\u0153ur et j&rsquo;ai vu le<br \/>\npouvoir des communaut\u00e9s mondiales se rassembler et soutenir<br \/>\nl&rsquo;innovation pour cr\u00e9er un r\u00e9el changement. \u00bb<\/p>\n","protected":false},"excerpt":{"rendered":"Dans quelques semaines, le prince William s\u2019envolera pour le Br\u00e9sil. Alors que le mois de novembre est souvent&hellip;\n","protected":false},"author":2,"featured_media":455530,"comment_status":"","ping_status":"","sticky":false,"template":"","format":"standard","meta":{"footnotes":""},"categories":[1359],"tags":[58,59,1011,27,973],"class_list":{"0":"post-455529","1":"post","2":"type-post","3":"status-publish","4":"format-standard","5":"has-post-thumbnail","7":"category-people","8":"tag-divertissement","9":"tag-entertainment","10":"tag-fr","11":"tag-france","12":"tag-people"},"share_on_mastodon":{"url":"https:\/\/pubeurope.com\/@fr\/115356712534890295","error":""},"_links":{"self":[{"href":"https:\/\/www.europesays.com\/fr\/wp-json\/wp\/v2\/posts\/455529","targetHints":{"allow":["GET"]}}],"collection":[{"href":"https:\/\/www.europesays.com\/fr\/wp-json\/wp\/v2\/posts"}],"about":[{"href":"https:\/\/www.europesays.com\/fr\/wp-json\/wp\/v2\/types\/post"}],"author":[{"embeddable":true,"href":"https:\/\/www.europesays.com\/fr\/wp-json\/wp\/v2\/users\/2"}],"replies":[{"embeddable":true,"href":"https:\/\/www.europesays.com\/fr\/wp-json\/wp\/v2\/comments?post=455529"}],"version-history":[{"count":0,"href":"https:\/\/www.europesays.com\/fr\/wp-json\/wp\/v2\/posts\/455529\/revisions"}],"wp:featuredmedia":[{"embeddable":true,"href":"https:\/\/www.europesays.com\/fr\/wp-json\/wp\/v2\/media\/455530"}],"wp:attachment":[{"href":"https:\/\/www.europesays.com\/fr\/wp-json\/wp\/v2\/media?parent=455529"}],"wp:term":[{"taxonomy":"category","embeddable":true,"href":"https:\/\/www.europesays.com\/fr\/wp-json\/wp\/v2\/categories?post=455529"},{"taxonomy":"post_tag","embeddable":true,"href":"https:\/\/www.europesays.com\/fr\/wp-json\/wp\/v2\/tags?post=455529"}],"curies":[{"name":"wp","href":"https:\/\/api.w.org\/{rel}","templated":true}]}}