{"id":455531,"date":"2025-10-11T17:28:18","date_gmt":"2025-10-11T17:28:18","guid":{"rendered":"https:\/\/www.europesays.com\/fr\/455531\/"},"modified":"2025-10-11T17:28:18","modified_gmt":"2025-10-11T17:28:18","slug":"les-oeuvres-joyeuses-de-ce-peintre-croate-qui-vit-depuis-50-ans-loin-de-son-pays-natal","status":"publish","type":"post","link":"https:\/\/www.europesays.com\/fr\/455531\/","title":{"rendered":"Les oeuvres joyeuses de ce peintre croate qui vit depuis 50 ans loin de son pays natal"},"content":{"rendered":"<p class=\"article__intro\">D&rsquo;origine croate, l&rsquo;artiste Nenad Levatic est install\u00e9 \u00e0 Haguenau (Bas-Rhin) depuis plus d&rsquo;un demi-si\u00e8cle. Il r\u00e9alise des peintures na\u00efves et \u00e9rotiques, mais aussi des sculptures et de la peinture sous verre. Portrait.<\/p>\n<p>\n      L\u2019actu des r\u00e9gions\n    <\/p>\n<p>\n      Chaque jour, un tour d\u2019horizon des principales infos de toutes les r\u00e9gions.\n    <\/p>\n<p>    France T\u00e9l\u00e9visions utilise votre adresse e-mail afin de vous envoyer la newsletter \u00ab\u00a0L\u2019actu des r\u00e9gions\u00a0\u00bb. Vous pouvez vous d\u00e9sinscrire \u00e0 tout moment via le lien en bas de cette newsletter. <a target=\"_blank\" href=\"https:\/\/www.francetelevisions.fr\/groupe\/confidentialite\/politique-de-confidentialite\/politique-de-confidentialite-de-france-televisions-6503\" rel=\"nofollow noopener\">Notre politique de confidentialit\u00e9<\/a><\/p>\n<p>Depuis plus de 50 ans, Nenad Levatic peint la vie comme il la sent avec ses collines inspir\u00e9es de sa Croatie natale, ses corps nus et ses couleurs franches. Un univers na\u00eff, ou \u00e9rotique, qui garde intacte la libert\u00e9 d&rsquo;un homme qui n&rsquo;a jamais cess\u00e9 de r\u00eaver.<\/p>\n<p>Pour la technique de la peinture sous verre, Neno, de son nom d&rsquo;artiste, r\u00e9alise ses \u0153uvres \u00e0 l&rsquo;envers, en commen\u00e7ant par les motifs au premier plan, auxquels il ajoute les arri\u00e8re-fonds dans un second temps. Une technique qu&rsquo;il a apprise dans son pays d&rsquo;origine. \u00ab\u00a0J&rsquo;ai travaill\u00e9 avec Generalic, un c\u00e9l\u00e8bre artiste na\u00eff croate. J&rsquo;ai aussi appris aupr\u00e8s de Rabuzin, qui a offert un livre \u00e0 mon \u00e9pouse pendant sa grossesse\u00a0\u00bb, confie-t-il.<\/p>\n<p>Aujourd&rsquo;hui, ce Haguenauvien d&rsquo;adoption parle parfaitement l&rsquo;alsacien. N\u00e9 dans la ville croate de Varazdin, pr\u00e8s de la fronti\u00e8re autrichienne, il est arriv\u00e9 dans la cit\u00e9 de Barberousse avec un groupe folklorique yougoslave, pour la f\u00eate du Houblon de 1969. \u00ab\u00a0Nous \u00e9tions invit\u00e9s dans un restaurant, se souvient-il. Ma future \u00e9pouse se trouvait \u00e0 l&rsquo;entr\u00e9e. C&rsquo;\u00e9tait notre premi\u00e8re rencontre et \u00e7a a fait boum.\u00a0\u00bb<\/p>\n<p>Et il est rest\u00e9. Mais non sans mal : \u00ab\u00a0Au d\u00e9but, j&rsquo;avais le mal du pays. Une fois par mois, je rentrais chez mes parents.\u00a0\u00bb En 53 ans d&rsquo;allers-retours, il assure avec parcouru \u00ab\u00a01\u00a0million 200\u00a0000 kilom\u00e8tres.\u00a0\u00bb<\/p>\n<p>Les premi\u00e8res ann\u00e9es, ses peintures, dont beaucoup sous verre, repr\u00e9sentent principalement des paysages, et des sc\u00e8nes rurales na\u00efves. \u00ab\u00a0Ce sont des souvenirs de Croatie, explique-t-il. Quand j&rsquo;avais 12 ou 13 ans, je passais mes vacances chez des paysans. Je me souviens des chats et de tout le travail manuel agricole d&rsquo;autrefois.\u00a0\u00bb<\/p>\n<p><a data-article-figure=\"\" href=\"https:\/\/france3-regions.franceinfo.fr\/image\/SrAj4wyoh6Bi8RZVZwZUzzVtrKU\/1920x1080\/regions\/2025\/10\/09\/rund-um-portrait-peintre-croate-sh-00-01-47-10-68e7deb367a11012011088.jpg\" data-pswp-width=\"1920\" data-pswp-height=\"1080\" target=\"_blank\" rel=\"nofollow noopener\"><\/p>\n<p>          <img width=\"600\" height=\"400\" class=\"article-image lazy\" data-src=\"https:\/\/www.europesays.com\/fr\/wp-content\/uploads\/2025\/10\/rund-um-portrait-peintre-croate-sh-00-01-47-10-68e7deb367a11012011088.jpg\" alt=\"Une peinture inspir\u00e9e des souvenirs de sa jeunesse en Croatie\" fetchpriority=\"high\" as=\"image\"\/><\/p>\n<p>\n            Une peinture inspir\u00e9e des souvenirs de sa jeunesse en Croatie<br \/>\n                           \u2022<br \/>\n                                      \u00a9 Cathy Huber \/ France T\u00e9l\u00e9visions\n                      <\/p>\n<p><\/a><\/p>\n<p>Ensuite, Nemo s&rsquo;est sp\u00e9cialis\u00e9 dans des motifs de nus. \u00ab\u00a0Lors de mes expos, on m&rsquo;a souvent demand\u00e9 pourquoi je ne peignais pas de femmes nues. Alors j&rsquo;ai commenc\u00e9 &#8230; une fois, puis plusieurs, jusqu&rsquo;\u00e0 cr\u00e9er des s\u00e9ries.\u00a0\u00bb Et au fil du temps, il a explor\u00e9 une peinture plus abstraite, mais toujours aux couleurs lumineuses.<\/p>\n<p>A Haguenau, bon nombre de ses \u0153uvres, peintures et petites sculptures, sont visibles dans les locaux de l&rsquo;h\u00f4tel-restaurant Les Pins. \u00ab\u00a0Je dois bien en avoir une quarantaine, pr\u00e9cise Eric Fuchs, le directeur de l&rsquo;\u00e9tablissement. Je connais Neno depuis quarante ans. Ses peintures d\u00e9gagent de la joie, de la lumi\u00e8re, et ses couleurs sont magnifiques. L&rsquo;homme a du caract\u00e8re, et son art aussi. Chez lui, tout est vrai.\u00a0\u00bb<\/p>\n<p>Mais aujourd&rsquo;hui, Nenad Levatic n&rsquo;expose plus. \u00ab\u00a0Mon \u00e9pouse n&rsquo;est plus \u00e0 la maison, c&rsquo;est elle qui organisait tout\u00a0\u00bb explique-t-il sobrement.<\/p>\n<p>\u00a0<\/p>\n<p>\u00a0<\/p>\n<p>\u00a0<\/p>\n<p>\u00a0<\/p>\n<p>\u00a0<\/p>\n<p>\u00a0<\/p>\n<p>Cathy Huber, son : Bertrand Vigier, \u00a0Xavier Chatel, Olivier Schaditzki<\/p>\n<p>\u00a0<\/p>\n","protected":false},"excerpt":{"rendered":"D&rsquo;origine croate, l&rsquo;artiste Nenad Levatic est install\u00e9 \u00e0 Haguenau (Bas-Rhin) depuis plus d&rsquo;un demi-si\u00e8cle. Il r\u00e9alise des peintures&hellip;\n","protected":false},"author":2,"featured_media":455532,"comment_status":"","ping_status":"","sticky":false,"template":"","format":"standard","meta":{"footnotes":""},"categories":[1358],"tags":[1348,1384,1385,1386,58,59,1011,27],"class_list":{"0":"post-455531","1":"post","2":"type-post","3":"status-publish","4":"format-standard","5":"has-post-thumbnail","7":"category-arts-et-design","8":"tag-arts","9":"tag-arts-and-design","10":"tag-arts-et-design","11":"tag-design","12":"tag-divertissement","13":"tag-entertainment","14":"tag-fr","15":"tag-france"},"share_on_mastodon":{"url":"https:\/\/pubeurope.com\/@fr\/115356716564646047","error":""},"_links":{"self":[{"href":"https:\/\/www.europesays.com\/fr\/wp-json\/wp\/v2\/posts\/455531","targetHints":{"allow":["GET"]}}],"collection":[{"href":"https:\/\/www.europesays.com\/fr\/wp-json\/wp\/v2\/posts"}],"about":[{"href":"https:\/\/www.europesays.com\/fr\/wp-json\/wp\/v2\/types\/post"}],"author":[{"embeddable":true,"href":"https:\/\/www.europesays.com\/fr\/wp-json\/wp\/v2\/users\/2"}],"replies":[{"embeddable":true,"href":"https:\/\/www.europesays.com\/fr\/wp-json\/wp\/v2\/comments?post=455531"}],"version-history":[{"count":0,"href":"https:\/\/www.europesays.com\/fr\/wp-json\/wp\/v2\/posts\/455531\/revisions"}],"wp:featuredmedia":[{"embeddable":true,"href":"https:\/\/www.europesays.com\/fr\/wp-json\/wp\/v2\/media\/455532"}],"wp:attachment":[{"href":"https:\/\/www.europesays.com\/fr\/wp-json\/wp\/v2\/media?parent=455531"}],"wp:term":[{"taxonomy":"category","embeddable":true,"href":"https:\/\/www.europesays.com\/fr\/wp-json\/wp\/v2\/categories?post=455531"},{"taxonomy":"post_tag","embeddable":true,"href":"https:\/\/www.europesays.com\/fr\/wp-json\/wp\/v2\/tags?post=455531"}],"curies":[{"name":"wp","href":"https:\/\/api.w.org\/{rel}","templated":true}]}}