{"id":455533,"date":"2025-10-11T17:29:17","date_gmt":"2025-10-11T17:29:17","guid":{"rendered":"https:\/\/www.europesays.com\/fr\/455533\/"},"modified":"2025-10-11T17:29:17","modified_gmt":"2025-10-11T17:29:17","slug":"les-fantomes-de-lurss-de-javier-sebastian-alexei-ivanov-et-bernard-lecomte","status":"publish","type":"post","link":"https:\/\/www.europesays.com\/fr\/455533\/","title":{"rendered":"les fant\u00f4mes de l\u2019URSS de Javier Sebastian, Alexe\u00ef Ivanov et Bernard Lecomte"},"content":{"rendered":"<p>                         <img loading=\"lazy\" decoding=\"async\" src=\"https:\/\/www.europesays.com\/fr\/wp-content\/uploads\/2025\/10\/7f944ed_upload-1-gx70ehzglcml-poches-10-10.jpg\" alt=\"\"   width=\"664\" height=\"443\"\/>                  <\/p>\n<p class=\"catcher__desc\">\u00ab\u00a0Le Cycliste de Tchernobyl\u00a0\u00bb (El ciclista de Chernobil), de Javier Sebastian, traduit de l\u2019espagnol par Fran\u00e7ois Gaudry, M\u00e9taili\u00e9, \u00ab\u00a0Suites\u00a0\u00bb, 222\u00a0p., 11\u00a0\u20ac.<\/p>\n<p class=\"catcher__desc\">\u00ab\u00a0Le Dernier Afghan\u00a0\u00bb (Nenaste), d\u2019Alexe\u00ef Ivanov, traduit du russe par Rapha\u00eblle Pache, \u00ab\u00a0Rivages\/Noir\u00a0\u00bb, 752\u00a0p., 12\u00a0\u20ac.<\/p>\n<p class=\"catcher__desc\">\u00ab\u00a0Le KGB\u00a0\u00bb, de Bernard Lecomte, Tempus, 396\u00a0p., 9\u00a0\u20ac.<\/p>\n<p class=\"article__paragraph  \"><strong>A quoi peuvent bien ressembler les anges de l\u2019Apocalypse\u00a0?<\/strong> Quelles silhouettes leur pr\u00eater, quels traits leur conf\u00e9rer, qui soient \u00e0 la mesure de leur soudaine et r\u00e9v\u00e9latrice d\u00e9mesure eschatologique\u00a0? En\u00a01920, le peintre Paul Klee (1879-1940), au c\u0153ur d\u2019<a href=\"https:\/\/www.imj.org.il\/en\/collections\/199799-0\" target=\"_blank\" rel=\"noopener nofollow\" title=\"Nouvelle fen\u00eatre\">une aquarelle<\/a> dont <a href=\"https:\/\/www.lemonde.fr\/livres\/article\/2023\/03\/04\/sur-le-concept-d-histoire-walter-benjamin-en-six-versions_6164173_3260.html\" target=\"_blank\" rel=\"noopener nofollow\" title=\"Nouvelle fen\u00eatre\">Walter Benjamin fera une ex\u00e9g\u00e8se mythique<\/a>, en fait un \u00eatre aux dents chahut\u00e9es et aux\u00a0ailes d\u00e9ploy\u00e9es, \u00e9carquillant deux yeux immenses et terroris\u00e9s sur ce champ de ruines amoncel\u00e9es qu\u2019est l\u2019histoire humaine.<\/p>\n<p class=\"article__paragraph  \">En\u00a02011, au fil du Cycliste de Tchernobyl, roman de l\u2019\u00e9crivain aragonais Javier Sebastian, c\u2019est une tout autre figure d\u2019ange qui \u00e9merge du d\u00e9sastre\u00a0: celle de Vassia, corps us\u00e9 sous protection d\u2019une double couche de manteaux aux cols relev\u00e9s, sillonnant \u00e0 bicyclette, talonn\u00e9 par des meutes de chiens errants, la cit\u00e9 ukrainienne de Pripiat, ville que l\u2019\u00ab\u00a0incident\u00a0\u00bb de <a href=\"https:\/\/www.lemonde.fr\/tchernobyl\/)\" rel=\"nofollow noopener\" target=\"_blank\">Tchernobyl<\/a>, survenu \u00e0 3\u00a0kilom\u00e8tres, le 26\u00a0avril\u00a01986, a quasi vid\u00e9e de toute vie et rendue, pour toujours, fant\u00f4me. Revenu sur place vivre avec les rares \u00e0 y subsister, il se d\u00e9pense, \u00e0 l\u2019image de son mod\u00e8le historique, le physicien <a href=\"https:\/\/www.lemonde.fr\/disparitions\/article\/2008\/08\/30\/vassili-nesterenko_1089655_3382.html\" rel=\"nofollow noopener\" target=\"_blank\">Vassili Nesterenko (1934-2008)<\/a>, en actions d\u2019urgence humanitaires.<\/p>\n<p class=\"reading-mode-only \"><strong>Il vous reste 57.61% de cet article \u00e0 lire. La suite est r\u00e9serv\u00e9e aux abonn\u00e9s.<\/strong><\/p>\n","protected":false},"excerpt":{"rendered":"\u00ab\u00a0Le Cycliste de Tchernobyl\u00a0\u00bb (El ciclista de Chernobil), de Javier Sebastian, traduit de l\u2019espagnol par Fran\u00e7ois Gaudry, M\u00e9taili\u00e9,&hellip;\n","protected":false},"author":2,"featured_media":455534,"comment_status":"","ping_status":"","sticky":false,"template":"","format":"standard","meta":{"footnotes":""},"categories":[1357],"tags":[1379,58,59,1011,27,1380],"class_list":{"0":"post-455533","1":"post","2":"type-post","3":"status-publish","4":"format-standard","5":"has-post-thumbnail","7":"category-livres","8":"tag-books","9":"tag-divertissement","10":"tag-entertainment","11":"tag-fr","12":"tag-france","13":"tag-livres"},"share_on_mastodon":{"url":"https:\/\/pubeurope.com\/@fr\/115356721172886823","error":""},"_links":{"self":[{"href":"https:\/\/www.europesays.com\/fr\/wp-json\/wp\/v2\/posts\/455533","targetHints":{"allow":["GET"]}}],"collection":[{"href":"https:\/\/www.europesays.com\/fr\/wp-json\/wp\/v2\/posts"}],"about":[{"href":"https:\/\/www.europesays.com\/fr\/wp-json\/wp\/v2\/types\/post"}],"author":[{"embeddable":true,"href":"https:\/\/www.europesays.com\/fr\/wp-json\/wp\/v2\/users\/2"}],"replies":[{"embeddable":true,"href":"https:\/\/www.europesays.com\/fr\/wp-json\/wp\/v2\/comments?post=455533"}],"version-history":[{"count":0,"href":"https:\/\/www.europesays.com\/fr\/wp-json\/wp\/v2\/posts\/455533\/revisions"}],"wp:featuredmedia":[{"embeddable":true,"href":"https:\/\/www.europesays.com\/fr\/wp-json\/wp\/v2\/media\/455534"}],"wp:attachment":[{"href":"https:\/\/www.europesays.com\/fr\/wp-json\/wp\/v2\/media?parent=455533"}],"wp:term":[{"taxonomy":"category","embeddable":true,"href":"https:\/\/www.europesays.com\/fr\/wp-json\/wp\/v2\/categories?post=455533"},{"taxonomy":"post_tag","embeddable":true,"href":"https:\/\/www.europesays.com\/fr\/wp-json\/wp\/v2\/tags?post=455533"}],"curies":[{"name":"wp","href":"https:\/\/api.w.org\/{rel}","templated":true}]}}